{"id":1020,"date":"2020-10-01T14:54:44","date_gmt":"2020-10-01T14:54:44","guid":{"rendered":"https:\/\/www.ssvoonkbih.ba\/?p=1020"},"modified":"2020-10-01T14:54:44","modified_gmt":"2020-10-01T14:54:44","slug":"cestitka-05-oktobar-dan-nastavnika","status":"publish","type":"post","link":"https:\/\/www.ssvoonkbih.ba\/?p=1020","title":{"rendered":"\u010cestitka &#8211; 05. oktobar Dan nastavnika"},"content":{"rendered":"\r\n<div class=\"wp-block-image\">\r\n<figure class=\"aligncenter size-large\"><img loading=\"lazy\" decoding=\"async\" width=\"800\" height=\"451\" class=\"wp-image-316\" src=\"https:\/\/www.ssvoonkbih.ba\/wp-content\/uploads\/2019\/04\/Dan-nastavnika.png\" alt=\"\" srcset=\"https:\/\/www.ssvoonkbih.ba\/wp-content\/uploads\/2019\/04\/Dan-nastavnika.png 800w, https:\/\/www.ssvoonkbih.ba\/wp-content\/uploads\/2019\/04\/Dan-nastavnika-300x169.png 300w, https:\/\/www.ssvoonkbih.ba\/wp-content\/uploads\/2019\/04\/Dan-nastavnika-768x433.png 768w\" sizes=\"auto, (max-width: 800px) 100vw, 800px\" \/><\/figure>\r\n<\/div>\r\n\r\n\r\n\r\n<p>Po\u0161tovane kolegice i kolege!<\/p>\r\n\r\n\r\n\r\n<p>Koristim priliku da vam se u ime organa na\u0161eg Sindikata obratim i \u010destitam 5.oktobar -Svjetski dan nastavnika.<\/p>\r\n\r\n\r\n\r\n<p>\u00a0\u00a0\u00a0Cjelokupna situacija oko krize izazvane pandemijom COVID-19 je prije svega izazov na koji su radnici u obrazovanju odgovorili hrabro, odlu\u010dno i nadasve odgovorno. Optere\u0107eni, prije svega, nedostatkom informacija na osnovu kojih bi se mogla uraditi kvalitetna predikcija stanja, zatim o\u010dekivanjem roditelja i cjelokupne dru\u0161tvene zajednice, nedostatkom opreme i vremena za kvalitetnu edukaciju za rad sa novim alatima, strahom za svoje, ali i za zdravlje na\u0161ih najbli\u017eih i na\u0161ih u\u010denika, odlu\u010dno smo zauzeli stajali\u0161te da na po\u010detku krize na\u0111emo na\u010dina da zavr\u0161imo zapo\u010detu \u0161kolsku godinu, a onda da se na adekvatan na\u010din pripremimo za po\u010detak nove \u0161kolske godine.<\/p>\r\n\r\n\r\n\r\n<p>\u00a0\u00a0\u00a0Svjesni da direktan kontakt sa u\u010denicima nema alternativu, prihvatili smo svedru\u0161tveno stajali\u0161te da u\u010denici moraju nazad u \u0161kole. Naravno, imali smo i imamo svoje zahtjeve koji se prije svega odnose na, od strane nadle\u017enih organa, propisane precizne epidemiolo\u0161ke mjere, zatim protokole o postupanju, osiguranje neophodno potrebnih sredstava, \u00a0kao i insistiranje da se propisanih mjera moraju pridr\u017eavati svi u zajednici.<\/p>\r\n\r\n\r\n\r\n<p>\u00a0\u00a0\u00a0\u0160kolska godina je zapo\u010dela sa sli\u010dnim modalitetima organizacije nastave u cijeloj BiH i zasad se pokazalo kao sigurna za zdravlje i u\u010denika i radnika u obrazovanju. Me\u0111utim, i dalje se mora insistirati na dosljednom po\u0161tovanju svih propisanih mjera i osiguranju potrebnih sredstava kako bi zadr\u017eali postoje\u0107e stanje sigurnosti po zdravlje. \u00a0<\/p>\r\n\r\n\r\n\r\n<p>\u00a0\u00a0Ne mo\u017eemo a da ne konstatiramo da su radnici u obrazovanju u ovoj krizi zaista, kao i puno puta do sada, pokazali odlu\u010dnost da vode procese i na taj na\u010din direktno kreiraju budu\u0107nost.<\/p>\r\n\r\n\r\n\r\n<p>\u00a0\u00a0Ne tra\u017eimo i ne o\u010dekujemo aplauze i hvalospjeve, ali zahtijevamo po\u0161tovanje koje se ne ogleda kroz lijepe rije\u010di na zna\u010dajne datume, nego kroz sna\u017ean i sadr\u017eajan socijalni dijalog koji \u0107e rezultirati odr\u017eivim javnim investiranjem u obrazovanje, a na taj na\u010din bolji ekonomski polo\u017eaj radnika, stalnu edukaciju i bolje uslove rada.<\/p>\r\n\r\n\r\n\r\n<p>U \u017eelji za zdravljem, prije svega, \u010destitamo 5. oktobar &#8211; Svjetski dan nastavnika!<\/p>\r\n\r\n\r\n\r\n<p>S po\u0161tovanjem, \u00a0\u00a0\u00a0\u00a0\u00a0\u00a0\u00a0\u00a0\u00a0\u00a0\u00a0\u00a0\u00a0\u00a0\u00a0\u00a0\u00a0\u00a0\u00a0\u00a0\u00a0\u00a0\u00a0\u00a0\u00a0\u00a0\u00a0\u00a0\u00a0\u00a0\u00a0\u00a0\u00a0\u00a0\u00a0\u00a0\u00a0\u00a0\u00a0\u00a0\u00a0\u00a0\u00a0\u00a0\u00a0\u00a0\u00a0\u00a0\u00a0\u00a0\u00a0\u00a0\u00a0\u00a0\u00a0\u00a0\u00a0\u00a0\u00a0\u00a0\u00a0\u00a0\u00a0\u00a0\u00a0\u00a0\u00a0\u00a0\u00a0\u00a0\u00a0\u00a0\u00a0\u00a0\u00a0\u00a0\u00a0\u00a0\u00a0\u00a0\u00a0\u00a0<\/p>\r\n\r\n\r\n\r\n<p>\u00a0\u00a0\u00a0\u00a0\u00a0\u00a0\u00a0\u00a0\u00a0\u00a0\u00a0\u00a0\u00a0\u00a0\u00a0\u00a0\u00a0\u00a0\u00a0\u00a0\u00a0\u00a0\u00a0\u00a0\u00a0\u00a0\u00a0\u00a0\u00a0\u00a0\u00a0\u00a0\u00a0\u00a0\u00a0\u00a0\u00a0\u00a0\u00a0\u00a0\u00a0\u00a0\u00a0\u00a0\u00a0\u00a0\u00a0\u00a0\u00a0\u00a0\u00a0\u00a0\u00a0\u00a0\u00a0\u00a0\u00a0\u00a0\u00a0\u00a0\u00a0\u00a0\u00a0\u00a0\u00a0\u00a0\u00a0\u00a0\u00a0\u00a0\u00a0\u00a0\u00a0\u00a0\u00a0\u00a0\u00a0\u00a0\u00a0\u00a0\u00a0\u00a0\u00a0\u00a0\u00a0\u00a0\u00a0\u00a0\u00a0\u00a0\u00a0\u00a0\u00a0\u00a0\u00a0\u00a0\u00a0\u00a0\u00a0\u00a0\u00a0\u00a0\u00a0\u00a0Predsjednik SSVOONK BiH<\/p>\r\n\r\n\r\n\r\n<p>\u00a0\u00a0\u00a0\u00a0\u00a0\u00a0\u00a0\u00a0\u00a0\u00a0\u00a0\u00a0\u00a0\u00a0\u00a0\u00a0\u00a0\u00a0\u00a0\u00a0\u00a0\u00a0\u00a0\u00a0\u00a0\u00a0\u00a0\u00a0\u00a0\u00a0\u00a0\u00a0\u00a0\u00a0\u00a0\u00a0\u00a0\u00a0\u00a0\u00a0\u00a0\u00a0\u00a0\u00a0\u00a0\u00a0\u00a0\u00a0\u00a0\u00a0\u00a0\u00a0\u00a0\u00a0\u00a0\u00a0\u00a0\u00a0\u00a0\u00a0\u00a0\u00a0\u00a0\u00a0\u00a0\u00a0\u00a0\u00a0\u00a0\u00a0\u00a0\u00a0\u00a0\u00a0\u00a0\u00a0\u00a0\u00a0\u00a0\u00a0\u00a0\u00a0\u00a0\u00a0\u00a0\u00a0\u00a0\u00a0\u00a0\u00a0\u00a0\u00a0\u00a0\u00a0\u00a0\u00a0\u00a0\u00a0\u00a0\u00a0\u00a0\u00a0\u00a0\u00a0\u00a0\u00a0\u00a0\u00a0\u00a0\u00a0\u00a0dr.sc. Admir Terzi\u0107, s.r.<\/p>\r\n\r\n\r\n\r\n<p>&nbsp;<\/p>\r\n\r\n\r\n\r\n<p class=\"wp-block-gdm-google-drive-embedder-viewer\">[google-drive-embed url=&#8221;https:\/\/drive.google.com\/file\/d\/1nAqnxv8SOyAI1U1c8K1aLo0tybuPQ6Ha\/preview?usp=drivesdk&#8221; title=&#8221;\u010cESTITKA &#8211; Dan u\u010ditelja.pdf&#8221; icon=&#8221;https:\/\/drive-thirdparty.googleusercontent.com\/16\/type\/application\/pdf&#8221; width=&#8221;100%&#8221; height=&#8221;1000&#8243; style=&#8221;embed&#8221;]<\/p>\r\n","protected":false},"excerpt":{"rendered":"<p>Cjelokupna situacija oko krize izazvane pandemijom COVID-19 je prije svega izazov na koji su radnici u obrazovanju odgovorili hrabro, odlu\u010dno i nadasve odgovorno. <\/p>\n","protected":false},"author":1,"featured_media":316,"comment_status":"closed","ping_status":"closed","sticky":false,"template":"","format":"standard","meta":{"jetpack_post_was_ever_published":false,"_jetpack_newsletter_access":"","_jetpack_dont_email_post_to_subs":false,"_jetpack_newsletter_tier_id":0,"_jetpack_memberships_contains_paywalled_content":false,"_jetpack_memberships_contains_paid_content":false,"footnotes":"","jetpack_publicize_message":"","jetpack_publicize_feature_enabled":true,"jetpack_social_post_already_shared":true,"jetpack_social_options":{"image_generator_settings":{"template":"highway","default_image_id":0,"font":"","enabled":false},"version":2}},"categories":[1,24],"tags":[],"class_list":["post-1020","post","type-post","status-publish","format-standard","has-post-thumbnail","hentry","category-aktualnosti","category-cestitke"],"jetpack_publicize_connections":[],"jetpack_featured_media_url":"https:\/\/www.ssvoonkbih.ba\/wp-content\/uploads\/2019\/04\/Dan-nastavnika.png","jetpack_sharing_enabled":true,"jetpack_shortlink":"https:\/\/wp.me\/paRAHh-gs","_links":{"self":[{"href":"https:\/\/www.ssvoonkbih.ba\/index.php?rest_route=\/wp\/v2\/posts\/1020","targetHints":{"allow":["GET"]}}],"collection":[{"href":"https:\/\/www.ssvoonkbih.ba\/index.php?rest_route=\/wp\/v2\/posts"}],"about":[{"href":"https:\/\/www.ssvoonkbih.ba\/index.php?rest_route=\/wp\/v2\/types\/post"}],"author":[{"embeddable":true,"href":"https:\/\/www.ssvoonkbih.ba\/index.php?rest_route=\/wp\/v2\/users\/1"}],"replies":[{"embeddable":true,"href":"https:\/\/www.ssvoonkbih.ba\/index.php?rest_route=%2Fwp%2Fv2%2Fcomments&post=1020"}],"version-history":[{"count":3,"href":"https:\/\/www.ssvoonkbih.ba\/index.php?rest_route=\/wp\/v2\/posts\/1020\/revisions"}],"predecessor-version":[{"id":1023,"href":"https:\/\/www.ssvoonkbih.ba\/index.php?rest_route=\/wp\/v2\/posts\/1020\/revisions\/1023"}],"wp:featuredmedia":[{"embeddable":true,"href":"https:\/\/www.ssvoonkbih.ba\/index.php?rest_route=\/wp\/v2\/media\/316"}],"wp:attachment":[{"href":"https:\/\/www.ssvoonkbih.ba\/index.php?rest_route=%2Fwp%2Fv2%2Fmedia&parent=1020"}],"wp:term":[{"taxonomy":"category","embeddable":true,"href":"https:\/\/www.ssvoonkbih.ba\/index.php?rest_route=%2Fwp%2Fv2%2Fcategories&post=1020"},{"taxonomy":"post_tag","embeddable":true,"href":"https:\/\/www.ssvoonkbih.ba\/index.php?rest_route=%2Fwp%2Fv2%2Ftags&post=1020"}],"curies":[{"name":"wp","href":"https:\/\/api.w.org\/{rel}","templated":true}]}}