{"id":1141,"date":"2021-03-05T17:17:57","date_gmt":"2021-03-05T17:17:57","guid":{"rendered":"https:\/\/www.ssvoonkbih.ba\/?p=1141"},"modified":"2021-03-05T17:18:00","modified_gmt":"2021-03-05T17:18:00","slug":"8-mart-dan-zena-2","status":"publish","type":"post","link":"https:\/\/www.ssvoonkbih.ba\/?p=1141","title":{"rendered":"8. mart \u2013 Dan \u017eena"},"content":{"rendered":"\n<div class=\"wp-block-image\"><figure class=\"aligncenter size-large\"><img loading=\"lazy\" decoding=\"async\" width=\"1000\" height=\"700\" src=\"https:\/\/www.ssvoonkbih.ba\/wp-content\/uploads\/2019\/04\/Dan-zena2016.jpg\" alt=\"\" class=\"wp-image-473\" srcset=\"https:\/\/www.ssvoonkbih.ba\/wp-content\/uploads\/2019\/04\/Dan-zena2016.jpg 1000w, https:\/\/www.ssvoonkbih.ba\/wp-content\/uploads\/2019\/04\/Dan-zena2016-300x210.jpg 300w, https:\/\/www.ssvoonkbih.ba\/wp-content\/uploads\/2019\/04\/Dan-zena2016-768x538.jpg 768w\" sizes=\"auto, (max-width: 1000px) 100vw, 1000px\" \/><\/figure><\/div>\n\n\n\n<p>Svim kolegicama, \u010dlanicama na\u0161eg sindikata, kao i svim \u017eenama Bosne i Hercegovine, \u010destitamo 08. mart \u2013 Dan \u017eena!<\/p>\n\n\n\n<p>Predsjednik SSVOONKBiH-a<\/p>\n\n\n\n<p>Dr. Admir Terzi\u0107<\/p>\n","protected":false},"excerpt":{"rendered":"<p>Svim kolegicama, \u010dlanicama na\u0161eg sindikata, kao i svim \u017eenama Bosne i Hercegovine, \u010destitamo 08. mart \u2013 Dan \u017eena! Predsjednik SSVOONKBiH-a Dr. Admir Terzi\u0107<\/p>\n","protected":false},"author":1,"featured_media":309,"comment_status":"closed","ping_status":"closed","sticky":false,"template":"","format":"standard","meta":{"jetpack_post_was_ever_published":false,"_jetpack_newsletter_access":"","_jetpack_dont_email_post_to_subs":false,"_jetpack_newsletter_tier_id":0,"_jetpack_memberships_contains_paywalled_content":false,"_jetpack_memberships_contains_paid_content":false,"footnotes":"","jetpack_publicize_message":"","jetpack_publicize_feature_enabled":true,"jetpack_social_post_already_shared":true,"jetpack_social_options":{"image_generator_settings":{"template":"highway","default_image_id":0,"font":"","enabled":false},"version":2}},"categories":[1,24],"tags":[115,33],"class_list":["post-1141","post","type-post","status-publish","format-standard","has-post-thumbnail","hentry","category-aktualnosti","category-cestitke","tag-8-mart","tag-dan-zena"],"jetpack_publicize_connections":[],"jetpack_featured_media_url":"https:\/\/www.ssvoonkbih.ba\/wp-content\/uploads\/2019\/04\/dan-zena-8.mart_.jpg","jetpack_sharing_enabled":true,"jetpack_shortlink":"https:\/\/wp.me\/paRAHh-ip","_links":{"self":[{"href":"https:\/\/www.ssvoonkbih.ba\/index.php?rest_route=\/wp\/v2\/posts\/1141","targetHints":{"allow":["GET"]}}],"collection":[{"href":"https:\/\/www.ssvoonkbih.ba\/index.php?rest_route=\/wp\/v2\/posts"}],"about":[{"href":"https:\/\/www.ssvoonkbih.ba\/index.php?rest_route=\/wp\/v2\/types\/post"}],"author":[{"embeddable":true,"href":"https:\/\/www.ssvoonkbih.ba\/index.php?rest_route=\/wp\/v2\/users\/1"}],"replies":[{"embeddable":true,"href":"https:\/\/www.ssvoonkbih.ba\/index.php?rest_route=%2Fwp%2Fv2%2Fcomments&post=1141"}],"version-history":[{"count":1,"href":"https:\/\/www.ssvoonkbih.ba\/index.php?rest_route=\/wp\/v2\/posts\/1141\/revisions"}],"predecessor-version":[{"id":1142,"href":"https:\/\/www.ssvoonkbih.ba\/index.php?rest_route=\/wp\/v2\/posts\/1141\/revisions\/1142"}],"wp:featuredmedia":[{"embeddable":true,"href":"https:\/\/www.ssvoonkbih.ba\/index.php?rest_route=\/wp\/v2\/media\/309"}],"wp:attachment":[{"href":"https:\/\/www.ssvoonkbih.ba\/index.php?rest_route=%2Fwp%2Fv2%2Fmedia&parent=1141"}],"wp:term":[{"taxonomy":"category","embeddable":true,"href":"https:\/\/www.ssvoonkbih.ba\/index.php?rest_route=%2Fwp%2Fv2%2Fcategories&post=1141"},{"taxonomy":"post_tag","embeddable":true,"href":"https:\/\/www.ssvoonkbih.ba\/index.php?rest_route=%2Fwp%2Fv2%2Ftags&post=1141"}],"curies":[{"name":"wp","href":"https:\/\/api.w.org\/{rel}","templated":true}]}}