{"id":1175,"date":"2021-04-30T09:10:00","date_gmt":"2021-04-30T09:10:00","guid":{"rendered":"https:\/\/www.ssvoonkbih.ba\/?p=1175"},"modified":"2021-04-29T08:14:09","modified_gmt":"2021-04-29T08:14:09","slug":"cestitka-za-1-maj-2021-godine","status":"publish","type":"post","link":"https:\/\/www.ssvoonkbih.ba\/?p=1175","title":{"rendered":"\u010cestitka za 1. maj 2021. godine"},"content":{"rendered":"\n<div class=\"wp-block-image\"><figure class=\"aligncenter size-large\"><img loading=\"lazy\" decoding=\"async\" width=\"736\" height=\"420\" src=\"https:\/\/www.ssvoonkbih.ba\/wp-content\/uploads\/2021\/04\/1.maj_cestitka1.jpg\" alt=\"\" class=\"wp-image-1176\" srcset=\"https:\/\/www.ssvoonkbih.ba\/wp-content\/uploads\/2021\/04\/1.maj_cestitka1.jpg 736w, https:\/\/www.ssvoonkbih.ba\/wp-content\/uploads\/2021\/04\/1.maj_cestitka1-300x171.jpg 300w\" sizes=\"auto, (max-width: 736px) 100vw, 736px\" \/><\/figure><\/div>\n\n\n\n<p class=\"has-text-align-center\">U ime Sindikata srednjeg i visokog obrazovanja,<\/p>\n\n\n\n<p class=\"has-text-align-center\">odgoja, nauke i kulture BiH<\/p>\n\n\n\n<p class=\"has-text-align-center\">i u svoje li\u010dno ime upu\u0107ujem vam iskrene \u010destitke povodom<\/p>\n\n\n\n<p class=\"has-text-align-center\">1.maja \u2013 Me\u0111unarodnog praznika rada<\/p>\n\n\n\n<p class=\"has-text-align-center\">Admir Terzi\u0107, predsjednik<\/p>\n\n\n\n<p class=\"wp-block-gdm-google-drive-embedder-viewer\">[google-drive-embed url=&#8221;https:\/\/drive.google.com\/file\/d\/1Lv8iRr4G13ptMUKiBmsvGn1KxXtVrOQS\/preview?usp=drivesdk&#8221; title=&#8221;\u010cestitka 1.maj_2021.pdf&#8221; icon=&#8221;https:\/\/drive-thirdparty.googleusercontent.com\/16\/type\/application\/pdf&#8221; width=&#8221;100%&#8221; height=&#8221;1000&#8243; style=&#8221;embed&#8221;]<\/p>\n","protected":false},"excerpt":{"rendered":"<p>U ime Sindikata srednjeg i visokog obrazovanja, odgoja, nauke i kulture BiH i u svoje li\u010dno ime upu\u0107ujem vam iskrene \u010destitke povodom 1.maja \u2013 Me\u0111unarodnog praznika rada Admir Terzi\u0107, predsjednik<\/p>\n","protected":false},"author":1,"featured_media":1176,"comment_status":"closed","ping_status":"closed","sticky":false,"template":"","format":"standard","meta":{"jetpack_post_was_ever_published":false,"_jetpack_newsletter_access":"","_jetpack_dont_email_post_to_subs":false,"_jetpack_newsletter_tier_id":0,"_jetpack_memberships_contains_paywalled_content":false,"_jetpack_memberships_contains_paid_content":false,"footnotes":"","jetpack_publicize_message":"","jetpack_publicize_feature_enabled":true,"jetpack_social_post_already_shared":true,"jetpack_social_options":{"image_generator_settings":{"template":"highway","default_image_id":0,"font":"","enabled":false},"version":2}},"categories":[1,24],"tags":[73,74],"class_list":["post-1175","post","type-post","status-publish","format-standard","has-post-thumbnail","hentry","category-aktualnosti","category-cestitke","tag-01-maj","tag-praznik-rada"],"jetpack_publicize_connections":[],"jetpack_featured_media_url":"https:\/\/www.ssvoonkbih.ba\/wp-content\/uploads\/2021\/04\/1.maj_cestitka1.jpg","jetpack_sharing_enabled":true,"jetpack_shortlink":"https:\/\/wp.me\/paRAHh-iX","_links":{"self":[{"href":"https:\/\/www.ssvoonkbih.ba\/index.php?rest_route=\/wp\/v2\/posts\/1175","targetHints":{"allow":["GET"]}}],"collection":[{"href":"https:\/\/www.ssvoonkbih.ba\/index.php?rest_route=\/wp\/v2\/posts"}],"about":[{"href":"https:\/\/www.ssvoonkbih.ba\/index.php?rest_route=\/wp\/v2\/types\/post"}],"author":[{"embeddable":true,"href":"https:\/\/www.ssvoonkbih.ba\/index.php?rest_route=\/wp\/v2\/users\/1"}],"replies":[{"embeddable":true,"href":"https:\/\/www.ssvoonkbih.ba\/index.php?rest_route=%2Fwp%2Fv2%2Fcomments&post=1175"}],"version-history":[{"count":1,"href":"https:\/\/www.ssvoonkbih.ba\/index.php?rest_route=\/wp\/v2\/posts\/1175\/revisions"}],"predecessor-version":[{"id":1177,"href":"https:\/\/www.ssvoonkbih.ba\/index.php?rest_route=\/wp\/v2\/posts\/1175\/revisions\/1177"}],"wp:featuredmedia":[{"embeddable":true,"href":"https:\/\/www.ssvoonkbih.ba\/index.php?rest_route=\/wp\/v2\/media\/1176"}],"wp:attachment":[{"href":"https:\/\/www.ssvoonkbih.ba\/index.php?rest_route=%2Fwp%2Fv2%2Fmedia&parent=1175"}],"wp:term":[{"taxonomy":"category","embeddable":true,"href":"https:\/\/www.ssvoonkbih.ba\/index.php?rest_route=%2Fwp%2Fv2%2Fcategories&post=1175"},{"taxonomy":"post_tag","embeddable":true,"href":"https:\/\/www.ssvoonkbih.ba\/index.php?rest_route=%2Fwp%2Fv2%2Ftags&post=1175"}],"curies":[{"name":"wp","href":"https:\/\/api.w.org\/{rel}","templated":true}]}}