{"id":1256,"date":"2021-09-28T10:48:37","date_gmt":"2021-09-28T10:48:37","guid":{"rendered":"https:\/\/www.ssvoonkbih.ba\/?p=1256"},"modified":"2021-09-28T10:48:40","modified_gmt":"2021-09-28T10:48:40","slug":"nastavnik-u-srcu-oporavka-obrazovanja","status":"publish","type":"post","link":"https:\/\/www.ssvoonkbih.ba\/?p=1256","title":{"rendered":"Nastavnik u srcu oporavka obrazovanja"},"content":{"rendered":"\n<p>Po\u0161tovane kolegice i kolege,<\/p>\n\n\n\n<p>Education Internacional, na\u0161a krovna organizacija ove godine 5.oktobar- Dan nastavnika obilje\u017eava pod motom \u201eNastavnici u srcu oporavka obrazovanja\u201c.<\/p>\n\n\n\n<p>&nbsp;Nakon jedne od najte\u017eih godina u na\u0161em \u017eivotu, ovog 5. oktobra odvojit \u0107emo vrijeme da se okupimo i prepoznamo ogroman gubitak radnika u obrazovanju koji je izazvala pandemija. Svi smo izgubili kolege, prijatelje i kolege sindikalce.<\/p>\n\n\n\n<p>Okupit \u0107emo se&nbsp; kako bismo se sjetili i odali po\u010dast onima koje smo izgubili i koji su zauvijek prisutni u na\u0161im mislima.<\/p>\n\n\n\n<p>&nbsp;Danas \u0107e nam uputiti \u010destitke, izme\u0111u ostalih, ministri, premijeri, gradona\u010delnici . U njihovim \u010destitkama godinama se nalaze iste re\u010denice.<\/p>\n\n\n\n<p>&nbsp;\u201eVa\u0161a uloga u dru\u0161tvu je od posebnog zna\u010daja, jer na\u0161a djeca u kojima je budu\u0107nost, od Vas dobijaju znanja kako bi ih preto\u010dili u bolje sutra za sve nas\u201c \u2013 ka\u017eu.<\/p>\n\n\n\n<p>Zahvaljuju nam na svemu \u0161to \u010dinimo za bolju budu\u0107nost djece.<\/p>\n\n\n\n<p>Ka\u017eu da je obrazovanje na&nbsp; vrhu ljestvice prioriteta.<\/p>\n\n\n\n<p>Ka\u017eu da je na\u0161 poziv jedan od najte\u017eih i najplemenitijih, da je ulaganje u obrazovanje ulaganje u budu\u0107nost i da smo poslije roditelja oni koji oblikuju budu\u0107nost na\u0161e zemlje.<\/p>\n\n\n\n<p>Koliko nastavnici danas mogu re\u0107i da se osje\u0107aju tako i da su bitni u na\u0161em dru\u0161tvu? Koliko mogu re\u0107i da ih drugi tako vide? Koliko smo cijenjeni i po\u0161tovani? Ili smo na margini na\u0161eg dru\u0161tva, danas vi\u0161e nego ikada ranije?<\/p>\n\n\n\n<p>I kada nam ka\u017eu da je danas dan kada je prilika da se uka\u017ee na vrijednost na\u0161eg rada i da je taj rad jedan od najva\u017enijih za razvoj svakog dru\u0161tva, re\u0107i \u0107emo im da je svaki dan prilika da se to ka\u017ee. Re\u0107i \u0107emo im da na\u0161a profesija stvara sve druge profesije i da su pandemija i zatvaranje \u0161kola, pokazali koliko smo bitni. I da mi znamo da smo bitni.<\/p>\n\n\n\n<p>Re\u0107i \u0107emo im da se odnos prema obrazovanju i onima koji na svojim le\u0111ima taj proces formiranja mladog \u010dovjeka nose, mora promijeniti. Svijetu o\u010dajni\u010dki trebaju nastavnici. Neki su preminuli od virusa, neki napustili ili planiraju napustiti profesiju zbog bolje pla\u0107enih i manje stresnih poslova. Treba da znaju da se nastavnici ne smiju&nbsp; optere\u0107ivati, potcjenjivati i potpla\u0107ivati. Da bi se svijet izgradio, oni moraju biti podr\u017eani i osna\u017eeni da vode oporavak u obrazovanju. Vlade moraju ulagati u nastavnike, njihov status i uslove rada. Mi nismo najve\u0107i \u201epotro\u0161a\u010di\u201c bud\u017eeta, mi smo najbolja investicija. Neka nam djelima, a ne samo \u010destitkama na dana\u0161nji dan, poka\u017eu da to znaju i da nas i na\u0161 poziv istinski cijene.<\/p>\n\n\n\n<p>A do tada, po\u0161tovane kolegice i kolege, morat \u0107emo se boriti sami, tra\u017ee\u0107i pravi status u dru\u0161tvu, bolje pla\u0107e i uslove rada, koje bi nam trebali dati jer, kako nam reko\u0161e u \u010destitkama \u2013\u201eObrazovanje je na vrhu ljestvice prioriteta.\u201c<\/p>\n\n\n\n<p>Nakon ovog i ovakvog obrazovnog razdoblja, nadamo se da \u0107e nam ovaj 5. oktobar, na\u0161 dan, pomo\u0107i da prona\u0111emo utjehu i snagu jedni u drugima, da zajedno mo\u017eemo nastaviti s promjenama koje na\u0161i \u010dlanovi i zaslu\u017euju. U vremenu kada se od nas najvi\u0161e tra\u017ei, a istovremeno malo daje, vremenu u kojem umjesto \u201edru\u0161tva znanja\u201c postajemo \u201edru\u0161tvo razo\u010darenja\u201c u kojem mladi sa po\u0161teno ste\u010denim diplomama odlaze, a budu\u0107nost nam grade oni koji ih nemaju ili su ih kupili, mi moramo biti snaga promjene, snaga koja \u0107e voditi oporavak u obrazovanju i re\u0107i glasno:\u201c Ne poma\u017eu\u0107i nama koji obrazujemo, odma\u017ee se i nara\u0161tajima kojima svijet ostavljamo.<\/p>\n\n\n\n<p>Po\u0161tovani nastavnici, mi smo srce obrazovnog sistema koje, kad stane, stane sve.<\/p>\n\n\n\n<p>Budimo svjesni toga i &#8230;<\/p>\n\n\n\n<p><\/p>\n\n\n\n<p class=\"has-text-align-center\"><strong>SRETAN NAM 5. OKTOBAR \u2013 NA\u0160 DAN!<\/strong><\/p>\n\n\n\n<p class=\"has-text-align-left\">PREDSJEDNIK<\/p>\n\n\n\n<p class=\"has-text-align-left\">dr.sc Admir Terzi\u0107,s.r<\/p>\n\n\n\n<p><\/p>\n\n\n\n<p>Link na <a href=\"https:\/\/drive.google.com\/file\/d\/1MZ5n_U4EslSfVbB-yJ4sTEcDRlROnvq_\/view?usp=sharing\" target=\"_blank\" rel=\"noreferrer noopener\">pismo<\/a>.<\/p>\n\n\n\n<p class=\"wp-block-gdm-google-drive-embedder-viewer\">[google-drive-embed url=&#8221;https:\/\/drive.google.com\/file\/d\/1MZ5n_U4EslSfVbB-yJ4sTEcDRlROnvq_\/preview?usp=drivesdk&#8221; title=&#8221;Pismo povodom 5. oktobra 2021..pdf&#8221; icon=&#8221;https:\/\/drive-thirdparty.googleusercontent.com\/16\/type\/application\/pdf&#8221; width=&#8221;100%&#8221; height=&#8221;1000&#8243; style=&#8221;embed&#8221;]<\/p>\n","protected":false},"excerpt":{"rendered":"<p>Po\u0161tovane kolegice i kolege, Education Internacional, na\u0161a krovna organizacija ove godine 5.oktobar- Dan nastavnika obilje\u017eava pod motom \u201eNastavnici u srcu oporavka obrazovanja\u201c. &nbsp;Nakon jedne od najte\u017eih godina u na\u0161em \u017eivotu, ovog 5. oktobra odvojit&#46;&#46;&#46;<\/p>\n","protected":false},"author":1,"featured_media":316,"comment_status":"closed","ping_status":"closed","sticky":false,"template":"","format":"standard","meta":{"jetpack_post_was_ever_published":false,"_jetpack_newsletter_access":"","_jetpack_dont_email_post_to_subs":false,"_jetpack_newsletter_tier_id":0,"_jetpack_memberships_contains_paywalled_content":false,"_jetpack_memberships_contains_paid_content":false,"footnotes":"","jetpack_publicize_message":"","jetpack_publicize_feature_enabled":true,"jetpack_social_post_already_shared":true,"jetpack_social_options":{"image_generator_settings":{"template":"highway","default_image_id":0,"font":"","enabled":false},"version":2}},"categories":[1,24],"tags":[],"class_list":["post-1256","post","type-post","status-publish","format-standard","has-post-thumbnail","hentry","category-aktualnosti","category-cestitke"],"jetpack_publicize_connections":[],"jetpack_featured_media_url":"https:\/\/www.ssvoonkbih.ba\/wp-content\/uploads\/2019\/04\/Dan-nastavnika.png","jetpack_sharing_enabled":true,"jetpack_shortlink":"https:\/\/wp.me\/paRAHh-kg","_links":{"self":[{"href":"https:\/\/www.ssvoonkbih.ba\/index.php?rest_route=\/wp\/v2\/posts\/1256","targetHints":{"allow":["GET"]}}],"collection":[{"href":"https:\/\/www.ssvoonkbih.ba\/index.php?rest_route=\/wp\/v2\/posts"}],"about":[{"href":"https:\/\/www.ssvoonkbih.ba\/index.php?rest_route=\/wp\/v2\/types\/post"}],"author":[{"embeddable":true,"href":"https:\/\/www.ssvoonkbih.ba\/index.php?rest_route=\/wp\/v2\/users\/1"}],"replies":[{"embeddable":true,"href":"https:\/\/www.ssvoonkbih.ba\/index.php?rest_route=%2Fwp%2Fv2%2Fcomments&post=1256"}],"version-history":[{"count":1,"href":"https:\/\/www.ssvoonkbih.ba\/index.php?rest_route=\/wp\/v2\/posts\/1256\/revisions"}],"predecessor-version":[{"id":1257,"href":"https:\/\/www.ssvoonkbih.ba\/index.php?rest_route=\/wp\/v2\/posts\/1256\/revisions\/1257"}],"wp:featuredmedia":[{"embeddable":true,"href":"https:\/\/www.ssvoonkbih.ba\/index.php?rest_route=\/wp\/v2\/media\/316"}],"wp:attachment":[{"href":"https:\/\/www.ssvoonkbih.ba\/index.php?rest_route=%2Fwp%2Fv2%2Fmedia&parent=1256"}],"wp:term":[{"taxonomy":"category","embeddable":true,"href":"https:\/\/www.ssvoonkbih.ba\/index.php?rest_route=%2Fwp%2Fv2%2Fcategories&post=1256"},{"taxonomy":"post_tag","embeddable":true,"href":"https:\/\/www.ssvoonkbih.ba\/index.php?rest_route=%2Fwp%2Fv2%2Ftags&post=1256"}],"curies":[{"name":"wp","href":"https:\/\/api.w.org\/{rel}","templated":true}]}}