{"id":1329,"date":"2021-11-30T10:55:01","date_gmt":"2021-11-30T10:55:01","guid":{"rendered":"https:\/\/www.ssvoonkbih.ba\/?p=1329"},"modified":"2021-11-30T10:55:04","modified_gmt":"2021-11-30T10:55:04","slug":"protesti-sindikata-ispred-vlade-ks-edine-forto-danas-smo-fini-sljedeci-put-plakat-ces-dini","status":"publish","type":"post","link":"https:\/\/www.ssvoonkbih.ba\/?p=1329","title":{"rendered":"Protesti sindikata ispred Vlade KS: &#8220;Edine Forto, danas smo fini, sljede\u0107i put plakat \u0107e\u0161 Dini&#8221;"},"content":{"rendered":"\n<div class=\"wp-block-image\"><figure class=\"aligncenter size-large\"><img decoding=\"async\" src=\"https:\/\/static.klix.ba\/media\/images\/vijesti\/211130051.17_xl.jpg?v=2\" alt=\"\"\/><figcaption>Faruk Be\u0161li\u0107 (Foto: T. S.\/Klix.ba)<\/figcaption><\/figure><\/div>\n\n\n\n<p>Na proteste su iza\u0161li predstavnici sindikata zdravstvenih radnika, osnovnog, srednjeg i visokog obrazovanja, dr\u017eavnih slu\u017ebenika, policajaca i komunalnih radnika, a tokom trajanja protesta predsjednici sindikata odr\u017eali su govore u kojima su naglasili kako ne \u017eele socijalne razgovore ve\u0107 pregovore s Vladom KS.<\/p>\n\n\n\n<p>Predsjednik Sindikata srednjeg i visokog obrazovanja KS Faruk Be\u0161li\u0107 u obra\u0107anju okupljenima naglasio je kako ideje Vlade KS o nacrtu bud\u017eeta ne\u0107e pro\u0107i.<\/p>\n\n\n\n<p>&#8220;Mi smo po\u010deli na\u0161 protest ta\u010dno na vrijeme, a vidjeli ste koliko zastupnici kasne na svoje sjednice. Poru\u010dujemo jasno Vladi i Skup\u0161tini KS &#8211; ovo vam ne\u0107e pro\u0107i&#8221;, rekao je Be\u0161li\u0107.<\/p>\n\n\n\n<div class=\"wp-block-image\"><figure class=\"aligncenter size-large\"><img decoding=\"async\" src=\"https:\/\/static.klix.ba\/media\/images\/vijesti\/211130051.9_xl.jpg?v=2\" alt=\"\"\/><figcaption>Foto: T. S.\/Klix.ba<\/figcaption><\/figure><\/div>\n\n\n\n<p>Nakon toga, prisutnima se obratio predsjednik Samostalnog sindikata osnovnog obrazovanja i odgoja Kantona Sarajevo Saudin Sivro koji je poru\u010dio kako \u0107e na naredne proteste do\u0107i mnogo ve\u0107i broj radnika.<\/p>\n\n\n\n<p>&#8220;Edine Forto, danas smo fini, sljede\u0107i put plakat \u0107e\u0161 Dini. Zato \u0161to nas ne\u0107e do\u0107i stotinu, ve\u0107 nekoliko hiljada i mi se ne\u0107emo povu\u0107i&#8221;, rekao je Sivro.<\/p>\n\n\n\n<p>Predstavnik sindikata policije Sadik E\u0107o poru\u010dio je kako sindikati ne\u0107e odustati od zahtjeva.<\/p>\n\n\n\n<p>&#8220;Kao \u0161to su prethodnici rekli, zahtjevi su u potpunosti opravdani. Tra\u017eimo od Vlade KS da povu\u010de nacrt bud\u017eeta. S obzirom na tro\u0161kove i standard \u017eivota, plate u KS nisu dostojne \u017eivota i zato \u017eelimo razgovore s Vladom KS. Mi odustati ne\u0107emo od svojih zahtjeva, idemo do kraja&#8221;, isti\u010de E\u0107o.<\/p>\n\n\n\n<p>Predsjednica Koordinacionog odbora sindikalnih organizacija kantona Sarajevo Vi\u0161nja Ljubijanki\u0107 poru\u010dila je kako radnici \u017eele dijalog, a ne blokade.<\/p>\n\n\n\n<p>&#8220;Tra\u017eili smo pregovore, nije do nas. Iz tih razloga vas pozivam da pristupite pregovorima sa svim sindikatima vezano za na\u0161e zahtjeve. Imate obavezu vi iz Vlade prema svim gra\u0111anima Kantona Sarajevo. Imamo je i mi, ali je na\u0161a vi\u0161e moralna i ljudska. Nemojmo dozvoliti da u\u0111emo u generalni \u0161trajk, blokirat \u0107emo gra\u0111ane KS, a to ne \u017eelimo. Zapo\u010dnimo pregovore odmah&#8221;, poru\u010dila je Ljubijanki\u0107.<\/p>\n\n\n\n<div class=\"wp-block-image\"><figure class=\"aligncenter size-large\"><img decoding=\"async\" src=\"https:\/\/static.klix.ba\/media\/images\/vijesti\/211130051.15_xl.jpg?v=2\" alt=\"\"\/><figcaption>Vi\u0161nja Ljubijanki\u0107 (Foto: T. S.\/Klix.ba)<\/figcaption><\/figure><\/div>\n\n\n\n<p>Na kraju, prisutnima se obratio i predsjednik Sindikata dr\u017eavnih slu\u017ebenika u KS Elvis Zorni\u0107.<\/p>\n\n\n\n<p>&#8220;Tra\u017eimo od Vlade KS da povu\u010de nacrt i da istog momenta sjednu za stol sa sindikalnim predsjednicima i dogovorimo osnovicu za narednu godinu. Mi godinama pravimo ustupke vladama kada su u pitanju presude i sve ono \u0161to se ti\u010de dr\u017eavne slu\u017ebe. Od 2018. godine nismo imali pove\u0107anje plate. Mi nismo pasivni, samo smo bili razumni. Jedinstvo sindikata raste svakim danom. Svi za jednog, jedan za sve&#8221;, zaklju\u010dio je Zorni\u0107.<\/p>\n\n\n\n<p>Na kraju protesta, Sivro je naglasio kako su dana\u0161nji protesti samo protesti upozorenja, te da \u0107e osam sindikata nastaviti dalje sa svojim aktivnostima.<\/p>\n\n\n\n<p>&#8220;Mi \u0107emo uvijek biti korak ispred njih, neka o\u010dekuju ve\u0107i \u0161trajk ako ne ispune na\u0161e zahtjeve&#8221;, poru\u010dio je Sivro.<\/p>\n\n\n\n<p>\u010clanak preuzet sa <a href=\"https:\/\/www.klix.ba\/vijesti\/bih\/protesti-sindikata-ispred-vlade-ks-edine-forto-danas-smo-fini-sljedeci-put-plakat-ces-dini\/211130051\" target=\"_blank\" rel=\"noreferrer noopener\">Klix.ba<\/a>. &nbsp;<\/p>\n\n\n\n<figure class=\"wp-block-embed is-type-rich is-provider-embed-handler wp-block-embed-embed-handler\"><div class=\"wp-block-embed__wrapper\">\n<div class=\"fb-post\" data-href=\"https:\/\/www.facebook.com\/ssvoonkbihkoks\/posts\/1456833444736853\" data-width=\"552\" style=\"background-color: #fff; display: inline-block;\"><\/div>\n<\/div><\/figure>\n\n\n\n<p><\/p>\n","protected":false},"excerpt":{"rendered":"<p>Na proteste su iza\u0161li predstavnici sindikata zdravstvenih radnika, osnovnog, srednjeg i visokog obrazovanja, dr\u017eavnih slu\u017ebenika, policajaca i komunalnih radnika, a tokom trajanja protesta predsjednici sindikata odr\u017eali su govore u kojima su naglasili kako ne&#46;&#46;&#46;<\/p>\n","protected":false},"author":1,"featured_media":1334,"comment_status":"closed","ping_status":"closed","sticky":false,"template":"","format":"standard","meta":{"jetpack_post_was_ever_published":false,"_jetpack_newsletter_access":"","_jetpack_dont_email_post_to_subs":false,"_jetpack_newsletter_tier_id":0,"_jetpack_memberships_contains_paywalled_content":false,"_jetpack_memberships_contains_paid_content":false,"footnotes":"","jetpack_publicize_message":"","jetpack_publicize_feature_enabled":true,"jetpack_social_post_already_shared":true,"jetpack_social_options":{"image_generator_settings":{"template":"highway","default_image_id":0,"font":"","enabled":false},"version":2}},"categories":[1],"tags":[],"class_list":["post-1329","post","type-post","status-publish","format-standard","has-post-thumbnail","hentry","category-aktualnosti"],"jetpack_publicize_connections":[],"jetpack_featured_media_url":"https:\/\/www.ssvoonkbih.ba\/wp-content\/uploads\/2021\/11\/262745946_1456832908070240_7083943875574329095_n.jpg","jetpack_sharing_enabled":true,"jetpack_shortlink":"https:\/\/wp.me\/paRAHh-lr","_links":{"self":[{"href":"https:\/\/www.ssvoonkbih.ba\/index.php?rest_route=\/wp\/v2\/posts\/1329","targetHints":{"allow":["GET"]}}],"collection":[{"href":"https:\/\/www.ssvoonkbih.ba\/index.php?rest_route=\/wp\/v2\/posts"}],"about":[{"href":"https:\/\/www.ssvoonkbih.ba\/index.php?rest_route=\/wp\/v2\/types\/post"}],"author":[{"embeddable":true,"href":"https:\/\/www.ssvoonkbih.ba\/index.php?rest_route=\/wp\/v2\/users\/1"}],"replies":[{"embeddable":true,"href":"https:\/\/www.ssvoonkbih.ba\/index.php?rest_route=%2Fwp%2Fv2%2Fcomments&post=1329"}],"version-history":[{"count":4,"href":"https:\/\/www.ssvoonkbih.ba\/index.php?rest_route=\/wp\/v2\/posts\/1329\/revisions"}],"predecessor-version":[{"id":1335,"href":"https:\/\/www.ssvoonkbih.ba\/index.php?rest_route=\/wp\/v2\/posts\/1329\/revisions\/1335"}],"wp:featuredmedia":[{"embeddable":true,"href":"https:\/\/www.ssvoonkbih.ba\/index.php?rest_route=\/wp\/v2\/media\/1334"}],"wp:attachment":[{"href":"https:\/\/www.ssvoonkbih.ba\/index.php?rest_route=%2Fwp%2Fv2%2Fmedia&parent=1329"}],"wp:term":[{"taxonomy":"category","embeddable":true,"href":"https:\/\/www.ssvoonkbih.ba\/index.php?rest_route=%2Fwp%2Fv2%2Fcategories&post=1329"},{"taxonomy":"post_tag","embeddable":true,"href":"https:\/\/www.ssvoonkbih.ba\/index.php?rest_route=%2Fwp%2Fv2%2Ftags&post=1329"}],"curies":[{"name":"wp","href":"https:\/\/api.w.org\/{rel}","templated":true}]}}