{"id":1384,"date":"2022-05-02T07:00:00","date_gmt":"2022-05-02T07:00:00","guid":{"rendered":"https:\/\/www.ssvoonkbih.ba\/?p=1384"},"modified":"2022-04-27T11:46:53","modified_gmt":"2022-04-27T11:46:53","slug":"ramazanski-bajram-2022-godine","status":"publish","type":"post","link":"https:\/\/www.ssvoonkbih.ba\/?p=1384","title":{"rendered":"Ramazanski bajram 2022. godine"},"content":{"rendered":"<div class=\"wp-block-image\">\n<figure class=\"aligncenter size-full\"><img loading=\"lazy\" decoding=\"async\" width=\"542\" height=\"390\" src=\"https:\/\/www.ssvoonkbih.ba\/wp-content\/uploads\/2021\/05\/bajramskacestitka1-e1565256347134.png\" alt=\"\" class=\"wp-image-1190\" srcset=\"https:\/\/www.ssvoonkbih.ba\/wp-content\/uploads\/2021\/05\/bajramskacestitka1-e1565256347134.png 542w, https:\/\/www.ssvoonkbih.ba\/wp-content\/uploads\/2021\/05\/bajramskacestitka1-e1565256347134-300x216.png 300w\" sizes=\"auto, (max-width: 542px) 100vw, 542px\" \/><\/figure>\n<\/div>\n\n\n<p class=\"has-text-align-center\">Sindikat srednjeg i visokog obrazovanja, odgoja, nauke i kulture BiH,<br>upu\u0107uje iskrene \u010destitike povodom nastupaju\u0107eg<\/p>\n\n\n\n<p class=\"has-text-align-center\">Ramazanskog Bajrama<\/p>\n\n\n\n<p class=\"has-text-align-center\">dr.sc Admir Terzi\u0107, predsjednik<\/p>\n","protected":false},"excerpt":{"rendered":"<p>Sindikat srednjeg i visokog obrazovanja, odgoja, nauke i kulture BiH,upu\u0107uje iskrene \u010destitike povodom nastupaju\u0107eg Ramazanskog Bajrama dr.sc Admir Terzi\u0107, predsjednik<\/p>\n","protected":false},"author":1,"featured_media":689,"comment_status":"closed","ping_status":"closed","sticky":false,"template":"","format":"standard","meta":{"jetpack_post_was_ever_published":false,"_jetpack_newsletter_access":"","_jetpack_dont_email_post_to_subs":false,"_jetpack_newsletter_tier_id":0,"_jetpack_memberships_contains_paywalled_content":false,"_jetpack_memberships_contains_paid_content":false,"footnotes":"","jetpack_publicize_message":"","jetpack_publicize_feature_enabled":true,"jetpack_social_post_already_shared":true,"jetpack_social_options":{"image_generator_settings":{"template":"highway","default_image_id":0,"font":"","enabled":false},"version":2}},"categories":[1,24],"tags":[92],"class_list":["post-1384","post","type-post","status-publish","format-standard","has-post-thumbnail","hentry","category-aktualnosti","category-cestitke","tag-bajram"],"jetpack_publicize_connections":[],"jetpack_featured_media_url":"https:\/\/www.ssvoonkbih.ba\/wp-content\/uploads\/2019\/08\/Kurban-bajram-2019.jpg","jetpack_sharing_enabled":true,"jetpack_shortlink":"https:\/\/wp.me\/paRAHh-mk","_links":{"self":[{"href":"https:\/\/www.ssvoonkbih.ba\/index.php?rest_route=\/wp\/v2\/posts\/1384","targetHints":{"allow":["GET"]}}],"collection":[{"href":"https:\/\/www.ssvoonkbih.ba\/index.php?rest_route=\/wp\/v2\/posts"}],"about":[{"href":"https:\/\/www.ssvoonkbih.ba\/index.php?rest_route=\/wp\/v2\/types\/post"}],"author":[{"embeddable":true,"href":"https:\/\/www.ssvoonkbih.ba\/index.php?rest_route=\/wp\/v2\/users\/1"}],"replies":[{"embeddable":true,"href":"https:\/\/www.ssvoonkbih.ba\/index.php?rest_route=%2Fwp%2Fv2%2Fcomments&post=1384"}],"version-history":[{"count":1,"href":"https:\/\/www.ssvoonkbih.ba\/index.php?rest_route=\/wp\/v2\/posts\/1384\/revisions"}],"predecessor-version":[{"id":1385,"href":"https:\/\/www.ssvoonkbih.ba\/index.php?rest_route=\/wp\/v2\/posts\/1384\/revisions\/1385"}],"wp:featuredmedia":[{"embeddable":true,"href":"https:\/\/www.ssvoonkbih.ba\/index.php?rest_route=\/wp\/v2\/media\/689"}],"wp:attachment":[{"href":"https:\/\/www.ssvoonkbih.ba\/index.php?rest_route=%2Fwp%2Fv2%2Fmedia&parent=1384"}],"wp:term":[{"taxonomy":"category","embeddable":true,"href":"https:\/\/www.ssvoonkbih.ba\/index.php?rest_route=%2Fwp%2Fv2%2Fcategories&post=1384"},{"taxonomy":"post_tag","embeddable":true,"href":"https:\/\/www.ssvoonkbih.ba\/index.php?rest_route=%2Fwp%2Fv2%2Ftags&post=1384"}],"curies":[{"name":"wp","href":"https:\/\/api.w.org\/{rel}","templated":true}]}}