{"id":1386,"date":"2022-04-30T11:47:00","date_gmt":"2022-04-30T11:47:00","guid":{"rendered":"https:\/\/www.ssvoonkbih.ba\/?p=1386"},"modified":"2022-04-27T11:48:58","modified_gmt":"2022-04-27T11:48:58","slug":"cestitka-za-1-maj-2022-godine","status":"publish","type":"post","link":"https:\/\/www.ssvoonkbih.ba\/?p=1386","title":{"rendered":"\u010cestitka za 1. maj 2022. godine"},"content":{"rendered":"<div class=\"wp-block-image\">\n<figure class=\"aligncenter size-full\"><img loading=\"lazy\" decoding=\"async\" width=\"736\" height=\"420\" src=\"https:\/\/www.ssvoonkbih.ba\/wp-content\/uploads\/2021\/04\/1.maj_cestitka1.jpg\" alt=\"\" class=\"wp-image-1176\" srcset=\"https:\/\/www.ssvoonkbih.ba\/wp-content\/uploads\/2021\/04\/1.maj_cestitka1.jpg 736w, https:\/\/www.ssvoonkbih.ba\/wp-content\/uploads\/2021\/04\/1.maj_cestitka1-300x171.jpg 300w\" sizes=\"auto, (max-width: 736px) 100vw, 736px\" \/><\/figure>\n<\/div>\n\n\n<p class=\"has-text-align-center\">U ime Sindikata srednjeg i visokog obrazovanja,<\/p>\n\n\n\n<p class=\"has-text-align-center\">odgoja, nauke i kulture BiH<\/p>\n\n\n\n<p class=\"has-text-align-center\">i u svoje li\u010dno ime upu\u0107ujem vam iskrene \u010destitke povodom<\/p>\n\n\n\n<p class=\"has-text-align-center\">1.maja \u2013 Me\u0111unarodnog praznika rada<\/p>\n\n\n\n<p class=\"has-text-align-center\">Admir Terzi\u0107, predsjednik<\/p>\n","protected":false},"excerpt":{"rendered":"<p>U ime Sindikata srednjeg i visokog obrazovanja, odgoja, nauke i kulture BiH i u svoje li\u010dno ime upu\u0107ujem vam iskrene \u010destitke povodom 1.maja \u2013 Me\u0111unarodnog praznika rada Admir Terzi\u0107, predsjednik<\/p>\n","protected":false},"author":1,"featured_media":1176,"comment_status":"closed","ping_status":"closed","sticky":false,"template":"","format":"standard","meta":{"jetpack_post_was_ever_published":false,"_jetpack_newsletter_access":"","_jetpack_dont_email_post_to_subs":false,"_jetpack_newsletter_tier_id":0,"_jetpack_memberships_contains_paywalled_content":false,"_jetpack_memberships_contains_paid_content":false,"footnotes":"","jetpack_publicize_message":"","jetpack_publicize_feature_enabled":true,"jetpack_social_post_already_shared":true,"jetpack_social_options":{"image_generator_settings":{"template":"highway","default_image_id":0,"font":"","enabled":false},"version":2}},"categories":[1,24],"tags":[146,74],"class_list":["post-1386","post","type-post","status-publish","format-standard","has-post-thumbnail","hentry","category-aktualnosti","category-cestitke","tag-1-maj","tag-praznik-rada"],"jetpack_publicize_connections":[],"jetpack_featured_media_url":"https:\/\/www.ssvoonkbih.ba\/wp-content\/uploads\/2021\/04\/1.maj_cestitka1.jpg","jetpack_sharing_enabled":true,"jetpack_shortlink":"https:\/\/wp.me\/paRAHh-mm","_links":{"self":[{"href":"https:\/\/www.ssvoonkbih.ba\/index.php?rest_route=\/wp\/v2\/posts\/1386","targetHints":{"allow":["GET"]}}],"collection":[{"href":"https:\/\/www.ssvoonkbih.ba\/index.php?rest_route=\/wp\/v2\/posts"}],"about":[{"href":"https:\/\/www.ssvoonkbih.ba\/index.php?rest_route=\/wp\/v2\/types\/post"}],"author":[{"embeddable":true,"href":"https:\/\/www.ssvoonkbih.ba\/index.php?rest_route=\/wp\/v2\/users\/1"}],"replies":[{"embeddable":true,"href":"https:\/\/www.ssvoonkbih.ba\/index.php?rest_route=%2Fwp%2Fv2%2Fcomments&post=1386"}],"version-history":[{"count":1,"href":"https:\/\/www.ssvoonkbih.ba\/index.php?rest_route=\/wp\/v2\/posts\/1386\/revisions"}],"predecessor-version":[{"id":1387,"href":"https:\/\/www.ssvoonkbih.ba\/index.php?rest_route=\/wp\/v2\/posts\/1386\/revisions\/1387"}],"wp:featuredmedia":[{"embeddable":true,"href":"https:\/\/www.ssvoonkbih.ba\/index.php?rest_route=\/wp\/v2\/media\/1176"}],"wp:attachment":[{"href":"https:\/\/www.ssvoonkbih.ba\/index.php?rest_route=%2Fwp%2Fv2%2Fmedia&parent=1386"}],"wp:term":[{"taxonomy":"category","embeddable":true,"href":"https:\/\/www.ssvoonkbih.ba\/index.php?rest_route=%2Fwp%2Fv2%2Fcategories&post=1386"},{"taxonomy":"post_tag","embeddable":true,"href":"https:\/\/www.ssvoonkbih.ba\/index.php?rest_route=%2Fwp%2Fv2%2Ftags&post=1386"}],"curies":[{"name":"wp","href":"https:\/\/api.w.org\/{rel}","templated":true}]}}