{"id":1635,"date":"2023-02-23T15:50:37","date_gmt":"2023-02-23T15:50:37","guid":{"rendered":"https:\/\/www.ssvoonkbih.ba\/?p=1635"},"modified":"2023-02-23T15:58:27","modified_gmt":"2023-02-23T15:58:27","slug":"nakon-tri-godine-novi-kolektivni-ugovor-i-povecanje-placa-uposlenicima-u-sektoru-kulture-kantona-sarajevo","status":"publish","type":"post","link":"https:\/\/www.ssvoonkbih.ba\/?p=1635","title":{"rendered":"Nakon tri godine: Novi Kolektivni ugovor i pove\u0107anje pla\u0107a uposlenicima u sektoru kulture Kantona Sarajevo"},"content":{"rendered":"<div class=\"wp-block-image\">\n<figure class=\"aligncenter size-large\"><img decoding=\"async\" src=\"https:\/\/vlada.ks.gov.ba\/sites\/vlada.ks.gov.ba\/files\/images\/3_810.jpg\" alt=\"\"\/><figcaption class=\"wp-element-caption\">Photo by Vlada.ks.gov.ba<\/figcaption><\/figure>\n<\/div>\n\n\n<p>Nakon tri godine, uposlenici u sektoru kulture Kantona Sarajevo dobili su novi Kolektivni ugovor, kojim su pove\u0107ani koeficijenti za obra\u010dun plate za oko 600 uposlenih u 13 ustanova kulture KS.<\/p>\n\n\n\n<p>Kolektivni ugovor za djelatnost kulture u Kantonu Sarajevo potpisala je danas vr\u0161iteljica du\u017enosti premijera KS i ministrica Darja Softi\u0107 Kadeni\u0107 s predsjednikom Kantonalnog odbora Sindikata srednjeg i visokog obrazovanja, odgoja, nauke i kulture BiH Admirom \u0160uvali\u0107em, u prisustvu resornog ministra za kulturu i sport Samira Avdi\u0107a i \u010dlanova pregovara\u010dkog tima sindikata.<\/p>\n\n\n\n<p>I ovaj Kolektivni ugovor je potpisan na period od tri godine.<\/p>\n\n\n\n<p>\u201cU prosjeku, pla\u0107e \u0107e biti pove\u0107ane za oko 100 KM na mjese\u010dnom nivou, a nevezano za sporazum izme\u0111u Vlade i Koordinacije sindikata kojim je predvi\u0111ena isplata i dodatka na pla\u0107u u iznosu od 100 KM, linearno, svim uposlenicima koji primaju pla\u0107u iz Bud\u017eeta KS u ovoj godini zbog inflacije\u201d, naveo je izme\u0111u ostalog \u0160uvali\u0107, uz rije\u010di zahvalnosti Vladi KS i Pregovara\u010dkom timu na senzibilitetu koji su pokazali prema uposlenima u institucijama kulture.<\/p>\n\n\n\n<p>Ministar Samir Avdi\u0107 je naglasio da svi trebaju biti ravnopravni kada je rije\u010d o socijalnom statusu, kao i da \u0107e ovaj dokument biti od koristi svim radnicima u sektoru kulture.<\/p>\n\n\n\n<p>\u201cSmatram da je ovaj Kolektivni ugovor plod korisnih i civiliziranih razgovora, u kojima je postojao obostrani senzibilitet da se dogovor postigne i zato \u017eelim zahvaliti sindikalnim predstavnicima s kojima smo u dosada\u0161njih \u0161est sesija pregovora do\u0161li do najboljeg mogu\u0107eg rje\u0161enja, koja su prije svega u interesu djelatnika kulture\u201d, rekao je ovom prilikom ministar Samir Avdi\u0107.<\/p>\n\n\n\n<p>\u010clanak preuzet sa stranice <a href=\"https:\/\/vlada.ks.gov.ba\/aktuelnosti\/novosti\/nakon-tri-godine-novi-kolektivni-ugovor-i\" target=\"_blank\" rel=\"noreferrer noopener\">Vlada.ks.gov.ba<\/a>.<\/p>\n","protected":false},"excerpt":{"rendered":"<p>Nakon tri godine, uposlenici u sektoru kulture Kantona Sarajevo dobili su novi Kolektivni ugovor, kojim su pove\u0107ani koeficijenti za obra\u010dun plate za oko 600 uposlenih u 13 ustanova kulture KS. Kolektivni ugovor za djelatnost&#46;&#46;&#46;<\/p>\n","protected":false},"author":1,"featured_media":1636,"comment_status":"closed","ping_status":"closed","sticky":false,"template":"","format":"standard","meta":{"jetpack_post_was_ever_published":false,"_jetpack_newsletter_access":"","_jetpack_dont_email_post_to_subs":false,"_jetpack_newsletter_tier_id":0,"_jetpack_memberships_contains_paywalled_content":false,"_jetpack_memberships_contains_paid_content":false,"footnotes":"","jetpack_publicize_message":"","jetpack_publicize_feature_enabled":true,"jetpack_social_post_already_shared":true,"jetpack_social_options":{"image_generator_settings":{"template":"highway","default_image_id":0,"font":"","enabled":false},"version":2}},"categories":[1,157,14],"tags":[],"class_list":["post-1635","post","type-post","status-publish","format-standard","has-post-thumbnail","hentry","category-aktualnosti","category-kanton-sarajevo","category-kolektivni_ugovor"],"jetpack_publicize_connections":[],"jetpack_featured_media_url":"https:\/\/www.ssvoonkbih.ba\/wp-content\/uploads\/2023\/02\/3_810.jpg","jetpack_sharing_enabled":true,"jetpack_shortlink":"https:\/\/wp.me\/paRAHh-qn","_links":{"self":[{"href":"https:\/\/www.ssvoonkbih.ba\/index.php?rest_route=\/wp\/v2\/posts\/1635","targetHints":{"allow":["GET"]}}],"collection":[{"href":"https:\/\/www.ssvoonkbih.ba\/index.php?rest_route=\/wp\/v2\/posts"}],"about":[{"href":"https:\/\/www.ssvoonkbih.ba\/index.php?rest_route=\/wp\/v2\/types\/post"}],"author":[{"embeddable":true,"href":"https:\/\/www.ssvoonkbih.ba\/index.php?rest_route=\/wp\/v2\/users\/1"}],"replies":[{"embeddable":true,"href":"https:\/\/www.ssvoonkbih.ba\/index.php?rest_route=%2Fwp%2Fv2%2Fcomments&post=1635"}],"version-history":[{"count":3,"href":"https:\/\/www.ssvoonkbih.ba\/index.php?rest_route=\/wp\/v2\/posts\/1635\/revisions"}],"predecessor-version":[{"id":1644,"href":"https:\/\/www.ssvoonkbih.ba\/index.php?rest_route=\/wp\/v2\/posts\/1635\/revisions\/1644"}],"wp:featuredmedia":[{"embeddable":true,"href":"https:\/\/www.ssvoonkbih.ba\/index.php?rest_route=\/wp\/v2\/media\/1636"}],"wp:attachment":[{"href":"https:\/\/www.ssvoonkbih.ba\/index.php?rest_route=%2Fwp%2Fv2%2Fmedia&parent=1635"}],"wp:term":[{"taxonomy":"category","embeddable":true,"href":"https:\/\/www.ssvoonkbih.ba\/index.php?rest_route=%2Fwp%2Fv2%2Fcategories&post=1635"},{"taxonomy":"post_tag","embeddable":true,"href":"https:\/\/www.ssvoonkbih.ba\/index.php?rest_route=%2Fwp%2Fv2%2Ftags&post=1635"}],"curies":[{"name":"wp","href":"https:\/\/api.w.org\/{rel}","templated":true}]}}