{"id":1638,"date":"2023-02-23T15:56:09","date_gmt":"2023-02-23T15:56:09","guid":{"rendered":"https:\/\/www.ssvoonkbih.ba\/?p=1638"},"modified":"2023-02-23T16:01:14","modified_gmt":"2023-02-23T16:01:14","slug":"vlada-ks-i-sindikati-potpisali-sporazum-dodatak-na-place-od-100-km-svim-uposlenicima-koji-primaju-iz-budzeta-u-ovoj-godini","status":"publish","type":"post","link":"https:\/\/www.ssvoonkbih.ba\/?p=1638","title":{"rendered":"Vlada KS i sindikati potpisali Sporazum: Dodatak na pla\u0107e od 100 KM svim uposlenicima koji primaju iz bud\u017eeta u ovoj godini"},"content":{"rendered":"<div class=\"wp-block-image\">\n<figure class=\"aligncenter size-large\"><img decoding=\"async\" src=\"https:\/\/vlada.ks.gov.ba\/sites\/vlada.ks.gov.ba\/files\/images\/2023-02-23_14-47-47-796.jpg\" alt=\"\"\/><figcaption class=\"wp-element-caption\">Photo by Vlada.ks.gov.ba<\/figcaption><\/figure>\n<\/div>\n\n\n<p>\u010clanovi Vlade Kantona Sarajevo i sindikata koji zastupaju uposlenike koji pla\u0107u primaju iz bud\u017eeta KS potpisali su danas Sporazum o isplati dodatka na pla\u0107u za 2023. godinu.<\/p>\n\n\n\n<p>Sporazum \u0107e biti realiziran tako da \u0107e, nakon usvajanja ovogodi\u0161njeg bud\u017eeta, svim uposlenicima koji primaju pla\u0107u iz kantonalnog bud\u017eeta biti obra\u010dunat i mjese\u010dni dodatak u neto iznosu od 100 KM.<\/p>\n\n\n\n<p>I danas je ponovljeno da \u0107e za mjesece do usvajanja bud\u017eeta taj dodatak biti ispla\u0107en retroaktivno.<\/p>\n\n\n\n<p>\u201eProces pregovaranja je zapo\u010det kao proces pregovora oko osnovice pred utvr\u0111ivanje Nacrta bud\u017eeta KS, a sada je okon\u010dan na na\u010din da je dogovoren mehanizam da se kroz dodatak na pla\u0107u u neto iznosu od 100 KM za sve uposlenike koji primaju pla\u0107u iz Bud\u017eeta KS osigura linearni dodatak na pla\u0107u\u201c, objasnila je vr\u0161iteljica du\u017enosti premijera Kantona Sarajevo i ministrica pravde i uprave Darja Softi\u0107 Kadeni\u0107.<\/p>\n\n\n\n<p>Dodala je kako je Vlada ve\u0107 planirala neophodna sredstva za ovo pove\u0107anje pla\u0107a u Nacrtu Bud\u017eeta za ovu godinu.<\/p>\n\n\n\n<p>Nakon potpisivanja ovog sporazuma, svoje zadovoljstvo zbog postignutog dogovora i dana\u0161njeg potpisivanja iskazali su i \u010dlanova Vlade KS i predstavnici Sindikata.<\/p>\n\n\n\n<p>\u010clanak preuzet sa stranice <a href=\"https:\/\/vlada.ks.gov.ba\/aktuelnosti\/novosti\/vlada-ks-i-sindikati-potpisali-sporazum-dodatak-na\" target=\"_blank\" rel=\"noreferrer noopener\">Vlada.ks.gov.ba.<\/a><\/p>\n","protected":false},"excerpt":{"rendered":"<p>\u010clanovi Vlade Kantona Sarajevo i sindikata koji zastupaju uposlenike koji pla\u0107u primaju iz bud\u017eeta KS potpisali su danas Sporazum o isplati dodatka na pla\u0107u za 2023. godinu. Sporazum \u0107e biti realiziran tako da \u0107e,&#46;&#46;&#46;<\/p>\n","protected":false},"author":1,"featured_media":1640,"comment_status":"closed","ping_status":"closed","sticky":false,"template":"","format":"standard","meta":{"jetpack_post_was_ever_published":false,"_jetpack_newsletter_access":"","_jetpack_dont_email_post_to_subs":false,"_jetpack_newsletter_tier_id":0,"_jetpack_memberships_contains_paywalled_content":false,"_jetpack_memberships_contains_paid_content":false,"footnotes":"","jetpack_publicize_message":"","jetpack_publicize_feature_enabled":true,"jetpack_social_post_already_shared":true,"jetpack_social_options":{"image_generator_settings":{"template":"highway","default_image_id":0,"font":"","enabled":false},"version":2}},"categories":[1,157],"tags":[158],"class_list":["post-1638","post","type-post","status-publish","format-standard","has-post-thumbnail","hentry","category-aktualnosti","category-kanton-sarajevo","tag-plata"],"jetpack_publicize_connections":[],"jetpack_featured_media_url":"https:\/\/www.ssvoonkbih.ba\/wp-content\/uploads\/2023\/02\/2023-02-23_14-47-47-796.jpg","jetpack_sharing_enabled":true,"jetpack_shortlink":"https:\/\/wp.me\/paRAHh-qq","_links":{"self":[{"href":"https:\/\/www.ssvoonkbih.ba\/index.php?rest_route=\/wp\/v2\/posts\/1638","targetHints":{"allow":["GET"]}}],"collection":[{"href":"https:\/\/www.ssvoonkbih.ba\/index.php?rest_route=\/wp\/v2\/posts"}],"about":[{"href":"https:\/\/www.ssvoonkbih.ba\/index.php?rest_route=\/wp\/v2\/types\/post"}],"author":[{"embeddable":true,"href":"https:\/\/www.ssvoonkbih.ba\/index.php?rest_route=\/wp\/v2\/users\/1"}],"replies":[{"embeddable":true,"href":"https:\/\/www.ssvoonkbih.ba\/index.php?rest_route=%2Fwp%2Fv2%2Fcomments&post=1638"}],"version-history":[{"count":3,"href":"https:\/\/www.ssvoonkbih.ba\/index.php?rest_route=\/wp\/v2\/posts\/1638\/revisions"}],"predecessor-version":[{"id":1643,"href":"https:\/\/www.ssvoonkbih.ba\/index.php?rest_route=\/wp\/v2\/posts\/1638\/revisions\/1643"}],"wp:featuredmedia":[{"embeddable":true,"href":"https:\/\/www.ssvoonkbih.ba\/index.php?rest_route=\/wp\/v2\/media\/1640"}],"wp:attachment":[{"href":"https:\/\/www.ssvoonkbih.ba\/index.php?rest_route=%2Fwp%2Fv2%2Fmedia&parent=1638"}],"wp:term":[{"taxonomy":"category","embeddable":true,"href":"https:\/\/www.ssvoonkbih.ba\/index.php?rest_route=%2Fwp%2Fv2%2Fcategories&post=1638"},{"taxonomy":"post_tag","embeddable":true,"href":"https:\/\/www.ssvoonkbih.ba\/index.php?rest_route=%2Fwp%2Fv2%2Ftags&post=1638"}],"curies":[{"name":"wp","href":"https:\/\/api.w.org\/{rel}","templated":true}]}}