{"id":1674,"date":"2023-03-10T10:40:14","date_gmt":"2023-03-10T10:40:14","guid":{"rendered":"https:\/\/www.ssvoonkbih.ba\/?p=1674"},"modified":"2023-03-10T10:44:49","modified_gmt":"2023-03-10T10:44:49","slug":"odrzan-sastanak-predstavnika-sindikata-i-federalnog-ministarstva-obrazovanja-i-nauke","status":"publish","type":"post","link":"https:\/\/www.ssvoonkbih.ba\/?p=1674","title":{"rendered":"<strong>Odr\u017ean sastanak predstavnika sindikata i Federalnog ministarstva obrazovanja i nauke<\/strong>"},"content":{"rendered":"<div class=\"wp-block-image\">\n<figure class=\"aligncenter size-large\"><img loading=\"lazy\" decoding=\"async\" width=\"1024\" height=\"768\" src=\"https:\/\/www.ssvoonkbih.ba\/wp-content\/uploads\/2023\/03\/bdc16203-2b9a-47b7-b5a5-c6828fccdbfc_Slika-1-1024x768.jpg\" alt=\"\" class=\"wp-image-1675\" srcset=\"https:\/\/www.ssvoonkbih.ba\/wp-content\/uploads\/2023\/03\/bdc16203-2b9a-47b7-b5a5-c6828fccdbfc_Slika-1-1024x768.jpg 1024w, https:\/\/www.ssvoonkbih.ba\/wp-content\/uploads\/2023\/03\/bdc16203-2b9a-47b7-b5a5-c6828fccdbfc_Slika-1-300x225.jpg 300w, https:\/\/www.ssvoonkbih.ba\/wp-content\/uploads\/2023\/03\/bdc16203-2b9a-47b7-b5a5-c6828fccdbfc_Slika-1-768x576.jpg 768w, https:\/\/www.ssvoonkbih.ba\/wp-content\/uploads\/2023\/03\/bdc16203-2b9a-47b7-b5a5-c6828fccdbfc_Slika-1-1536x1152.jpg 1536w, https:\/\/www.ssvoonkbih.ba\/wp-content\/uploads\/2023\/03\/bdc16203-2b9a-47b7-b5a5-c6828fccdbfc_Slika-1-2048x1536.jpg 2048w\" sizes=\"auto, (max-width: 1024px) 100vw, 1024px\" \/><\/figure>\n<\/div>\n\n\n<p>Dana 6. marta 2023. godine, u prostorijama Federalnog ministarstva obrazovanja i nauke, odr\u017ean je radni sastanak predsjednika Sindikata srednjeg i visokog obrazovanja BiH D\u017eemaludina Poturovi\u0107a, predsjednika Kantonalnog odbora Kantona Sarajevo Admira \u0160uvali\u0107a i Nadije Bandi\u0107, pomo\u0107nice ministra u Sektoru za pred\u0161kolsko, osnovno i srednje obrazovanje Federalnog ministarstva obrazovanja i nauke.<br><\/p>\n\n\n\n<p>Na sastanku je razgovarano o mogu\u0107nostima saradnje u okviru provo\u0111enja obrazovne reforme u Federaciji BiH, o harmonizaciji pedago\u0161kih standarda i normativa za osnovne i srednje \u0161kole, te o va\u017enosti o\u010duvanja digniteta nastavni\u010dke profesije i pobolj\u0161anju statusa nastavnika.<br><\/p>\n\n\n\n<p>Jedan od zaklju\u010daka na sastanku je bio da, bez obzira na smjene razli\u010ditih politi\u010dkih struktura u rukovo\u0111enju ministarstvima obrazovanja i sindikatima, na nivou profesionalaca treba da postoji kontinuirana saradnja, iskren i otvoren dijalog, kako bi se \u0161to kvalitetnije realizirali zacrtani ciljevi na razvoju i pobolj\u0161anju kvalitete obrazovanja, sa fokusom na ja\u010danje funkcionalnih znanja u\u010denika i pobolj\u0161anje statusa nastavnika i svih drugih u\u010desnika u nastavno-obrazovnom procesu, kao i o potrebi promoviranja dobrih i inspirativnih nastavni\u010dkih praksi.<\/p>\n\n\n\n<p>Pomo\u0107nica ministra Nadija Bandi\u0107 je upoznala predstavnike sindikata s aktuelnim programskim aktivnostima Ministarstva, pozvav\u0161i na intenzivniju saradnju, nagla\u0161avaju\u0107i da je uloga FMON-a u fragmentiranom sistemu odlu\u010divanja u oblasti obrazovanja iznimno va\u017ena, posebno u harmonizaciji obrazovnih politika i ujedna\u010davanju uslova za odgoj i obrazovanje u cijeloj Federaciji BiH.<br><\/p>\n\n\n\n<p>Predstavnici sindikata su izrazili spremnost na saradnju u svim aktivnostima Federalnog ministarstva obrazovanja i nauke, posebno u promoviranju programa razvijanja funkcionalnih znanja i vje\u0161tina u\u010denika i onih koji doprinose pove\u0107anju kapaciteta odgojno-obrazovnih ustanova za stvaranje inkluzivnog okru\u017eenja i za\u0161tite mentalnog i fizi\u010dkog zdravlja u\u010denika i nastavnika, kao i onih koji su usmjereni na davanje podr\u0161ke najboljim u\u010denicima i studentima u Federaciji BiH.<br><\/p>\n\n\n\n<p>Razgovarano je i o neophodnosti pripremanja i izdavanja ud\u017ebenika za srednju \u0161kolu, ja\u010dom intersektorskom saradnjom u za\u0161titi djece od svih oblika nasilja, prevenciji neprihvatljivih oblika pona\u0161anja, kao i o davanju podr\u0161ke usavr\u0161avanju odraslih osoba s fokusom na \u017eene radi lak\u0161e integracije na tr\u017ei\u0161te rada.<br><\/p>\n\n\n\n<p>Dogovoreno je da se sastanci predstavnika sindikata i Ministarstva u narednom periodu odr\u017eavaju kontinuirano kako bi se uspje\u0161no realizirale sve planirane aktivnosti.<\/p>\n\n\n\n<p>Vijest i slike preuzete sa portala <a rel=\"noreferrer noopener\" href=\"http:\/\/www.fmon.gov.ba\/Obavjest\/Pregled\/854\" target=\"_blank\">fmon.gov.ba<\/a><\/p>\n\n\n<p><iframe loading=\"lazy\" src=\"https:\/\/www.facebook.com\/plugins\/post.php?href=https%3A%2F%2Fwww.facebook.com%2Fssvoonkbih.ba%2Fposts%2Fpfbid0D35NoKXvk98ixSB85unR1cX87upyKR9XnakRTR1omVA6ZTSFXzDvcQz4ycMoh2SDl&amp;show_text=true&amp;width=500\" width=\"500\" height=\"781\" style=\"border:none;overflow:hidden\" scrolling=\"no\" frameborder=\"0\" allowfullscreen=\"true\" allow=\"autoplay; clipboard-write; encrypted-media; picture-in-picture; web-share\"><\/iframe><\/p>\n","protected":false},"excerpt":{"rendered":"<p>Dana 6. marta 2023. godine, u prostorijama Federalnog ministarstva obrazovanja i nauke, odr\u017ean je radni sastanak predsjednika Sindikata srednjeg i visokog obrazovanja BiH D\u017eemaludina Poturovi\u0107a, predsjednika Kantonalnog odbora Kantona Sarajevo Admira \u0160uvali\u0107a i Nadije&#46;&#46;&#46;<\/p>\n","protected":false},"author":1,"featured_media":1675,"comment_status":"closed","ping_status":"closed","sticky":false,"template":"","format":"standard","meta":{"jetpack_post_was_ever_published":false,"_jetpack_newsletter_access":"","_jetpack_dont_email_post_to_subs":false,"_jetpack_newsletter_tier_id":0,"_jetpack_memberships_contains_paywalled_content":false,"_jetpack_memberships_contains_paid_content":false,"footnotes":"","jetpack_publicize_message":"","jetpack_publicize_feature_enabled":true,"jetpack_social_post_already_shared":true,"jetpack_social_options":{"image_generator_settings":{"template":"highway","default_image_id":0,"font":"","enabled":false},"version":2}},"categories":[1],"tags":[159],"class_list":["post-1674","post","type-post","status-publish","format-standard","has-post-thumbnail","hentry","category-aktualnosti","tag-fmon"],"jetpack_publicize_connections":[],"jetpack_featured_media_url":"https:\/\/www.ssvoonkbih.ba\/wp-content\/uploads\/2023\/03\/bdc16203-2b9a-47b7-b5a5-c6828fccdbfc_Slika-1-scaled.jpg","jetpack_sharing_enabled":true,"jetpack_shortlink":"https:\/\/wp.me\/paRAHh-r0","_links":{"self":[{"href":"https:\/\/www.ssvoonkbih.ba\/index.php?rest_route=\/wp\/v2\/posts\/1674","targetHints":{"allow":["GET"]}}],"collection":[{"href":"https:\/\/www.ssvoonkbih.ba\/index.php?rest_route=\/wp\/v2\/posts"}],"about":[{"href":"https:\/\/www.ssvoonkbih.ba\/index.php?rest_route=\/wp\/v2\/types\/post"}],"author":[{"embeddable":true,"href":"https:\/\/www.ssvoonkbih.ba\/index.php?rest_route=\/wp\/v2\/users\/1"}],"replies":[{"embeddable":true,"href":"https:\/\/www.ssvoonkbih.ba\/index.php?rest_route=%2Fwp%2Fv2%2Fcomments&post=1674"}],"version-history":[{"count":3,"href":"https:\/\/www.ssvoonkbih.ba\/index.php?rest_route=\/wp\/v2\/posts\/1674\/revisions"}],"predecessor-version":[{"id":1678,"href":"https:\/\/www.ssvoonkbih.ba\/index.php?rest_route=\/wp\/v2\/posts\/1674\/revisions\/1678"}],"wp:featuredmedia":[{"embeddable":true,"href":"https:\/\/www.ssvoonkbih.ba\/index.php?rest_route=\/wp\/v2\/media\/1675"}],"wp:attachment":[{"href":"https:\/\/www.ssvoonkbih.ba\/index.php?rest_route=%2Fwp%2Fv2%2Fmedia&parent=1674"}],"wp:term":[{"taxonomy":"category","embeddable":true,"href":"https:\/\/www.ssvoonkbih.ba\/index.php?rest_route=%2Fwp%2Fv2%2Fcategories&post=1674"},{"taxonomy":"post_tag","embeddable":true,"href":"https:\/\/www.ssvoonkbih.ba\/index.php?rest_route=%2Fwp%2Fv2%2Ftags&post=1674"}],"curies":[{"name":"wp","href":"https:\/\/api.w.org\/{rel}","templated":true}]}}