{"id":1704,"date":"2023-04-28T13:32:22","date_gmt":"2023-04-28T13:32:22","guid":{"rendered":"https:\/\/www.ssvoonkbih.ba\/?p=1704"},"modified":"2023-04-28T13:32:25","modified_gmt":"2023-04-28T13:32:25","slug":"prvi-maj-praznik-rada","status":"publish","type":"post","link":"https:\/\/www.ssvoonkbih.ba\/?p=1704","title":{"rendered":"Prvi maj &#8211; Praznik rada"},"content":{"rendered":"<div class=\"wp-block-image\">\n<figure class=\"aligncenter size-full\"><img loading=\"lazy\" decoding=\"async\" width=\"390\" height=\"231\" src=\"https:\/\/www.ssvoonkbih.ba\/wp-content\/uploads\/2023\/04\/praznik_rada-1.jpg\" alt=\"\" class=\"wp-image-1705\" srcset=\"https:\/\/www.ssvoonkbih.ba\/wp-content\/uploads\/2023\/04\/praznik_rada-1.jpg 390w, https:\/\/www.ssvoonkbih.ba\/wp-content\/uploads\/2023\/04\/praznik_rada-1-300x178.jpg 300w\" sizes=\"auto, (max-width: 390px) 100vw, 390px\" \/><\/figure>\n<\/div>\n\n\n<p><strong>Me\u0111unarodni praznik rada ili Prvi maj<\/strong>&nbsp;je praznik kojim pripadnici i simpatizeri radni\u010dkog pokreta iskazuju op\u0107u solidarnost radni\u0161tva i obilje\u017eavaju sje\u0107anje na dostignu\u0107a radni\u010dkog pokreta, odnosno \u017ertve koje su pripadnici radni\u010dkog pokreta podnijeli kako bi se izborili za ve\u0107a radna prava.<\/p>\n\n\n\n<p>Prvi maj je progla\u0161en me\u0111unarodnim praznikom rada sa namjerom obilje\u017eavanja sje\u0107anja na demonstracije radni\u010dkog pokreta 1886. godine, odr\u017eane u \u010cikagu. Dan rada je jedan od najrasprostranjenijih praznika na planeti.<\/p>\n\n\n\n<p>Zamah prve industrijske revolucije i industrijalizacije u 19. stolje\u0107u obilje\u017eio je nemilosrdno iskori\u0161tavanje radnika i radnica od strane vlasnika i poslodavaca. Male dnevnice, dnevni rad od 12 do &nbsp;18 sati, iskori\u0161tavanje dje\u010dije radne snage i \u017eivot na ivici egzistencije rezultirali su nizom \u0161trajkova u kojima su se zahtijevali dostojniji uslovi rada i \u017eivota. Najve\u0107i zamah radni\u010dki pokreti su do\u017eivjeli u zemlji koja je imala najbr\u017ee rastu\u0107u industriju \u2013 SAD.<\/p>\n\n\n\n<p>Vrhunac se dogodio u \u010cikagu, maja 1886. godine, kada je na ulice iza\u0161la masa od oko 40.000 pripadnika radni\u010dkog pokreta isti\u010du\u0107i zahtjeve simbolizirane u tri osmice: 8 sati rada, 8 sati odmora i 8 sati kulturnog obrazovanja. Vlast je na demonstrante poslala jake policijske snage te je izbio \u017eestoki sukob pri \u010demu je \u0161est radnika ubijeno, a njih pedesetak ranjeno. Mnogo demonstranata je uhap\u0161eno, a vo\u0111e \u0161trajka izvedene su pred sud. Petero ih je osu\u0111eno na smrt, a trojica na dugogodi\u0161nju robiju.<\/p>\n\n\n\n<p>Tri godine kasnije, 1889. godine, na prvom kongresu Druge internacionale odlu\u010deno je da \u0107e se svakog 1. maja odr\u017eavati demonstracije dok god radnici i radnice ne izbore pravo na dostojan \u017eivot i rad. Ve\u0107 od sljede\u0107e godine taj dan se slavi kao me\u0111unarodni dan op\u0107e solidarnosti radni\u0161tva.<\/p>\n\n\n\n<p>Trebalo je pro\u0107i nekoliko decenija dok su se radnici i radnice, prvenstveno u zapadnim demokratskim zemljama, djelovanjem sve ja\u010dih sindikata, uspjeli izboriti za ne\u0161to ve\u0107a prava sporazumijevaju\u0107i se sa poslodavcima uz posredovanje dr\u017eave, tako da su se vremenom smirile socijalne tenzije.<\/p>\n\n\n\n<p>Zbog kasnijih povezivanja sa jednopartijskim sistemom i bolj\u0161evi\u010dkim komunizmom, Sjedinjene Ameri\u010dke Dr\u017eave pomjerile su proslavu 1. maja na septembar.<\/p>\n\n\n\n<p>Nakon pada bloka jednopartijskih re\u017eima, Prvi maj dobija novu afirmaciju kao dan borbe za radna i ljudska prava razvojem sindikalizma i nastankom nove ljevice, koja je demokratska, te se protivi autoritarnosti.<\/p>\n\n\n\n<p>Me\u0111unarodni praznik rada obilje\u017eava se velikim mar\u0161evima, akcijama i demonstracijama, koje organizuju razli\u010diti pripadnici i simpatizeri radni\u010dkog, sindikalnog i \u0161irokog antikapitalisti\u010dkog pokreta.<\/p>\n\n\n\n<p class=\"has-text-align-center has-medium-font-size\"><strong>Svim \u010dlanovima i \u010dlanicama Sindikata srednjeg i visokog obrazovanja, odgoja, nauke i<br>kulture BiH \u017eelimo sretan 1. maj &#8211; Me\u0111unarodni praznik rada!<\/strong><\/p>\n\n\n\n<p><br>Mr.sc. D\u017eemaludin Poturovi\u0107, predsjednik<\/p>\n","protected":false},"excerpt":{"rendered":"<p>Me\u0111unarodni praznik rada ili Prvi maj&nbsp;je praznik kojim pripadnici i simpatizeri radni\u010dkog pokreta iskazuju op\u0107u solidarnost radni\u0161tva i obilje\u017eavaju sje\u0107anje na dostignu\u0107a radni\u010dkog pokreta, odnosno \u017ertve koje su pripadnici radni\u010dkog pokreta podnijeli kako bi&#46;&#46;&#46;<\/p>\n","protected":false},"author":1,"featured_media":1705,"comment_status":"closed","ping_status":"closed","sticky":false,"template":"","format":"standard","meta":{"jetpack_post_was_ever_published":false,"_jetpack_newsletter_access":"","_jetpack_dont_email_post_to_subs":false,"_jetpack_newsletter_tier_id":0,"_jetpack_memberships_contains_paywalled_content":false,"_jetpack_memberships_contains_paid_content":false,"footnotes":"","jetpack_publicize_message":"","jetpack_publicize_feature_enabled":true,"jetpack_social_post_already_shared":true,"jetpack_social_options":{"image_generator_settings":{"template":"highway","default_image_id":0,"font":"","enabled":false},"version":2}},"categories":[1,24],"tags":[],"class_list":["post-1704","post","type-post","status-publish","format-standard","has-post-thumbnail","hentry","category-aktualnosti","category-cestitke"],"jetpack_publicize_connections":[],"jetpack_featured_media_url":"https:\/\/www.ssvoonkbih.ba\/wp-content\/uploads\/2023\/04\/praznik_rada-1.jpg","jetpack_sharing_enabled":true,"jetpack_shortlink":"https:\/\/wp.me\/paRAHh-ru","_links":{"self":[{"href":"https:\/\/www.ssvoonkbih.ba\/index.php?rest_route=\/wp\/v2\/posts\/1704","targetHints":{"allow":["GET"]}}],"collection":[{"href":"https:\/\/www.ssvoonkbih.ba\/index.php?rest_route=\/wp\/v2\/posts"}],"about":[{"href":"https:\/\/www.ssvoonkbih.ba\/index.php?rest_route=\/wp\/v2\/types\/post"}],"author":[{"embeddable":true,"href":"https:\/\/www.ssvoonkbih.ba\/index.php?rest_route=\/wp\/v2\/users\/1"}],"replies":[{"embeddable":true,"href":"https:\/\/www.ssvoonkbih.ba\/index.php?rest_route=%2Fwp%2Fv2%2Fcomments&post=1704"}],"version-history":[{"count":4,"href":"https:\/\/www.ssvoonkbih.ba\/index.php?rest_route=\/wp\/v2\/posts\/1704\/revisions"}],"predecessor-version":[{"id":1714,"href":"https:\/\/www.ssvoonkbih.ba\/index.php?rest_route=\/wp\/v2\/posts\/1704\/revisions\/1714"}],"wp:featuredmedia":[{"embeddable":true,"href":"https:\/\/www.ssvoonkbih.ba\/index.php?rest_route=\/wp\/v2\/media\/1705"}],"wp:attachment":[{"href":"https:\/\/www.ssvoonkbih.ba\/index.php?rest_route=%2Fwp%2Fv2%2Fmedia&parent=1704"}],"wp:term":[{"taxonomy":"category","embeddable":true,"href":"https:\/\/www.ssvoonkbih.ba\/index.php?rest_route=%2Fwp%2Fv2%2Fcategories&post=1704"},{"taxonomy":"post_tag","embeddable":true,"href":"https:\/\/www.ssvoonkbih.ba\/index.php?rest_route=%2Fwp%2Fv2%2Ftags&post=1704"}],"curies":[{"name":"wp","href":"https:\/\/api.w.org\/{rel}","templated":true}]}}