{"id":1792,"date":"2023-09-25T12:19:46","date_gmt":"2023-09-25T12:19:46","guid":{"rendered":"https:\/\/www.ssvoonkbih.ba\/?p=1792"},"modified":"2023-09-25T12:24:33","modified_gmt":"2023-09-25T12:24:33","slug":"cestitka-za-5-oktobar-svjetski-dan-nastavnika","status":"publish","type":"post","link":"https:\/\/www.ssvoonkbih.ba\/?p=1792","title":{"rendered":"\u010cestitka za 5. oktobar \u2013 Svjetski dan nastavnika"},"content":{"rendered":"<div class=\"wp-block-image\">\n<figure class=\"aligncenter size-large\"><img loading=\"lazy\" decoding=\"async\" width=\"736\" height=\"1024\" src=\"https:\/\/www.ssvoonkbih.ba\/wp-content\/uploads\/2023\/09\/Poster-Svjetski-dan-nastavnika-BOSANSKI-3-2023-png-736x1024.jpg\" alt=\"\" class=\"wp-image-1793\" srcset=\"https:\/\/www.ssvoonkbih.ba\/wp-content\/uploads\/2023\/09\/Poster-Svjetski-dan-nastavnika-BOSANSKI-3-2023-png-736x1024.jpg 736w, https:\/\/www.ssvoonkbih.ba\/wp-content\/uploads\/2023\/09\/Poster-Svjetski-dan-nastavnika-BOSANSKI-3-2023-png-216x300.jpg 216w, https:\/\/www.ssvoonkbih.ba\/wp-content\/uploads\/2023\/09\/Poster-Svjetski-dan-nastavnika-BOSANSKI-3-2023-png-768x1068.jpg 768w, https:\/\/www.ssvoonkbih.ba\/wp-content\/uploads\/2023\/09\/Poster-Svjetski-dan-nastavnika-BOSANSKI-3-2023-png-1104x1536.jpg 1104w, https:\/\/www.ssvoonkbih.ba\/wp-content\/uploads\/2023\/09\/Poster-Svjetski-dan-nastavnika-BOSANSKI-3-2023-png-1472x2048.jpg 1472w, https:\/\/www.ssvoonkbih.ba\/wp-content\/uploads\/2023\/09\/Poster-Svjetski-dan-nastavnika-BOSANSKI-3-2023-png.jpg 1751w\" sizes=\"auto, (max-width: 736px) 100vw, 736px\" \/><\/figure>\n<\/div>\n\n\n<p><\/p>\n\n\n\n<p>Po\u0161tovane kolegice i kolege,<\/p>\n\n\n\n<p>svake godine u vi\u0161e od 150 zemalja \u0161irom svijeta obilje\u017eava se Peti oktobar \u2013 Svjetski dan nastavnika.<br>Svjetska organizacija prosvjetnih radnika (Education International), \u010diji smo punopravni \u010dlanovi, i ove godine ukazuje na zna\u010daj nastavni\u010dke profesije. UNESCO je 5. oktobar proglasio Svjetskim danom nastavnika\/ca jo\u0161 1994. godine, u znak sje\u0107anja na isti datum 1966. godine kada je potpisana Preporuka o statusu nastavnika\/ca.<\/p>\n\n\n\n<p>Tema Svjetskog dana nastavnika 2023. godine je \u201c<strong>Nastavnici kakve trebamo za obrazovanje koje \u017eelimo: globalni imperativ za prevladavanje nedostatka nastavnika<\/strong>\u201d.<br>Ovaj doga\u0111aj \u0107e nam dati priliku da proslavimo na\u0161a postignu\u0107a i zacrtamo put naprijed.<\/p>\n\n\n\n<p>Ima toliko toga \u010dime se mo\u017eemo ponositi, ali, isto tako, suo\u010davamo se sa problemom nedostatka nastavnika, \u0161to je postao prioritet i za me\u0111unarodne institucije. Sve ovo je dovelo do stvaranja Komisije visokog nivoa Ujedinjenih nacija za nastavni\u010dku profesiju. Mnogi od nas pobje\u0111uju u te\u0161ko vo\u0111enim bitkama za svoje \u010dlanove i svi zajedno istrajavamo uprkos svim izazovima. To je duh obrazovnog sindikalizma. Nastavit \u0107emo da se organizujemo kako bismo osigurali \u0161to bolje finansiranje javnog obrazovanja i potrebnu obrazovnu radnu snagu.<\/p>\n\n\n\n<ol class=\"wp-block-list\" start=\"5\">\n<li>oktobra crpit \u0107emo snagu iz na\u0161e solidarnosti.<\/li>\n<\/ol>\n\n\n\n<p>SSVOONK BiH \u0107e se pridru\u017eiti suorganizatorima Svjetskog dana nastavnika \u2013 UNESCO, Me\u0111unarodnoj organizaciji rada i UNICEF-u, kako bismo razgovarali o globalnom nedostatku nastavnika, hitnoj potrebi ulaganja u nastavnike i potpunom finansiranju javnog obrazovanja.<br>Ne samo na ovaj dan ve\u0107 tokom cijele godine trebamo pokazati da razumijemo plemeniti i te\u0161ki rad nastavnika, da cijenimo njihovo zalaganje za sigurnost u\u010denika, za \u0161to bolje uvjete za podu\u010davanje i usvajanje znanja, jer nastavni\u010dka profesija ne samo \u0161to je plemenita nego je i odgovorna i vrlo zahtjevna.<br>Dan nastavnika u na\u0161oj Bosni i Hercegovini obilje\u017eava se radno i sve\u010dano.<\/p>\n\n\n\n<p class=\"has-text-align-center\"><br>Svim nastavnicima,<\/p>\n\n\n\n<p class=\"has-text-align-center\"><strong>\u010cestitamo 5. oktobar \u2013 SVJETSKI DAN NASTAVNIKA!<\/strong><\/p>\n\n\n\n<p>Predsjednik SSVOONK BiH<br>Mr. sc. D\u017eemaludin Poturovi\u0107<\/p>\n\n\n<p>[google-drive-embed url=&#8221;https:\/\/drive.google.com\/file\/d\/1R6e1bZlI-p3U_U18-ZaozBDK1k_aQhrX\/preview?usp=drivesdk&#8221; title=&#8221;\u010destitka povodom Dana nastavnika &#8211; oktobar 2023.pdf&#8221; icon=&#8221;https:\/\/drive-thirdparty.googleusercontent.com\/16\/type\/application\/pdf&#8221; width=&#8221;100%&#8221; height=&#8221;1000&#8243; style=&#8221;embed&#8221;]<\/p>\n\n\n<p>[google-drive-embed url=&#8221;https:\/\/drive.google.com\/file\/d\/1dRX00ewFQBlkwlDipbQBFS4MOXnxOeF6\/preview?usp=drivesdk&#8221; title=&#8221;Poster Svjetski dan nastavnika &#8211; BOSANSKI 2 2023 png-1.pdf&#8221; icon=&#8221;https:\/\/drive-thirdparty.googleusercontent.com\/16\/type\/application\/pdf&#8221; width=&#8221;100%&#8221; height=&#8221;1000&#8243; style=&#8221;embed&#8221;]<\/p>\n","protected":false},"excerpt":{"rendered":"<p>Po\u0161tovane kolegice i kolege, svake godine u vi\u0161e od 150 zemalja \u0161irom svijeta obilje\u017eava se Peti oktobar \u2013 Svjetski dan nastavnika.Svjetska organizacija prosvjetnih radnika (Education International), \u010diji smo punopravni \u010dlanovi, i ove godine ukazuje&#46;&#46;&#46;<\/p>\n","protected":false},"author":1,"featured_media":1793,"comment_status":"closed","ping_status":"closed","sticky":false,"template":"","format":"standard","meta":{"jetpack_post_was_ever_published":false,"_jetpack_newsletter_access":"","_jetpack_dont_email_post_to_subs":false,"_jetpack_newsletter_tier_id":0,"_jetpack_memberships_contains_paywalled_content":false,"_jetpack_memberships_contains_paid_content":false,"footnotes":"","jetpack_publicize_message":"","jetpack_publicize_feature_enabled":true,"jetpack_social_post_already_shared":true,"jetpack_social_options":{"image_generator_settings":{"template":"highway","default_image_id":0,"font":"","enabled":false},"version":2}},"categories":[1,24],"tags":[],"class_list":["post-1792","post","type-post","status-publish","format-standard","has-post-thumbnail","hentry","category-aktualnosti","category-cestitke"],"jetpack_publicize_connections":[],"jetpack_featured_media_url":"https:\/\/www.ssvoonkbih.ba\/wp-content\/uploads\/2023\/09\/Poster-Svjetski-dan-nastavnika-BOSANSKI-3-2023-png.jpg","jetpack_sharing_enabled":true,"jetpack_shortlink":"https:\/\/wp.me\/paRAHh-sU","_links":{"self":[{"href":"https:\/\/www.ssvoonkbih.ba\/index.php?rest_route=\/wp\/v2\/posts\/1792","targetHints":{"allow":["GET"]}}],"collection":[{"href":"https:\/\/www.ssvoonkbih.ba\/index.php?rest_route=\/wp\/v2\/posts"}],"about":[{"href":"https:\/\/www.ssvoonkbih.ba\/index.php?rest_route=\/wp\/v2\/types\/post"}],"author":[{"embeddable":true,"href":"https:\/\/www.ssvoonkbih.ba\/index.php?rest_route=\/wp\/v2\/users\/1"}],"replies":[{"embeddable":true,"href":"https:\/\/www.ssvoonkbih.ba\/index.php?rest_route=%2Fwp%2Fv2%2Fcomments&post=1792"}],"version-history":[{"count":4,"href":"https:\/\/www.ssvoonkbih.ba\/index.php?rest_route=\/wp\/v2\/posts\/1792\/revisions"}],"predecessor-version":[{"id":1798,"href":"https:\/\/www.ssvoonkbih.ba\/index.php?rest_route=\/wp\/v2\/posts\/1792\/revisions\/1798"}],"wp:featuredmedia":[{"embeddable":true,"href":"https:\/\/www.ssvoonkbih.ba\/index.php?rest_route=\/wp\/v2\/media\/1793"}],"wp:attachment":[{"href":"https:\/\/www.ssvoonkbih.ba\/index.php?rest_route=%2Fwp%2Fv2%2Fmedia&parent=1792"}],"wp:term":[{"taxonomy":"category","embeddable":true,"href":"https:\/\/www.ssvoonkbih.ba\/index.php?rest_route=%2Fwp%2Fv2%2Fcategories&post=1792"},{"taxonomy":"post_tag","embeddable":true,"href":"https:\/\/www.ssvoonkbih.ba\/index.php?rest_route=%2Fwp%2Fv2%2Ftags&post=1792"}],"curies":[{"name":"wp","href":"https:\/\/api.w.org\/{rel}","templated":true}]}}