{"id":1801,"date":"2023-10-04T12:13:57","date_gmt":"2023-10-04T12:13:57","guid":{"rendered":"https:\/\/www.ssvoonkbih.ba\/?p=1801"},"modified":"2023-10-04T12:43:20","modified_gmt":"2023-10-04T12:43:20","slug":"svecana-sjednica-upravnog-odbora","status":"publish","type":"post","link":"https:\/\/www.ssvoonkbih.ba\/?p=1801","title":{"rendered":"Sve\u010dana sjednica Upravnog odbora"},"content":{"rendered":"<div class=\"wp-block-image\">\n<figure class=\"aligncenter size-large\"><img loading=\"lazy\" decoding=\"async\" width=\"1024\" height=\"768\" src=\"https:\/\/www.ssvoonkbih.ba\/wp-content\/uploads\/2023\/10\/IMG-c7255fc0154bd6717addb13b41632250-V-1024x768.jpg\" alt=\"\" class=\"wp-image-1802\" srcset=\"https:\/\/www.ssvoonkbih.ba\/wp-content\/uploads\/2023\/10\/IMG-c7255fc0154bd6717addb13b41632250-V-1024x768.jpg 1024w, https:\/\/www.ssvoonkbih.ba\/wp-content\/uploads\/2023\/10\/IMG-c7255fc0154bd6717addb13b41632250-V-300x225.jpg 300w, https:\/\/www.ssvoonkbih.ba\/wp-content\/uploads\/2023\/10\/IMG-c7255fc0154bd6717addb13b41632250-V-768x576.jpg 768w, https:\/\/www.ssvoonkbih.ba\/wp-content\/uploads\/2023\/10\/IMG-c7255fc0154bd6717addb13b41632250-V-1536x1152.jpg 1536w, https:\/\/www.ssvoonkbih.ba\/wp-content\/uploads\/2023\/10\/IMG-c7255fc0154bd6717addb13b41632250-V.jpg 1600w\" sizes=\"auto, (max-width: 1024px) 100vw, 1024px\" \/><\/figure>\n<\/div>\n\n\n<p>Dana 4. oktobra 2023. godine odr\u017eana je sve\u010dana sjednica Upravnog odbora Sindikata srednjeg i visokog obrazovanja, odgoja, nauke i kulture Bosne i Hercegovine povodom <strong>5. oktobra &#8211; Svjetskog dana nastavnika<\/strong>.<\/p>\n\n\n\n<p class=\"has-medium-font-size\">Svjetski dan nastavnika obilje\u017eava se svake godine 5. oktobra. Taj dan je prigodna prilika da se poka\u017ee da je rad u\u010ditelja i nastavniku prepoznat kao jedan od najva\u017enijih za ukupan razvoj dru\u0161tva te da se kao takav i cijeni. Cilj Svjetskog dana nastavnika je mobilizirati podr\u0161ku za nastavnike kako bi se osiguralo da \u0107e u\u010ditelji i dalje ispunjavati potrebe budu\u0107ih generacija te podi\u0107i obrazovanje na nivo dru\u0161tvene va\u017enosti, izvu\u0107i nastavnike iz poluanonimnosti i dati im dru\u0161tvenu va\u017enost koju zaslu\u017euju. Prilika je to i za isticanje va\u017enosti rada svih u\u010ditelja i nastavnika i njihov utjecaj na razvoj dru\u0161tva u cjelini, te da se naglasi va\u017enost te profesije, ali i samog obrazovanja \u010diji su oni nosioci, stoga se taj dan obilje\u017eava u vise od 150 zemalja svijeta, pa tako i u Bosni i Hercegovini. Ovaj dan je proglasio UNESCO 1994. godine u znak sje\u0107anja na isti datum 1966. godine kada je potpisana Preporuka o statusu nastavnika.<br>Obrazovna lnternacionala (EI), svjetska federacija sindikata stru\u010dnjaka u obrazovanju sa sjedi\u0161tem u Briselu, \u010dvrsto vjeruje da Svjetski dan nastavnika treba biti me\u0111unarodno priznat i obilje\u017eavati se u cijelom svijetu. Napori Obrazovne internacionale i njene 401 \u010dlanice doprinijeli su me\u0111unarodnom priznanju i obilje\u017eavanju toga dana \u0161irom svijeta.<br>Nastavni\u010dka profesija je jedno od najstarijih zanimanja koja imaju korijene u periodima prije nastanka \u0161kole kao institucije. Svako dru\u0161tvo je za ovaj poziv biralo ljude u koje su imali najvi\u0161e povjerenja i koji su bili najcjenjeniji u dru\u0161tvu. Ovaj dan, Svjetski dan nastavnika, obilje\u017eava se i u na\u0161oj domovini i u svijetu, sa ciljem da se istakne uloga prosvjetnih radnika u obrazovanju i razvoju djece, te da se naglase principi i preporuke o polo\u017eaju u\u010ditelja, nastavnika i profesora. Uloga nastavnika u \u0161koli je od velikog zna\u010daja. Svaki nastavnik svojim pristupom i radom mo\u017ee doprinijeti pobolj\u0161anju kako svoga rada s u\u010denicima tako i svog utjecaja na okolinu u kojoj djeluje. Sve\u010dana izjava obrazovnih radnika donesena 1966. godine:<br>\u201eIzvr\u0161it \u0107u obavezu svjesno i ponosno. Moji u\u010denici bit \u0107e, ne samo moji u\u010denici nego i djeca i ne\u0107u nikada zaboraviti da za njihovu sudbinu i sam snosim dio odgovornosti. Sa\u010duvat \u0107u svim mogu\u0107im raspolo\u017eivim sredstvima \u010dast nastavni\u010dkog zanimanja. Moje kolege bit \u0107e uvijek moji prijatelji. U suradnji s njima, nastojat \u0107u stalno usavr\u0161avati puteve kojima \u0161kola ide u smislu djelotvornog priznavanja svima prava na odgoj i socijalnu pravednost u obrazovanju. Ovo sve\u010dano obe\u0107anje dajem potpuno slobodno i \u010dasno.\u201c<br><strong>Dragi na\u0161i u\u010ditelji\/u\u010diteljice, nastavnici\/nastavnice, profesori\/profesorice i svi vi koji nam poma\u017eete da lak\u0161e savladamo put koji je pred nama \u017eelimo vam sretan Dan nastavnika!<\/strong><\/p>\n\n\n\n<p>SSVOONKBiH<\/p>\n\n\n\n<figure class=\"wp-block-gallery has-nested-images columns-default is-cropped wp-block-gallery-1 is-layout-flex wp-block-gallery-is-layout-flex\">\n<figure class=\"wp-block-image size-large\"><img loading=\"lazy\" decoding=\"async\" width=\"479\" height=\"1024\" data-id=\"1805\" src=\"https:\/\/www.ssvoonkbih.ba\/wp-content\/uploads\/2023\/10\/IMG-e95479b0662b082268e25e58613b2d34-V-479x1024.jpg\" alt=\"\" class=\"wp-image-1805\" srcset=\"https:\/\/www.ssvoonkbih.ba\/wp-content\/uploads\/2023\/10\/IMG-e95479b0662b082268e25e58613b2d34-V-479x1024.jpg 479w, https:\/\/www.ssvoonkbih.ba\/wp-content\/uploads\/2023\/10\/IMG-e95479b0662b082268e25e58613b2d34-V-140x300.jpg 140w, https:\/\/www.ssvoonkbih.ba\/wp-content\/uploads\/2023\/10\/IMG-e95479b0662b082268e25e58613b2d34-V-768x1641.jpg 768w, https:\/\/www.ssvoonkbih.ba\/wp-content\/uploads\/2023\/10\/IMG-e95479b0662b082268e25e58613b2d34-V-719x1536.jpg 719w, https:\/\/www.ssvoonkbih.ba\/wp-content\/uploads\/2023\/10\/IMG-e95479b0662b082268e25e58613b2d34-V.jpg 842w\" sizes=\"auto, (max-width: 479px) 100vw, 479px\" \/><\/figure>\n\n\n\n<figure class=\"wp-block-image size-large\"><img loading=\"lazy\" decoding=\"async\" width=\"1024\" height=\"768\" data-id=\"1802\" src=\"https:\/\/www.ssvoonkbih.ba\/wp-content\/uploads\/2023\/10\/IMG-c7255fc0154bd6717addb13b41632250-V-1024x768.jpg\" alt=\"\" class=\"wp-image-1802\" srcset=\"https:\/\/www.ssvoonkbih.ba\/wp-content\/uploads\/2023\/10\/IMG-c7255fc0154bd6717addb13b41632250-V-1024x768.jpg 1024w, https:\/\/www.ssvoonkbih.ba\/wp-content\/uploads\/2023\/10\/IMG-c7255fc0154bd6717addb13b41632250-V-300x225.jpg 300w, https:\/\/www.ssvoonkbih.ba\/wp-content\/uploads\/2023\/10\/IMG-c7255fc0154bd6717addb13b41632250-V-768x576.jpg 768w, https:\/\/www.ssvoonkbih.ba\/wp-content\/uploads\/2023\/10\/IMG-c7255fc0154bd6717addb13b41632250-V-1536x1152.jpg 1536w, https:\/\/www.ssvoonkbih.ba\/wp-content\/uploads\/2023\/10\/IMG-c7255fc0154bd6717addb13b41632250-V.jpg 1600w\" sizes=\"auto, (max-width: 1024px) 100vw, 1024px\" \/><\/figure>\n\n\n\n<figure class=\"wp-block-image size-large\"><img loading=\"lazy\" decoding=\"async\" width=\"736\" height=\"1024\" data-id=\"1793\" src=\"https:\/\/www.ssvoonkbih.ba\/wp-content\/uploads\/2023\/09\/Poster-Svjetski-dan-nastavnika-BOSANSKI-3-2023-png-736x1024.jpg\" alt=\"\" class=\"wp-image-1793\" srcset=\"https:\/\/www.ssvoonkbih.ba\/wp-content\/uploads\/2023\/09\/Poster-Svjetski-dan-nastavnika-BOSANSKI-3-2023-png-736x1024.jpg 736w, https:\/\/www.ssvoonkbih.ba\/wp-content\/uploads\/2023\/09\/Poster-Svjetski-dan-nastavnika-BOSANSKI-3-2023-png-216x300.jpg 216w, https:\/\/www.ssvoonkbih.ba\/wp-content\/uploads\/2023\/09\/Poster-Svjetski-dan-nastavnika-BOSANSKI-3-2023-png-768x1068.jpg 768w, https:\/\/www.ssvoonkbih.ba\/wp-content\/uploads\/2023\/09\/Poster-Svjetski-dan-nastavnika-BOSANSKI-3-2023-png-1104x1536.jpg 1104w, https:\/\/www.ssvoonkbih.ba\/wp-content\/uploads\/2023\/09\/Poster-Svjetski-dan-nastavnika-BOSANSKI-3-2023-png-1472x2048.jpg 1472w, https:\/\/www.ssvoonkbih.ba\/wp-content\/uploads\/2023\/09\/Poster-Svjetski-dan-nastavnika-BOSANSKI-3-2023-png.jpg 1751w\" sizes=\"auto, (max-width: 736px) 100vw, 736px\" \/><\/figure>\n<\/figure>\n","protected":false},"excerpt":{"rendered":"<p>Dana 4. oktobra 2023. godine odr\u017eana je sve\u010dana sjednica Upravnog odbora Sindikata srednjeg i visokog obrazovanja, odgoja, nauke i kulture Bosne i Hercegovine povodom 5. oktobra &#8211; Svjetskog dana nastavnika. Svjetski dan nastavnika obilje\u017eava&#46;&#46;&#46;<\/p>\n","protected":false},"author":1,"featured_media":1802,"comment_status":"closed","ping_status":"closed","sticky":false,"template":"","format":"standard","meta":{"jetpack_post_was_ever_published":false,"_jetpack_newsletter_access":"","_jetpack_dont_email_post_to_subs":false,"_jetpack_newsletter_tier_id":0,"_jetpack_memberships_contains_paywalled_content":false,"_jetpack_memberships_contains_paid_content":false,"footnotes":"","jetpack_publicize_message":"","jetpack_publicize_feature_enabled":true,"jetpack_social_post_already_shared":true,"jetpack_social_options":{"image_generator_settings":{"template":"highway","default_image_id":0,"font":"","enabled":false},"version":2}},"categories":[1,24,18,25],"tags":[],"class_list":["post-1801","post","type-post","status-publish","format-standard","has-post-thumbnail","hentry","category-aktualnosti","category-cestitke","category-dogadjaji","category-informacije"],"jetpack_publicize_connections":[],"jetpack_featured_media_url":"https:\/\/www.ssvoonkbih.ba\/wp-content\/uploads\/2023\/10\/IMG-c7255fc0154bd6717addb13b41632250-V.jpg","jetpack_sharing_enabled":true,"jetpack_shortlink":"https:\/\/wp.me\/paRAHh-t3","_links":{"self":[{"href":"https:\/\/www.ssvoonkbih.ba\/index.php?rest_route=\/wp\/v2\/posts\/1801","targetHints":{"allow":["GET"]}}],"collection":[{"href":"https:\/\/www.ssvoonkbih.ba\/index.php?rest_route=\/wp\/v2\/posts"}],"about":[{"href":"https:\/\/www.ssvoonkbih.ba\/index.php?rest_route=\/wp\/v2\/types\/post"}],"author":[{"embeddable":true,"href":"https:\/\/www.ssvoonkbih.ba\/index.php?rest_route=\/wp\/v2\/users\/1"}],"replies":[{"embeddable":true,"href":"https:\/\/www.ssvoonkbih.ba\/index.php?rest_route=%2Fwp%2Fv2%2Fcomments&post=1801"}],"version-history":[{"count":4,"href":"https:\/\/www.ssvoonkbih.ba\/index.php?rest_route=\/wp\/v2\/posts\/1801\/revisions"}],"predecessor-version":[{"id":1808,"href":"https:\/\/www.ssvoonkbih.ba\/index.php?rest_route=\/wp\/v2\/posts\/1801\/revisions\/1808"}],"wp:featuredmedia":[{"embeddable":true,"href":"https:\/\/www.ssvoonkbih.ba\/index.php?rest_route=\/wp\/v2\/media\/1802"}],"wp:attachment":[{"href":"https:\/\/www.ssvoonkbih.ba\/index.php?rest_route=%2Fwp%2Fv2%2Fmedia&parent=1801"}],"wp:term":[{"taxonomy":"category","embeddable":true,"href":"https:\/\/www.ssvoonkbih.ba\/index.php?rest_route=%2Fwp%2Fv2%2Fcategories&post=1801"},{"taxonomy":"post_tag","embeddable":true,"href":"https:\/\/www.ssvoonkbih.ba\/index.php?rest_route=%2Fwp%2Fv2%2Ftags&post=1801"}],"curies":[{"name":"wp","href":"https:\/\/api.w.org\/{rel}","templated":true}]}}