{"id":1887,"date":"2024-03-07T10:36:10","date_gmt":"2024-03-07T10:36:10","guid":{"rendered":"https:\/\/www.ssvoonkbih.ba\/?p=1887"},"modified":"2024-03-07T14:52:04","modified_gmt":"2024-03-07T14:52:04","slug":"cestitka-za-8-mart-dan-zena","status":"publish","type":"post","link":"https:\/\/www.ssvoonkbih.ba\/?p=1887","title":{"rendered":"\u010cestitka za 8. mart &#8211; Dan \u017eena"},"content":{"rendered":"<div class=\"wp-block-image\">\n<figure class=\"aligncenter size-large\"><img loading=\"lazy\" decoding=\"async\" width=\"1024\" height=\"683\" src=\"https:\/\/www.ssvoonkbih.ba\/wp-content\/uploads\/2024\/03\/Cestitka-8.-mart-2024-ssvoonkbih-1024x683.jpg\" alt=\"\" class=\"wp-image-1888\" srcset=\"https:\/\/www.ssvoonkbih.ba\/wp-content\/uploads\/2024\/03\/Cestitka-8.-mart-2024-ssvoonkbih-1024x683.jpg 1024w, https:\/\/www.ssvoonkbih.ba\/wp-content\/uploads\/2024\/03\/Cestitka-8.-mart-2024-ssvoonkbih-300x200.jpg 300w, https:\/\/www.ssvoonkbih.ba\/wp-content\/uploads\/2024\/03\/Cestitka-8.-mart-2024-ssvoonkbih-768x512.jpg 768w, https:\/\/www.ssvoonkbih.ba\/wp-content\/uploads\/2024\/03\/Cestitka-8.-mart-2024-ssvoonkbih.jpg 1200w\" sizes=\"auto, (max-width: 1024px) 100vw, 1024px\" \/><\/figure>\n<\/div>\n\n\n<p class=\"has-medium-font-size\"><strong>Cijenjene kolegice, \u010dlanice SSVOONK-a BiH!<\/strong><\/p>\n\n\n\n<p class=\"has-medium-font-size\"><strong>Ovo je samo jedan dan kada trebate biti obasute ljubavlju, sre\u0107om i po\u0161tovanjem, jer ste vi najve\u0107i i najzna\u010dajniji stub porodice, ali i dru\u0161tva u cjelini. Zbog toga u svakom trenutku zaslu\u017eujete \u00a0posebno mjesto u tom dru\u0161tvu. Briga, pa\u017enja i ljubav koju poklanjate svakodnevno, neka vam budu uzvra\u0107eni svakog dana.<\/strong><\/p>\n\n\n\n<p class=\"has-text-align-right has-medium-font-size\"><strong>Edina \u010comi\u0107, potpredsjednica \u00a0SSVOONK-a \u00a0BiH<\/strong><\/p>\n\n\n\n<div data-wp-interactive=\"core\/file\" class=\"wp-block-file\"><object data-wp-bind--hidden=\"!state.hasPdfPreview\" hidden class=\"wp-block-file__embed\" data=\"https:\/\/www.ssvoonkbih.ba\/wp-content\/uploads\/2024\/03\/Dan-zena-2024.pdf\" type=\"application\/pdf\" style=\"width:100%;height:600px\" aria-label=\"Embed of Dan-zena-2024.\"><\/object><a id=\"wp-block-file--media-170614e2-f299-4c55-90ea-4c921a80f23a\" href=\"https:\/\/www.ssvoonkbih.ba\/wp-content\/uploads\/2024\/03\/Dan-zena-2024.pdf\">Dan-zena-2024<\/a><\/div>\n\n\n\n<p>U SUSRET 8. MARTU<br>Osmi mart simbolizira stoljetnu borbu \u017eena za ravnopravnost, bolje uslove rada i pravo glasa. Ovaj praznik svoj korijen vu\u010de od 8. marta 1857. godine, kada su \u017eene zaposlene u industriji odje\u0107e i tekstila organizovale demonstracije u New Yorku, protestvuju\u0107i zbog lo\u0161ih uslova rada i niskih plata. Demonstracije je suzbila policija, a \u017eene su dva mjeseca kasnije osnovale sindikat.<br>Protesti na 8. mart su organizovani i narednih godina &#8211; najpoznatiji bio je onaj iz 1908. godine, kada je 15 000 \u017eena mar\u0161iralo kroz New York tra\u017ee\u0107i kra\u0107e radno vrijeme, bolje plate i pravo glasa.<br>Me\u0111unarodni dan \u017eena ustanovljen je na Prvoj me\u0111unarodnoj konferenciji \u017eena odr\u017eanoj u Kopenhagenu 1910. godine, u organizaciji Socijalisti\u010dke Internacionale, na prijedlog njema\u010dke socijalistice Clare Zetkin. Ujedinjene nacije su od 1975. godine, koja je progla\u0161ena Me\u0111unarodnom godinom \u017eene, slu\u017ebeno po\u010dele obilje\u017eavati Me\u0111unarodni dan \u017eena.<br>Tokom vremena ostvaren je zna\u010dajan napredak u pobolj\u0161anju i promociji socijalnih, ekonomskih i politi\u010dkih prava \u017eena, ali \u017eene jo\u0161 uvijek nisu dostigle status koji zaslu\u017euju i trebaju imati.<br>Danas \u017eene imaju pravo glasa, ali ih je malo na mjestima odlu\u010divanja.<br>Uslovi rada su bolji, ali su \u010desto manje pla\u0107ene od svojih mu\u0161kih kolega.<br>\u017dene \u010dine najve\u0107i broj nezaposlenih.<br>Prema podacima Eurostata, ve\u0107ina radnika koji imaju ugovore o radu na odre\u0111eno vrijeme ili su anga\u017eovani u drugim oblicima prekarnog rada, su \u017eene.<br>\u017dene imaju jednako pravo naslije\u0111ivanja i posjedovanja imovine, ali posjeduju samo 2% svjetske imovine.<br>\u017dene imaju pravo na \u0161kolovanje, ali \u010dine preko 60% nepismenih u svijetu.<br>\u017dene imaju pravo na izbor partnera, ali daleko skuplje pla\u0107aju gre\u0161ku u tom izboru &#8211; uglavnom su \u017eene \u017ertve porodi\u010dnog nasilja, a njihova za\u0161tita nije zadovoljavaju\u0107a.<br>Osmi mart je, kao i ve\u0107ina praznika, podlegao komercijalizaciji. Lijepo je \u0161to se na ovaj dan \u017eenama ukazuje pa\u017enja i poklanja cvije\u0107e, ali se ne smije zaboraviti njegova su\u0161tina i zna\u010daj. Osmi mart treba biti podsje\u0107anje na stoljetnu borbu \u017eena za jednakost, ravnopravnost, uklju\u010denost, ekonomska i socijalna prava i politi\u010dka prava &#8211; ova borba jo\u0161 uvijek traje!<br>\u017dena je srce porodice, a porodica je osnovna \u0107elija dru\u0161tva. Zaslu\u017eenu pa\u017enju koju imaju za Osmi mart, \u017eene trebaju imati stalno.<\/p>\n\n\n\n<p><br><strong>Svim \u017eenama, majkama, radnicama, k\u0107erkama, suprugama, sestrama, doma\u0107icama, sindikalnim i dru\u0161tvenim aktivisticama, \u010destitamo Osmi mart &#8211; Dan \u017eena!<\/strong><\/p>\n\n\n\n<p class=\"has-text-align-right\"><\/p>\n","protected":false},"excerpt":{"rendered":"<p>Cijenjene kolegice, \u010dlanice SSVOONK-a BiH! Ovo je samo jedan dan kada trebate biti obasute ljubavlju, sre\u0107om i po\u0161tovanjem, jer ste vi najve\u0107i i najzna\u010dajniji stub porodice, ali i dru\u0161tva u cjelini. Zbog toga u&#46;&#46;&#46;<\/p>\n","protected":false},"author":1,"featured_media":1888,"comment_status":"closed","ping_status":"closed","sticky":false,"template":"","format":"standard","meta":{"jetpack_post_was_ever_published":false,"_jetpack_newsletter_access":"","_jetpack_dont_email_post_to_subs":false,"_jetpack_newsletter_tier_id":0,"_jetpack_memberships_contains_paywalled_content":false,"_jetpack_memberships_contains_paid_content":false,"footnotes":"","jetpack_publicize_message":"","jetpack_publicize_feature_enabled":true,"jetpack_social_post_already_shared":true,"jetpack_social_options":{"image_generator_settings":{"template":"highway","default_image_id":0,"font":"","enabled":false},"version":2}},"categories":[1,24],"tags":[],"class_list":["post-1887","post","type-post","status-publish","format-standard","has-post-thumbnail","hentry","category-aktualnosti","category-cestitke"],"jetpack_publicize_connections":[],"jetpack_featured_media_url":"https:\/\/www.ssvoonkbih.ba\/wp-content\/uploads\/2024\/03\/Cestitka-8.-mart-2024-ssvoonkbih.jpg","jetpack_sharing_enabled":true,"jetpack_shortlink":"https:\/\/wp.me\/paRAHh-ur","_links":{"self":[{"href":"https:\/\/www.ssvoonkbih.ba\/index.php?rest_route=\/wp\/v2\/posts\/1887","targetHints":{"allow":["GET"]}}],"collection":[{"href":"https:\/\/www.ssvoonkbih.ba\/index.php?rest_route=\/wp\/v2\/posts"}],"about":[{"href":"https:\/\/www.ssvoonkbih.ba\/index.php?rest_route=\/wp\/v2\/types\/post"}],"author":[{"embeddable":true,"href":"https:\/\/www.ssvoonkbih.ba\/index.php?rest_route=\/wp\/v2\/users\/1"}],"replies":[{"embeddable":true,"href":"https:\/\/www.ssvoonkbih.ba\/index.php?rest_route=%2Fwp%2Fv2%2Fcomments&post=1887"}],"version-history":[{"count":3,"href":"https:\/\/www.ssvoonkbih.ba\/index.php?rest_route=\/wp\/v2\/posts\/1887\/revisions"}],"predecessor-version":[{"id":1893,"href":"https:\/\/www.ssvoonkbih.ba\/index.php?rest_route=\/wp\/v2\/posts\/1887\/revisions\/1893"}],"wp:featuredmedia":[{"embeddable":true,"href":"https:\/\/www.ssvoonkbih.ba\/index.php?rest_route=\/wp\/v2\/media\/1888"}],"wp:attachment":[{"href":"https:\/\/www.ssvoonkbih.ba\/index.php?rest_route=%2Fwp%2Fv2%2Fmedia&parent=1887"}],"wp:term":[{"taxonomy":"category","embeddable":true,"href":"https:\/\/www.ssvoonkbih.ba\/index.php?rest_route=%2Fwp%2Fv2%2Fcategories&post=1887"},{"taxonomy":"post_tag","embeddable":true,"href":"https:\/\/www.ssvoonkbih.ba\/index.php?rest_route=%2Fwp%2Fv2%2Ftags&post=1887"}],"curies":[{"name":"wp","href":"https:\/\/api.w.org\/{rel}","templated":true}]}}