{"id":1948,"date":"2024-04-29T06:03:23","date_gmt":"2024-04-29T06:03:23","guid":{"rendered":"https:\/\/www.ssvoonkbih.ba\/?p=1948"},"modified":"2024-04-29T06:03:26","modified_gmt":"2024-04-29T06:03:26","slug":"medunarodni-praznik-rada","status":"publish","type":"post","link":"https:\/\/www.ssvoonkbih.ba\/?p=1948","title":{"rendered":"Me\u0111unarodni praznik rada"},"content":{"rendered":"\n<p class=\"has-text-align-right has-medium-font-size\">\u201eMo\u017eete nas u\u0107utkati sada, ali sje\u0107anje na nas \u0107e nas nad\u017eivjeti.\u201c<br>August Spajs, jedan od demonstranata osu\u0111enih na smrt<\/p>\n\n\n<div class=\"wp-block-image\">\n<figure class=\"aligncenter size-full\"><img loading=\"lazy\" decoding=\"async\" width=\"801\" height=\"600\" src=\"https:\/\/www.ssvoonkbih.ba\/wp-content\/uploads\/2024\/04\/Picture1.png\" alt=\"\" class=\"wp-image-1949\" srcset=\"https:\/\/www.ssvoonkbih.ba\/wp-content\/uploads\/2024\/04\/Picture1.png 801w, https:\/\/www.ssvoonkbih.ba\/wp-content\/uploads\/2024\/04\/Picture1-300x225.png 300w, https:\/\/www.ssvoonkbih.ba\/wp-content\/uploads\/2024\/04\/Picture1-768x575.png 768w\" sizes=\"auto, (max-width: 801px) 100vw, 801px\" \/><\/figure>\n<\/div>\n\n\n<p>Kada je Prvi maj progla\u0161en me\u0111unarodnim praznikom rada bilo je to s namjerom da se obilje\u017ei sje\u0107anje na radni\u010dke demonstracije 1886. godine u Chicagu.<\/p>\n\n\n\n<p>Bila je subota, jer se u to vrijeme radilo i subotom, radnici su napustili svoja radna mjesta i iza\u0161li na ulice Chicaga. Radili su po 10, 12 sati u velikim fabrikama i lo\u0161im uslovima. \u017deljeli su skratiti radni dan. Desetine hiljada radnika je u\u010destvovalo u tim demonstracijama, \u0161est ih je ubijeno, pedesetak ranjeno, petero je osu\u0111eno na smrt, a troje na dugogodi\u0161nju robiju. Tri godine kasnije, na Prvom kongresu Druge internacionale, odlu\u010deno je da \u0107e se svakog 1. maja odr\u017eavati demonstracije dok god radnice i radnici ne izbore pravo na dostojan \u017eivot i rad. Postao je to jedan od najrasprostranjenijih praznika na planeti.<\/p>\n\n\n\n<p>Rijetko je obilje\u017eavanje Prvog maja prolazilo mirno, a nerijetko zavr\u0161avalo nasiljem. Do Drugog svjetskog rata bilo je tako i na ovim prostorima, a onda je do\u0161lo vrijeme mira, rada i napretka u kojem se radnici nisu bunili. Imali su siguran posao na kojem su provodili osam sati, besplatno \u0161kolovanje za svoju djecu i kvalitetnu zdravstvenu za\u0161titu, dobijali su stanove i odlazili na ljetovanje. Njihova djeca su imala budu\u0107nost u svojoj zemlji. Danas je malo od ovog ostalo, a radnici uljuljkani na izleti\u0161tima obilje\u017eavaju Praznik rada brinu\u0107i se jedino da li \u0107e taj dan padati ki\u0161a.<\/p>\n\n\n\n<p>Gdje je radni\u010dki pokret danas? Je li se izgubila radni\u010dka hrabrost, volja i snaga da se izborimo za dostojan rad i \u017eivot. Gdje je solidarnost i sje\u0107anje na dostignu\u0107a radni\u010dkog pokreta, sje\u0107anje na \u017ertve koje su u pro\u0161losti podnesene u borbi &nbsp;za radni\u010dka prava. Pro\u0161lo je vi\u0161e od 100 godina nakon velikih demonstracija u Chicagu, a borba simbolizirana u tri osmice i dalje traje.<\/p>\n\n\n\n<p>Dok tehnologija napreduje i dru\u0161tvo se mijenja, potreba za za\u0161titom radni\u010dkih prava ostaje stalna. Prvi maj nije samo dan za odmor, ve\u0107 i prilika za podizanje svijesti i aktivizam. Ovaj dan treba da podstakne obnovljenu posve\u0107enost radni\u010dkim pravima i \u0161irenje poziva za pravdu, jednakost i solidarnost. Neka Prvi maj bude podsjetnik da su borbe koje su po\u010dele prije vi\u0161e od jednog stolje\u0107a jo\u0161 uvijek potrebne i da je njihov kontinuitet klju\u010dan za ostvarivanje pravednijih uslova rada za sve.<\/p>\n\n\n\n<p class=\"has-text-align-center has-medium-font-size\"><strong>Svim \u010dlanicama i \u010dlanovima sindikata srednjeg i visokog obrazovanja,<br>odgoja, nauke i kulture Bosne i Hercegovine<br>\u017eelim sretan Prvi maj \u2013 Me\u0111unarodni praznik rada!<\/strong><\/p>\n\n\n\n<p class=\"has-medium-font-size\">Predsjednica SSVOONK-a BiH<br>Edina \u010comi\u0107<\/p>\n","protected":false},"excerpt":{"rendered":"<p>\u201eMo\u017eete nas u\u0107utkati sada, ali sje\u0107anje na nas \u0107e nas nad\u017eivjeti.\u201cAugust Spajs, jedan od demonstranata osu\u0111enih na smrt Kada je Prvi maj progla\u0161en me\u0111unarodnim praznikom rada bilo je to s namjerom da se obilje\u017ei&#46;&#46;&#46;<\/p>\n","protected":false},"author":1,"featured_media":1949,"comment_status":"closed","ping_status":"closed","sticky":false,"template":"","format":"standard","meta":{"jetpack_post_was_ever_published":false,"_jetpack_newsletter_access":"","_jetpack_dont_email_post_to_subs":false,"_jetpack_newsletter_tier_id":0,"_jetpack_memberships_contains_paywalled_content":false,"_jetpack_memberships_contains_paid_content":false,"footnotes":"","jetpack_publicize_message":"","jetpack_publicize_feature_enabled":true,"jetpack_social_post_already_shared":true,"jetpack_social_options":{"image_generator_settings":{"template":"highway","default_image_id":0,"font":"","enabled":false},"version":2}},"categories":[1,24],"tags":[73,165],"class_list":["post-1948","post","type-post","status-publish","format-standard","has-post-thumbnail","hentry","category-aktualnosti","category-cestitke","tag-01-maj","tag-medunarni-praznik-rada"],"jetpack_publicize_connections":[],"jetpack_featured_media_url":"https:\/\/www.ssvoonkbih.ba\/wp-content\/uploads\/2024\/04\/Picture1.png","jetpack_sharing_enabled":true,"jetpack_shortlink":"https:\/\/wp.me\/paRAHh-vq","_links":{"self":[{"href":"https:\/\/www.ssvoonkbih.ba\/index.php?rest_route=\/wp\/v2\/posts\/1948","targetHints":{"allow":["GET"]}}],"collection":[{"href":"https:\/\/www.ssvoonkbih.ba\/index.php?rest_route=\/wp\/v2\/posts"}],"about":[{"href":"https:\/\/www.ssvoonkbih.ba\/index.php?rest_route=\/wp\/v2\/types\/post"}],"author":[{"embeddable":true,"href":"https:\/\/www.ssvoonkbih.ba\/index.php?rest_route=\/wp\/v2\/users\/1"}],"replies":[{"embeddable":true,"href":"https:\/\/www.ssvoonkbih.ba\/index.php?rest_route=%2Fwp%2Fv2%2Fcomments&post=1948"}],"version-history":[{"count":1,"href":"https:\/\/www.ssvoonkbih.ba\/index.php?rest_route=\/wp\/v2\/posts\/1948\/revisions"}],"predecessor-version":[{"id":1950,"href":"https:\/\/www.ssvoonkbih.ba\/index.php?rest_route=\/wp\/v2\/posts\/1948\/revisions\/1950"}],"wp:featuredmedia":[{"embeddable":true,"href":"https:\/\/www.ssvoonkbih.ba\/index.php?rest_route=\/wp\/v2\/media\/1949"}],"wp:attachment":[{"href":"https:\/\/www.ssvoonkbih.ba\/index.php?rest_route=%2Fwp%2Fv2%2Fmedia&parent=1948"}],"wp:term":[{"taxonomy":"category","embeddable":true,"href":"https:\/\/www.ssvoonkbih.ba\/index.php?rest_route=%2Fwp%2Fv2%2Fcategories&post=1948"},{"taxonomy":"post_tag","embeddable":true,"href":"https:\/\/www.ssvoonkbih.ba\/index.php?rest_route=%2Fwp%2Fv2%2Ftags&post=1948"}],"curies":[{"name":"wp","href":"https:\/\/api.w.org\/{rel}","templated":true}]}}