{"id":2017,"date":"2024-06-04T06:22:17","date_gmt":"2024-06-04T06:22:17","guid":{"rendered":"https:\/\/www.ssvoonkbih.ba\/?p=2017"},"modified":"2024-06-04T08:50:27","modified_gmt":"2024-06-04T08:50:27","slug":"obiljezen-je-dan-ssvoonk-a-bih","status":"publish","type":"post","link":"https:\/\/www.ssvoonkbih.ba\/?p=2017","title":{"rendered":"Obilje\u017een je Dan SSVOONK-a BiH"},"content":{"rendered":"<div class=\"wp-block-image\">\n<figure class=\"aligncenter size-full\"><img decoding=\"async\" src=\"https:\/\/www.ssvoonkbih.ba\/wp-content\/uploads\/2024\/06\/IMG-65fbcefbac693be53add49e9785b45c0-V.jpg\" alt=\"\" class=\"wp-image-2024\"\/><figcaption class=\"wp-element-caption\">Photo by Megabon.eu<\/figcaption><\/figure>\n<\/div>\n\n\n<p>2. i 3. juna 2024. godine u Ajdinovi\u0107ima je obilje\u017eeno 34 godine postojanja SSVOONK-a BiH. Tim povodom prvog dana je organizovan seminar. O Zakonu o \u0161trajku \u2013 perspektivama i izazovima govorio je \u00a0dipl. pravnik Adis Ke\u010do. Druga tema bio je Kolektivni ugovor, njegov zna\u010daj i prava koja \u00a0sindikat donosi radnicima, na \u0161ta je ukazao dipl. pravnik Mirzet Pozderovi\u0107. Drugog dana je odr\u017eana sve\u010dana sjednica Skup\u0161tine SSVOONK-a BiH. U\u010desnici seminara su imali priliku da jo\u0161 jednom najzna\u010dajniji dan svog sindikata obilje\u017ee edukacijom i zabavom i da se u svoje radne sredine vrate oboga\u0107eni novim sindikalnim znanjima koja \u0107e mo\u0107i iskoristiti u borbi za ostvarenje boljih prava svojih \u010dlanova.<\/p>\n\n\n\n<div class=\"wp-block-jetpack-slideshow aligncenter\"><div data-effect=\"slide\"><div class=\"wp-block-jetpack-slideshow_container swiper-container\"><ul class=\"wp-block-jetpack-slideshow_swiper-wrapper swiper-wrapper\"><li class=\"wp-block-jetpack-slideshow_slide swiper-slide\"><figure><img decoding=\"async\" alt=\"\" class=\"wp-block-jetpack-slideshow_image wp-image-2024\" data-id=\"2024\" src=\"https:\/\/www.ssvoonkbih.ba\/wp-content\/uploads\/2024\/06\/IMG-65fbcefbac693be53add49e9785b45c0-V-1024x768.jpg\"\/><\/figure><\/li><li class=\"wp-block-jetpack-slideshow_slide swiper-slide\"><figure><img decoding=\"async\" alt=\"\" class=\"wp-block-jetpack-slideshow_image wp-image-2023\" data-id=\"2023\" src=\"https:\/\/www.ssvoonkbih.ba\/wp-content\/uploads\/2024\/06\/IMG-c0cb0e69d13d07004add2f79f39dc112-V-1024x479.jpg\"\/><\/figure><\/li><li class=\"wp-block-jetpack-slideshow_slide swiper-slide\"><figure><img decoding=\"async\" alt=\"\" class=\"wp-block-jetpack-slideshow_image wp-image-2022\" data-id=\"2022\" src=\"https:\/\/www.ssvoonkbih.ba\/wp-content\/uploads\/2024\/06\/IMG-7bd1672341d20971d49f58c8920a036d-V-1024x479.jpg\"\/><\/figure><\/li><li class=\"wp-block-jetpack-slideshow_slide swiper-slide\"><figure><img decoding=\"async\" alt=\"\" class=\"wp-block-jetpack-slideshow_image wp-image-2021\" data-id=\"2021\" src=\"https:\/\/www.ssvoonkbih.ba\/wp-content\/uploads\/2024\/06\/IMG-4ed1a0ebcaf34b4a4a1f2e9e28496b6b-V-1024x479.jpg\"\/><\/figure><\/li><li class=\"wp-block-jetpack-slideshow_slide swiper-slide\"><figure><img decoding=\"async\" alt=\"\" class=\"wp-block-jetpack-slideshow_image wp-image-2020\" data-id=\"2020\" src=\"https:\/\/www.ssvoonkbih.ba\/wp-content\/uploads\/2024\/06\/IMG-1f81df0bcb8fa569bf54e60d08b7fa38-V-1024x479.jpg\"\/><\/figure><\/li><\/ul><a class=\"wp-block-jetpack-slideshow_button-prev swiper-button-prev swiper-button-white\" role=\"button\"><\/a><a class=\"wp-block-jetpack-slideshow_button-next swiper-button-next swiper-button-white\" role=\"button\"><\/a><a aria-label=\"Pause Slideshow\" class=\"wp-block-jetpack-slideshow_button-pause\" role=\"button\"><\/a><div class=\"wp-block-jetpack-slideshow_pagination swiper-pagination swiper-pagination-white\"><\/div><\/div><\/div><\/div>\n","protected":false},"excerpt":{"rendered":"<p>2. i 3. juna 2024. godine u Ajdinovi\u0107ima je obilje\u017eeno 34 godine postojanja SSVOONK-a BiH. Tim povodom prvog dana je organizovan seminar. O Zakonu o \u0161trajku \u2013 perspektivama i izazovima govorio je \u00a0dipl. pravnik&#46;&#46;&#46;<\/p>\n","protected":false},"author":1,"featured_media":0,"comment_status":"closed","ping_status":"closed","sticky":false,"template":"","format":"standard","meta":{"jetpack_post_was_ever_published":false,"_jetpack_newsletter_access":"","_jetpack_dont_email_post_to_subs":false,"_jetpack_newsletter_tier_id":0,"_jetpack_memberships_contains_paywalled_content":false,"_jetpack_memberships_contains_paid_content":false,"footnotes":"","jetpack_publicize_message":"","jetpack_publicize_feature_enabled":true,"jetpack_social_post_already_shared":true,"jetpack_social_options":{"image_generator_settings":{"template":"highway","default_image_id":0,"font":"","enabled":false},"version":2}},"categories":[1,18,25],"tags":[],"class_list":["post-2017","post","type-post","status-publish","format-standard","hentry","category-aktualnosti","category-dogadjaji","category-informacije"],"jetpack_publicize_connections":[],"jetpack_featured_media_url":"","jetpack_sharing_enabled":true,"jetpack_shortlink":"https:\/\/wp.me\/paRAHh-wx","_links":{"self":[{"href":"https:\/\/www.ssvoonkbih.ba\/index.php?rest_route=\/wp\/v2\/posts\/2017","targetHints":{"allow":["GET"]}}],"collection":[{"href":"https:\/\/www.ssvoonkbih.ba\/index.php?rest_route=\/wp\/v2\/posts"}],"about":[{"href":"https:\/\/www.ssvoonkbih.ba\/index.php?rest_route=\/wp\/v2\/types\/post"}],"author":[{"embeddable":true,"href":"https:\/\/www.ssvoonkbih.ba\/index.php?rest_route=\/wp\/v2\/users\/1"}],"replies":[{"embeddable":true,"href":"https:\/\/www.ssvoonkbih.ba\/index.php?rest_route=%2Fwp%2Fv2%2Fcomments&post=2017"}],"version-history":[{"count":2,"href":"https:\/\/www.ssvoonkbih.ba\/index.php?rest_route=\/wp\/v2\/posts\/2017\/revisions"}],"predecessor-version":[{"id":2026,"href":"https:\/\/www.ssvoonkbih.ba\/index.php?rest_route=\/wp\/v2\/posts\/2017\/revisions\/2026"}],"wp:attachment":[{"href":"https:\/\/www.ssvoonkbih.ba\/index.php?rest_route=%2Fwp%2Fv2%2Fmedia&parent=2017"}],"wp:term":[{"taxonomy":"category","embeddable":true,"href":"https:\/\/www.ssvoonkbih.ba\/index.php?rest_route=%2Fwp%2Fv2%2Fcategories&post=2017"},{"taxonomy":"post_tag","embeddable":true,"href":"https:\/\/www.ssvoonkbih.ba\/index.php?rest_route=%2Fwp%2Fv2%2Ftags&post=2017"}],"curies":[{"name":"wp","href":"https:\/\/api.w.org\/{rel}","templated":true}]}}