{"id":2052,"date":"2024-07-11T05:38:35","date_gmt":"2024-07-11T05:38:35","guid":{"rendered":"https:\/\/www.ssvoonkbih.ba\/?p=2052"},"modified":"2024-07-11T08:17:53","modified_gmt":"2024-07-11T08:17:53","slug":"sjecanje-na-srebrenicu","status":"publish","type":"post","link":"https:\/\/www.ssvoonkbih.ba\/?p=2052","title":{"rendered":"Sje\u0107anje na Srebrenicu"},"content":{"rendered":"\n<figure class=\"wp-block-image size-full\"><img loading=\"lazy\" decoding=\"async\" width=\"211\" height=\"239\" src=\"https:\/\/www.ssvoonkbih.ba\/wp-content\/uploads\/2024\/07\/Cvijet-Srebrenice.png\" alt=\"\" class=\"wp-image-2053\"\/><\/figure>\n\n\n\n<p>\u201eNeka tuga bude nada<br>Neka osveta bude pravda<br>Neka maj\u010dina suza bude molitva<br>Da se nikada i nikome ne ponovi Srebrenica\u2026\u201c<\/p>\n\n\n\n<p>11. jul, 29 godina od kako se desilo jedno od najmra\u010dnijih poglavlja u historiji Evrope nakon Drugog svjetskog rata. Ovo je dan u kojem caruje muk, jer ne postoje rije\u010di koje bi bile sna\u017enije od ti\u0161ine. 8 372 ubijenih od kojih je 500 maloljetnika. I nikome ni za \u0161ta nisu bili krivi. Htjeli su samo da vole i budu voljeni i da \u017eive\u2026 Jesu li po\u010dinioci mislili da \u0107e svijet biti bolji onda kada ih ubiju? Hiljade i hiljade siro\u010dadi, udovica, majki, hiljade tu\u017enih sudbina, pri\u010da od kojih je svaka posebna, a opet svaka ista \u2013 tragi\u010dna, te\u0161ka, srebreni\u010dka. I jednog dana nestat \u0107e oni koji mogu ispri\u010dati te pri\u010de, do\u0107i \u0107e kraj ere pre\u017eivjelih svjedoka srebreni\u010dke tragedije.<\/p>\n\n\n\n<p><br>Zato je va\u017eno da njegujemo sje\u0107anje &#8211; umjetno\u0161\u0107u, koja \u0107e kroz sudbine stradalih pronijeti svijetom istinu, naukom, koja \u0107e argumentima i studijama dokazati tu istinu onima koji je spore i obrazovanjem, koje ima snagu u broju na\u0161ih u\u010denika koje \u0107emo podu\u010davati o ovim bolnim danima, koje \u0107emo odvoditi u Poto\u010dare da vide i osjete bjelinu ni\u0161ana koji pri\u010daju\u2026<\/p>\n\n\n\n<p><br>Oni moraju znati za Ramu i njegovog sina Nermina, za Ninu i njegov posljednji apel za spas, majke Hatid\u017eu, Hajru, Kadu, za sve majke i njihovo dostojanstvo u boli, moraju znati za Hasana kojemu su iz UN-ove baze istjerali brata i roditelje jer ih nisu mogli ili htjeli za\u0161titi, i jo\u0161 jednog Hasana koji je iscrpljen, gladan i ranjen nosio mrtvog brata 20 kilometara kako bi ga donio na slobodnu teritoriju, za 6 mladi\u0107a mu\u010dki ubijenih pucnjima u le\u0111a u Trnovu, od kojih je najmla\u0111i imao 16 godina, za najmla\u0111u \u017ertvu Fatimu. Moraju znati za Poto\u010dare, Pilicu, Cersku, Kozluk, Konjevi\u0107 Polje, za masovne grobnice, za organizovane poku\u0161aje prikrivanja zlo\u010dina i prebacivanja tijela u razli\u010dite grobnice, sekundarne i tercijalne, kilometrima udaljene jedne od drugih, zbog \u010dega se u mezarima \u010desto nalazi tek nekoliko kostiju, jer su porodice godinama \u010dekale i \u010dekaju\u0107i se umorile i pristale na pokop nepotpunih skeleta. Za ne\u010dasnu ulogu onih koji su ovo mogli sprije\u010diti, ali nisu. Moraju znati istinu, a mi smo odgovorni da to bude tako. \u0160kole i domovi kulture su u julu 1995. bili strati\u0161ta, mjesta mr\u017enje, krvi i smrti. U\u010dinimo da na\u0161e \u0161kole i na\u0161i hramovi kulture budu mjesta gdje \u0107emo \u0161iriti istinu, koja jedina vodi ka pomirenju.<\/p>\n\n\n\n<p class=\"has-text-align-right\">\u201eBez istine nema pravde pravde<br>Bez pravde nema povjerenja<br>Bez povjerenja nema pomirenja<br>Zaboraviti umrle je kao ponovo ih ubiti\u2026\u201c<\/p>\n","protected":false},"excerpt":{"rendered":"<p>\u201eNeka tuga bude nadaNeka osveta bude pravdaNeka maj\u010dina suza bude molitvaDa se nikada i nikome ne ponovi Srebrenica\u2026\u201c 11. jul, 29 godina od kako se desilo jedno od najmra\u010dnijih poglavlja u historiji Evrope nakon&#46;&#46;&#46;<\/p>\n","protected":false},"author":1,"featured_media":2053,"comment_status":"closed","ping_status":"closed","sticky":false,"template":"","format":"standard","meta":{"jetpack_post_was_ever_published":false,"_jetpack_newsletter_access":"","_jetpack_dont_email_post_to_subs":false,"_jetpack_newsletter_tier_id":0,"_jetpack_memberships_contains_paywalled_content":false,"_jetpack_memberships_contains_paid_content":false,"footnotes":"","jetpack_publicize_message":"","jetpack_publicize_feature_enabled":true,"jetpack_social_post_already_shared":true,"jetpack_social_options":{"image_generator_settings":{"template":"highway","default_image_id":0,"font":"","enabled":false},"version":2}},"categories":[1,168],"tags":[171],"class_list":["post-2052","post","type-post","status-publish","format-standard","has-post-thumbnail","hentry","category-aktualnosti","category-sjecanje","tag-11-juli"],"jetpack_publicize_connections":[],"jetpack_featured_media_url":"https:\/\/www.ssvoonkbih.ba\/wp-content\/uploads\/2024\/07\/Cvijet-Srebrenice.png","jetpack_sharing_enabled":true,"jetpack_shortlink":"https:\/\/wp.me\/paRAHh-x6","_links":{"self":[{"href":"https:\/\/www.ssvoonkbih.ba\/index.php?rest_route=\/wp\/v2\/posts\/2052","targetHints":{"allow":["GET"]}}],"collection":[{"href":"https:\/\/www.ssvoonkbih.ba\/index.php?rest_route=\/wp\/v2\/posts"}],"about":[{"href":"https:\/\/www.ssvoonkbih.ba\/index.php?rest_route=\/wp\/v2\/types\/post"}],"author":[{"embeddable":true,"href":"https:\/\/www.ssvoonkbih.ba\/index.php?rest_route=\/wp\/v2\/users\/1"}],"replies":[{"embeddable":true,"href":"https:\/\/www.ssvoonkbih.ba\/index.php?rest_route=%2Fwp%2Fv2%2Fcomments&post=2052"}],"version-history":[{"count":2,"href":"https:\/\/www.ssvoonkbih.ba\/index.php?rest_route=\/wp\/v2\/posts\/2052\/revisions"}],"predecessor-version":[{"id":2056,"href":"https:\/\/www.ssvoonkbih.ba\/index.php?rest_route=\/wp\/v2\/posts\/2052\/revisions\/2056"}],"wp:featuredmedia":[{"embeddable":true,"href":"https:\/\/www.ssvoonkbih.ba\/index.php?rest_route=\/wp\/v2\/media\/2053"}],"wp:attachment":[{"href":"https:\/\/www.ssvoonkbih.ba\/index.php?rest_route=%2Fwp%2Fv2%2Fmedia&parent=2052"}],"wp:term":[{"taxonomy":"category","embeddable":true,"href":"https:\/\/www.ssvoonkbih.ba\/index.php?rest_route=%2Fwp%2Fv2%2Fcategories&post=2052"},{"taxonomy":"post_tag","embeddable":true,"href":"https:\/\/www.ssvoonkbih.ba\/index.php?rest_route=%2Fwp%2Fv2%2Ftags&post=2052"}],"curies":[{"name":"wp","href":"https:\/\/api.w.org\/{rel}","templated":true}]}}