{"id":2091,"date":"2024-10-03T16:07:33","date_gmt":"2024-10-03T16:07:33","guid":{"rendered":"https:\/\/www.ssvoonkbih.ba\/?p=2091"},"modified":"2024-10-03T16:09:53","modified_gmt":"2024-10-03T16:09:53","slug":"5-oktobar-listopad-svjetski-dan-nastavnika","status":"publish","type":"post","link":"https:\/\/www.ssvoonkbih.ba\/?p=2091","title":{"rendered":"5. oktobar \/ listopad &#8211; Svjetski dan nastavnika"},"content":{"rendered":"<div class=\"wp-block-image\">\n<figure class=\"aligncenter size-large\"><img loading=\"lazy\" decoding=\"async\" width=\"683\" height=\"1024\" src=\"https:\/\/www.ssvoonkbih.ba\/wp-content\/uploads\/2024\/10\/plakat-683x1024.jpg\" alt=\"\" class=\"wp-image-2092\" srcset=\"https:\/\/www.ssvoonkbih.ba\/wp-content\/uploads\/2024\/10\/plakat-683x1024.jpg 683w, https:\/\/www.ssvoonkbih.ba\/wp-content\/uploads\/2024\/10\/plakat-200x300.jpg 200w, https:\/\/www.ssvoonkbih.ba\/wp-content\/uploads\/2024\/10\/plakat-768x1152.jpg 768w, https:\/\/www.ssvoonkbih.ba\/wp-content\/uploads\/2024\/10\/plakat-1024x1536.jpg 1024w, https:\/\/www.ssvoonkbih.ba\/wp-content\/uploads\/2024\/10\/plakat.jpg 1066w\" sizes=\"auto, (max-width: 683px) 100vw, 683px\" \/><\/figure>\n<\/div>\n\n\n<p class=\"has-medium-font-size\">Po\u0161tovane kolegice i kolege,<\/p>\n\n\n\n<p>Sindikat srednjeg i visokog obrazovanja, odgoja, nauke i kulture Bosne i Hercegovine i Samostalni sindikat osnovnog obrazovanja i odgoja Federacije Bosne i Hercegovine su ove godine uzeli zajedni\u010dko u\u010de\u0161\u0107e u obilje\u017eavaju 5. oktobra \/ listopada \u2013 Svjetskog dana nastavnika.<\/p>\n\n\n\n<p><br>Svjetski dan nastavnika se obilje\u017eava 5. oktobra\/listopada svake godine od 1994. godine i predstavlja veoma zna\u010dajan datum u kalendaru cijele obrazovne zajednice. Taj dan je prilika da se poka\u017ee da je rad nastavnika prepoznat kao jedan od najva\u017enijih za ukupan razvoj dru\u0161tva, te da se kao takav i cijeni. Dan nastavnika je prilika za promociju ILO\/UNESCO Preporuka o statusu nastavnika (1966) i UNESCO Preporuka o polo\u017eaju nastavnog osoblja u visokom obrazovanju (1997), instrumenata koji definiraju me\u0111unarodne standarde za nastavni\u010dku profesiju.<\/p>\n\n\n\n<p><br>Na taj na\u010din 5. oktobar\/listopad je postao dan svih nastavnika, bez obzira u kom dijelu obrazovnog sistema su anga\u017eovani i u kojoj formi obrazovanja daju svoj doprinos i pru\u017ea priliku za proslavu nastavni\u010dke profesije \u0161irom svijeta, sagledavanje postignu\u0107a i skretanje pa\u017enje na glas nastavnika koji su u sredi\u0161tu napora da se postigne globalni obrazovni cilj.<\/p>\n\n\n\n<p class=\"has-text-align-left\">Education International &#8211; Svjetska organizacija prosvjetnih radnika, \u010diji smo punopravni \u010dlanovi, Peti oktobar\/listopad 2024.g. &#8211; Svjetski dan nastavnika obilje\u017eava <strong>pod motom<\/strong>:<\/p>\n\n\n\n<p class=\"has-text-align-center\"><br><strong>\u201eCIJENITE GLAS NASTAVNIKA!\u201c<\/strong><\/p>\n\n\n\n<p><br>Ovogodi\u0161nja tema nagla\u0161ava potrebu za rje\u0161avanje sistemskih problema sa kojima se nastavnici suo\u010davaju i uspostavljanje sna\u017enijeg dru\u0161tvenog dijaloga, \u0161to ukazuje na to da nastavnici u velikom broju zemalja i dalje rade u veoma te\u0161kim uslovima, te da vlade i poslodavci \u0161irom svijeta imaju obavezu obezbijediti uslove da nastavnici budu vrednovani, uva\u017eeni i cijenjeni.<\/p>\n\n\n\n<p><br>Kvalitetno obrazovanje za sve je pravo svakog pojedinca i ono zahtjeva poseban tretman u dru\u0161tvu. Dobro finansirani obrazovni sistemi sa kvalitetnim radnicima klju\u010dni su za prosperitet dru\u0161tva u cjelini. Suo\u010deni sa manjkom nastavnika zbog starenja radne snage i sve lo\u0161ijeg statusa nastavni\u010dke profesije, zadr\u017eavanje nastavnika u sistemu i njihovo zapo\u0161ljavanje klju\u010dni su za odr\u017eivi razvoj obrazovnih sistema.<\/p>\n\n\n\n<p>Manjak nastavnog kadra u obrazovnim ustanovama sve vi\u0161e brine evropske dr\u017eave, a ovaj negativni trend, na\u017ealost, nije zaobi\u0161ao ni Bosnu i Hercegovinu. Deficit nastavnog kadra je iz dana u dan sve ve\u0107i, a te\u017eina posla i niske plate u posljednjih nekoliko godina su dovele do situacije da se veoma mali broj mladih ljudi odlu\u010duje studirati nastavni\u010dke fakultete.<\/p>\n\n\n\n<p><br>Zbog toga je od izuzetnog zna\u010daja da nadle\u017ene vlasti u Bosni i Hercegovni oja\u010daju status i privla\u010dnost nastavni\u010dke profesije na svim nivoima i sektorima obrazovanja, <strong>da cijene glas nastavnika, po\u0161tuju i oja\u010daju nastavni\u010dku profesiju<\/strong>, te da obezbjede kvalitetan socijalni dijalog, pristojne i konkurentne pla\u0107e, sigurne uslove rada, kvalitetan profesionalni razvoj, profesionalnu autonomiju, podr\u0161ku efikasnom po\u010detku radne karijere, kako bi se obezbjedilo zadr\u017eavanje nastavnika, po\u0161tivanje principa jednakosti i razli\u010ditosti, kontrolu optere\u0107enja i ravnote\u017eu izme\u0111u profesionalnog i privatnog \u017eivota.<\/p>\n\n\n\n<p><br><strong>Pozivamo Vas na sindikalno jedinstvo i odlu\u010dnost u na\u0161oj zajedni\u010dkoj borbi za o\u010duvanje radni\u010dkih prava koja nam slijedi u narednom periodu, a naro\u010dito u borbi za o\u010duvanje na\u0161ih prava i pobolj\u0161anje dostignutih prava radnika kroz:<\/strong><\/p>\n\n\n\n<ul class=\"wp-block-list\">\n<li>izmjene i dopune postoje\u0107ih\/dono\u0161enje novih kolektivnih ugovora,<\/li>\n\n\n\n<li>unapre\u0111enje zakona na nivou kantona \/\u017eupanija kojima se reguliraju odnosi za zaposlene na svim nivoima obrazovanja;<\/li>\n\n\n\n<li>dono\u0161enje zakonskih i podzakonskih akata na nivou kantona, dono\u0161enje i\/ili pobolj\u0161anje programa zbrinjavanja radnika;<\/li>\n\n\n\n<li>pobolj\u0161anje materijalnog statusa \u010dlanova Sindikata,<\/li>\n\n\n\n<li>preno\u0161enje nadle\u017enosti finansiranja obrazovanja sa nivoa kantona\/\u017eupanija na nivo Federacije Bosne i Hercegovine.<\/li>\n<\/ul>\n\n\n\n<p><strong>Uva\u017eene kolegice i kolege, <\/strong><\/p>\n\n\n\n<p>dok slavimo na\u0161u profesiju na Svjetski dan nastavnika, moramo se nastaviti mobilizirati i<br>organizirati kako bismo pozvali sve vlade da se oglase!<\/p>\n\n\n\n<p><br>Vi\u0161e ula\u017eite u obrazovanje i u nastavnike \u0161irom svijeta!<\/p>\n\n\n\n<p><br>Svako dru\u0161tvo treba nastavnike koji vole svoj posao, kojima je omogu\u0107eno da se educiraju i u \u010diji se profesionalni razvoj ula\u017ee kako bi mogli obrazovati one na kojima \u0107e zemlja ostati. Treba nastavnike koji su zadovoljni svojim statusom i treba vlast koja \u0107e cijeniti na\u0161 glas i vrednovati na\u0161e mi\u0161ljenje.<\/p>\n\n\n\n<p><br>Pozivamo Vas na sindikalno jedinstvo i odlu\u010dnost u na\u0161oj zajedni\u010dkoj borbi za o\u010duvanje radni\u010dkih prava koja nam slijedi u narednom periodu, a naro\u010dito u borbi za o\u010duvanje na\u0161ih prava kroz izmjenu i usvajanje zakonske legislative i kolektivnih ugovora.<\/p>\n\n\n\n<p class=\"has-text-align-center has-medium-font-size\"><strong>Ovom prilikom svim nastavnicima u Bosni i Hercegovini i svijeta koji su sada ili ranije pou\u010davali djecu, \u017eelimo sretan<\/strong><\/p>\n\n\n\n<p class=\"has-text-align-center has-medium-font-size\"><strong>5<\/strong>. <strong>OKTOBAR \/ LISTOPAD \u2013 SVJETSKI DAN NASTAVNIKA.<\/strong><\/p>\n\n\n\n<p><\/p>\n\n\n\n<div data-wp-interactive=\"core\/file\" class=\"wp-block-file\"><object data-wp-bind--hidden=\"!state.hasPdfPreview\" hidden class=\"wp-block-file__embed\" data=\"https:\/\/www.ssvoonkbih.ba\/wp-content\/uploads\/2024\/10\/Pismo-SSVOONKBIH-i-SSOOIO-FBIH_-5.-oktobar-2024_1.pdf\" type=\"application\/pdf\" style=\"width:100%;height:600px\" aria-label=\"Embed of Pismo SSVOONKBIH i SSOOIO FBIH_ 5. oktobar 2024_1.\"><\/object><a id=\"wp-block-file--media-eef47f25-35e0-440c-a95d-c22723df8a4b\" href=\"https:\/\/www.ssvoonkbih.ba\/wp-content\/uploads\/2024\/10\/Pismo-SSVOONKBIH-i-SSOOIO-FBIH_-5.-oktobar-2024_1.pdf\">Pismo SSVOONKBIH i SSOOIO FBIH_ 5. oktobar 2024_1<\/a><\/div>\n\n\n\n<ol start=\"5\" class=\"wp-block-list\">\n<li><\/li>\n<\/ol>\n\n\n\n<p><\/p>\n","protected":false},"excerpt":{"rendered":"<p>Po\u0161tovane kolegice i kolege, Sindikat srednjeg i visokog obrazovanja, odgoja, nauke i kulture Bosne i Hercegovine i Samostalni sindikat osnovnog obrazovanja i odgoja Federacije Bosne i Hercegovine su ove godine uzeli zajedni\u010dko u\u010de\u0161\u0107e u&#46;&#46;&#46;<\/p>\n","protected":false},"author":1,"featured_media":2092,"comment_status":"closed","ping_status":"closed","sticky":false,"template":"","format":"standard","meta":{"jetpack_post_was_ever_published":false,"_jetpack_newsletter_access":"","_jetpack_dont_email_post_to_subs":false,"_jetpack_newsletter_tier_id":0,"_jetpack_memberships_contains_paywalled_content":false,"_jetpack_memberships_contains_paid_content":false,"footnotes":"","jetpack_publicize_message":"","jetpack_publicize_feature_enabled":true,"jetpack_social_post_already_shared":true,"jetpack_social_options":{"image_generator_settings":{"template":"highway","default_image_id":0,"font":"","enabled":false},"version":2}},"categories":[1,24,18],"tags":[22,23],"class_list":["post-2091","post","type-post","status-publish","format-standard","has-post-thumbnail","hentry","category-aktualnosti","category-cestitke","category-dogadjaji","tag-05-oktobar","tag-dan-nastavnika"],"jetpack_publicize_connections":[],"jetpack_featured_media_url":"https:\/\/www.ssvoonkbih.ba\/wp-content\/uploads\/2024\/10\/plakat.jpg","jetpack_sharing_enabled":true,"jetpack_shortlink":"https:\/\/wp.me\/paRAHh-xJ","_links":{"self":[{"href":"https:\/\/www.ssvoonkbih.ba\/index.php?rest_route=\/wp\/v2\/posts\/2091","targetHints":{"allow":["GET"]}}],"collection":[{"href":"https:\/\/www.ssvoonkbih.ba\/index.php?rest_route=\/wp\/v2\/posts"}],"about":[{"href":"https:\/\/www.ssvoonkbih.ba\/index.php?rest_route=\/wp\/v2\/types\/post"}],"author":[{"embeddable":true,"href":"https:\/\/www.ssvoonkbih.ba\/index.php?rest_route=\/wp\/v2\/users\/1"}],"replies":[{"embeddable":true,"href":"https:\/\/www.ssvoonkbih.ba\/index.php?rest_route=%2Fwp%2Fv2%2Fcomments&post=2091"}],"version-history":[{"count":6,"href":"https:\/\/www.ssvoonkbih.ba\/index.php?rest_route=\/wp\/v2\/posts\/2091\/revisions"}],"predecessor-version":[{"id":2099,"href":"https:\/\/www.ssvoonkbih.ba\/index.php?rest_route=\/wp\/v2\/posts\/2091\/revisions\/2099"}],"wp:featuredmedia":[{"embeddable":true,"href":"https:\/\/www.ssvoonkbih.ba\/index.php?rest_route=\/wp\/v2\/media\/2092"}],"wp:attachment":[{"href":"https:\/\/www.ssvoonkbih.ba\/index.php?rest_route=%2Fwp%2Fv2%2Fmedia&parent=2091"}],"wp:term":[{"taxonomy":"category","embeddable":true,"href":"https:\/\/www.ssvoonkbih.ba\/index.php?rest_route=%2Fwp%2Fv2%2Fcategories&post=2091"},{"taxonomy":"post_tag","embeddable":true,"href":"https:\/\/www.ssvoonkbih.ba\/index.php?rest_route=%2Fwp%2Fv2%2Ftags&post=2091"}],"curies":[{"name":"wp","href":"https:\/\/api.w.org\/{rel}","templated":true}]}}