{"id":2120,"date":"2024-10-05T20:01:41","date_gmt":"2024-10-05T20:01:41","guid":{"rendered":"https:\/\/www.ssvoonkbih.ba\/?p=2120"},"modified":"2024-10-06T04:43:14","modified_gmt":"2024-10-06T04:43:14","slug":"podrska-ugrozenima-u-poplavama","status":"publish","type":"post","link":"https:\/\/www.ssvoonkbih.ba\/?p=2120","title":{"rendered":"Podr\u0161ka ugro\u017eenima u poplavama"},"content":{"rendered":"<div class=\"wp-block-image\">\n<figure class=\"aligncenter size-large\"><img loading=\"lazy\" decoding=\"async\" width=\"1024\" height=\"546\" src=\"https:\/\/www.ssvoonkbih.ba\/wp-content\/uploads\/2024\/10\/461985197_933840968765027_7015280243207117376_n-1024x546.jpg\" alt=\"\" class=\"wp-image-2121\" srcset=\"https:\/\/www.ssvoonkbih.ba\/wp-content\/uploads\/2024\/10\/461985197_933840968765027_7015280243207117376_n-1024x546.jpg 1024w, https:\/\/www.ssvoonkbih.ba\/wp-content\/uploads\/2024\/10\/461985197_933840968765027_7015280243207117376_n-300x160.jpg 300w, https:\/\/www.ssvoonkbih.ba\/wp-content\/uploads\/2024\/10\/461985197_933840968765027_7015280243207117376_n-768x410.jpg 768w, https:\/\/www.ssvoonkbih.ba\/wp-content\/uploads\/2024\/10\/461985197_933840968765027_7015280243207117376_n.jpg 1080w\" sizes=\"auto, (max-width: 1024px) 100vw, 1024px\" \/><\/figure>\n<\/div>\n\n\n<p>\u201eDragi svi iz BiH, pratimo s velikom tugom i nadom da \u0107e na kraju biti \u0161to manje \u017ertava i da \u0107e se iz svega ne\u0161to nau\u010diti, shvatiti i smanjiti negativan ljudski faktor utjecaja na prirodu.\u201c<\/p>\n\n\n\n<p>Iskra Vostrel Prpi\u0107, Sindikat radnika u pred\u0161kolskom odgoju i obrazovanju Hrvatske.<\/p>\n\n\n\n<p>\u201eDrage kolege, evo gledam snimke ove apokalipse \u0161to vas je zadesila. Tu\u017eno, stra\u0161no&#8230; primite sau\u010de\u0161\u0107e za sve one koji se nisu izvukli.\u201c<\/p>\n\n\n\n<p>Valentina Ili\u0107, Sindikat obrazovanja Srbije<\/p>\n\n\n\n<p>\u201eIzra\u017eavam sau\u010de\u0161\u0107e onima koji su nastradali. Nema rije\u010di utjehe za ovakvu katastrofu&#8230;\u201c Jakim Nedelkov, Samostalni sindikat za obrazovanje, nauku i kulturu Republike Makedonije<\/p>\n\n\n\n<p>Ovo su samo neke od poruka koje dobijamo od na\u0161ih bratskih sindikata iz regiona. Potreseni su kao i svi mi&nbsp;stra\u0161nim razaranjima &nbsp;izazvanih razornim poplavama koje su zadesile na\u0161u zemlju. &nbsp;Ostajemo nijemi gledaju\u0107i ru\u0161evine, silu prirode koja jo\u0161 jednom pokazuje koliko je \u010dovjek &nbsp;nemo\u0107an pred njom. Ljudi &nbsp;su u jednom trenu izgubili krov nad glavom, sve \u0161to su godinama stvarali, a, na\u017ealost, neki i svoje najmilije. Gledamo u\u017easne prizore razaranja i &nbsp;vjerujemo da nema \u010dovjeka koji nije po\u017eelio da &nbsp;pomogne na bilo koji na\u010din. Sje\u0107amo se i poplava &nbsp;2014. godine kada smo akcijom prikupljanja pomo\u0107i sakupili zna\u010dajna sredstva. Sindikat srednjeg i visokog obrazovanja, odgoja, nauke i kulture \u0107e ponovo biti uz one kojima je pomo\u0107 potrebna, uz Jablanicu, Fojnicu, Kiseljak, Kre\u0161evo i Konjic.<\/p>\n\n\n\n<p>Pozivamo sve na\u0161e \u010dlanove da jo\u0161 jednom poka\u017eemo &nbsp;humanost i solidarnost koje su svojstvene na\u0161im profesijama i da pru\u017eimo podr\u0161ku i pomo\u0107 nastradalima.<\/p>\n\n\n\n<p>I ne zaboravite da davanje pru\u017ea trajnije zadovoljstvo nego primanje, jer uzimaju\u0107i punimo svoje ruke, a daju\u0107i punimo svoje srce.<\/p>\n","protected":false},"excerpt":{"rendered":"<p>\u201eDragi svi iz BiH, pratimo s velikom tugom i nadom da \u0107e na kraju biti \u0161to manje \u017ertava i da \u0107e se iz svega ne\u0161to nau\u010diti, shvatiti i smanjiti negativan ljudski faktor utjecaja na&#46;&#46;&#46;<\/p>\n","protected":false},"author":1,"featured_media":2121,"comment_status":"closed","ping_status":"closed","sticky":false,"template":"","format":"standard","meta":{"jetpack_post_was_ever_published":false,"_jetpack_newsletter_access":"","_jetpack_dont_email_post_to_subs":false,"_jetpack_newsletter_tier_id":0,"_jetpack_memberships_contains_paywalled_content":false,"_jetpack_memberships_contains_paid_content":false,"footnotes":"","jetpack_publicize_message":"","jetpack_publicize_feature_enabled":true,"jetpack_social_post_already_shared":true,"jetpack_social_options":{"image_generator_settings":{"template":"highway","default_image_id":0,"font":"","enabled":false},"version":2}},"categories":[1,18,30],"tags":[177,178,176,180,175],"class_list":["post-2120","post","type-post","status-publish","format-standard","has-post-thumbnail","hentry","category-aktualnosti","category-dogadjaji","category-saopcenje","tag-jablanica","tag-kiseljak","tag-konjic","tag-kresevo","tag-poplave"],"jetpack_publicize_connections":[],"jetpack_featured_media_url":"https:\/\/www.ssvoonkbih.ba\/wp-content\/uploads\/2024\/10\/461985197_933840968765027_7015280243207117376_n.jpg","jetpack_sharing_enabled":true,"jetpack_shortlink":"https:\/\/wp.me\/paRAHh-yc","_links":{"self":[{"href":"https:\/\/www.ssvoonkbih.ba\/index.php?rest_route=\/wp\/v2\/posts\/2120","targetHints":{"allow":["GET"]}}],"collection":[{"href":"https:\/\/www.ssvoonkbih.ba\/index.php?rest_route=\/wp\/v2\/posts"}],"about":[{"href":"https:\/\/www.ssvoonkbih.ba\/index.php?rest_route=\/wp\/v2\/types\/post"}],"author":[{"embeddable":true,"href":"https:\/\/www.ssvoonkbih.ba\/index.php?rest_route=\/wp\/v2\/users\/1"}],"replies":[{"embeddable":true,"href":"https:\/\/www.ssvoonkbih.ba\/index.php?rest_route=%2Fwp%2Fv2%2Fcomments&post=2120"}],"version-history":[{"count":2,"href":"https:\/\/www.ssvoonkbih.ba\/index.php?rest_route=\/wp\/v2\/posts\/2120\/revisions"}],"predecessor-version":[{"id":2123,"href":"https:\/\/www.ssvoonkbih.ba\/index.php?rest_route=\/wp\/v2\/posts\/2120\/revisions\/2123"}],"wp:featuredmedia":[{"embeddable":true,"href":"https:\/\/www.ssvoonkbih.ba\/index.php?rest_route=\/wp\/v2\/media\/2121"}],"wp:attachment":[{"href":"https:\/\/www.ssvoonkbih.ba\/index.php?rest_route=%2Fwp%2Fv2%2Fmedia&parent=2120"}],"wp:term":[{"taxonomy":"category","embeddable":true,"href":"https:\/\/www.ssvoonkbih.ba\/index.php?rest_route=%2Fwp%2Fv2%2Fcategories&post=2120"},{"taxonomy":"post_tag","embeddable":true,"href":"https:\/\/www.ssvoonkbih.ba\/index.php?rest_route=%2Fwp%2Fv2%2Ftags&post=2120"}],"curies":[{"name":"wp","href":"https:\/\/api.w.org\/{rel}","templated":true}]}}