{"id":2135,"date":"2024-10-14T19:42:21","date_gmt":"2024-10-14T19:42:21","guid":{"rendered":"https:\/\/www.ssvoonkbih.ba\/?p=2135"},"modified":"2024-10-14T19:43:27","modified_gmt":"2024-10-14T19:43:27","slug":"posjeta-albanskom-savezu-sindikata-nauke-i-obrazovanja-fsash","status":"publish","type":"post","link":"https:\/\/www.ssvoonkbih.ba\/?p=2135","title":{"rendered":"Posjeta albanskom Savezu sindikata nauke i obrazovanja \u2013 FSASH"},"content":{"rendered":"<div class=\"wp-block-image\">\n<figure class=\"aligncenter size-large\"><img loading=\"lazy\" decoding=\"async\" width=\"1024\" height=\"766\" src=\"https:\/\/www.ssvoonkbih.ba\/wp-content\/uploads\/2024\/10\/IMG-5009f0cc2c84e711205fc372e9bab623-V-1024x766.jpg\" alt=\"\" class=\"wp-image-2136\" srcset=\"https:\/\/www.ssvoonkbih.ba\/wp-content\/uploads\/2024\/10\/IMG-5009f0cc2c84e711205fc372e9bab623-V-1024x766.jpg 1024w, https:\/\/www.ssvoonkbih.ba\/wp-content\/uploads\/2024\/10\/IMG-5009f0cc2c84e711205fc372e9bab623-V-300x224.jpg 300w, https:\/\/www.ssvoonkbih.ba\/wp-content\/uploads\/2024\/10\/IMG-5009f0cc2c84e711205fc372e9bab623-V-768x575.jpg 768w, https:\/\/www.ssvoonkbih.ba\/wp-content\/uploads\/2024\/10\/IMG-5009f0cc2c84e711205fc372e9bab623-V-1536x1149.jpg 1536w, https:\/\/www.ssvoonkbih.ba\/wp-content\/uploads\/2024\/10\/IMG-5009f0cc2c84e711205fc372e9bab623-V.jpg 1600w\" sizes=\"auto, (max-width: 1024px) 100vw, 1024px\" \/><\/figure>\n<\/div>\n\n\n<p><\/p>\n\n\n\n<p>Na poziv albanskog Saveza sindikata nauke i obrazovanja \u2013 FSASH, &nbsp;delegacija SSVOONK-a BiH, u kojoj su bili &nbsp;predsjednica Edina \u010comi\u0107 i predsjednik Skup\u0161tine SSVOONK-a BiH Admir Terzi\u0107, prisustvovala je Kongresu odr\u017eanom 11.10.2024. godine u Tirani. U ime SSVOONK-a BiH na Kongresu se obratila predsjednica &nbsp;i izrazila zadovoljstvo \u0161to je ostvaren prvi kontakt, a time i po\u010detak saradnje ova dva sindikata. Pored SSVOONK-a BiH Kongresu su prisustvovale i delegacije sindikata obrazovanja iz Slovenije, Makedonije, Crne Gore, Kosova i Italije. Bila je to jo\u0161 jedna prilika za uspostavljanje veza za saradnju sindikata u zajedni\u010dkim naporima u borbi za bolja prava \u010dlanova, kao i na ukazivanje na probleme s kojima se susre\u0107u uposleni u obrazovanju.<\/p>\n\n\n\n<figure class=\"wp-block-gallery has-nested-images columns-default is-cropped wp-block-gallery-1 is-layout-flex wp-block-gallery-is-layout-flex\">\n<figure class=\"wp-block-image size-large\"><img loading=\"lazy\" decoding=\"async\" width=\"1024\" height=\"766\" data-id=\"2137\" src=\"https:\/\/www.ssvoonkbih.ba\/wp-content\/uploads\/2024\/10\/IMG-88b37f251a77ad2698c4a38d5897b3b3-V-1024x766.jpg\" alt=\"\" class=\"wp-image-2137\" srcset=\"https:\/\/www.ssvoonkbih.ba\/wp-content\/uploads\/2024\/10\/IMG-88b37f251a77ad2698c4a38d5897b3b3-V-1024x766.jpg 1024w, https:\/\/www.ssvoonkbih.ba\/wp-content\/uploads\/2024\/10\/IMG-88b37f251a77ad2698c4a38d5897b3b3-V-300x224.jpg 300w, https:\/\/www.ssvoonkbih.ba\/wp-content\/uploads\/2024\/10\/IMG-88b37f251a77ad2698c4a38d5897b3b3-V-768x575.jpg 768w, https:\/\/www.ssvoonkbih.ba\/wp-content\/uploads\/2024\/10\/IMG-88b37f251a77ad2698c4a38d5897b3b3-V-1536x1149.jpg 1536w, https:\/\/www.ssvoonkbih.ba\/wp-content\/uploads\/2024\/10\/IMG-88b37f251a77ad2698c4a38d5897b3b3-V.jpg 1600w\" sizes=\"auto, (max-width: 1024px) 100vw, 1024px\" \/><\/figure>\n\n\n\n<figure class=\"wp-block-image size-large\"><img loading=\"lazy\" decoding=\"async\" width=\"1024\" height=\"766\" data-id=\"2136\" src=\"https:\/\/www.ssvoonkbih.ba\/wp-content\/uploads\/2024\/10\/IMG-5009f0cc2c84e711205fc372e9bab623-V-1024x766.jpg\" alt=\"\" class=\"wp-image-2136\" srcset=\"https:\/\/www.ssvoonkbih.ba\/wp-content\/uploads\/2024\/10\/IMG-5009f0cc2c84e711205fc372e9bab623-V-1024x766.jpg 1024w, https:\/\/www.ssvoonkbih.ba\/wp-content\/uploads\/2024\/10\/IMG-5009f0cc2c84e711205fc372e9bab623-V-300x224.jpg 300w, https:\/\/www.ssvoonkbih.ba\/wp-content\/uploads\/2024\/10\/IMG-5009f0cc2c84e711205fc372e9bab623-V-768x575.jpg 768w, https:\/\/www.ssvoonkbih.ba\/wp-content\/uploads\/2024\/10\/IMG-5009f0cc2c84e711205fc372e9bab623-V-1536x1149.jpg 1536w, https:\/\/www.ssvoonkbih.ba\/wp-content\/uploads\/2024\/10\/IMG-5009f0cc2c84e711205fc372e9bab623-V.jpg 1600w\" sizes=\"auto, (max-width: 1024px) 100vw, 1024px\" \/><\/figure>\n<\/figure>\n","protected":false},"excerpt":{"rendered":"<p>Na poziv albanskog Saveza sindikata nauke i obrazovanja \u2013 FSASH, &nbsp;delegacija SSVOONK-a BiH, u kojoj su bili &nbsp;predsjednica Edina \u010comi\u0107 i predsjednik Skup\u0161tine SSVOONK-a BiH Admir Terzi\u0107, prisustvovala je Kongresu odr\u017eanom 11.10.2024. godine u&#46;&#46;&#46;<\/p>\n","protected":false},"author":1,"featured_media":2136,"comment_status":"closed","ping_status":"closed","sticky":false,"template":"","format":"standard","meta":{"jetpack_post_was_ever_published":false,"_jetpack_newsletter_access":"","_jetpack_dont_email_post_to_subs":false,"_jetpack_newsletter_tier_id":0,"_jetpack_memberships_contains_paywalled_content":false,"_jetpack_memberships_contains_paid_content":false,"footnotes":"","jetpack_publicize_message":"","jetpack_publicize_feature_enabled":true,"jetpack_social_post_already_shared":true,"jetpack_social_options":{"image_generator_settings":{"template":"highway","default_image_id":0,"font":"","enabled":false},"version":2}},"categories":[1,18,25],"tags":[182],"class_list":["post-2135","post","type-post","status-publish","format-standard","has-post-thumbnail","hentry","category-aktualnosti","category-dogadjaji","category-informacije","tag-fsash"],"jetpack_publicize_connections":[],"jetpack_featured_media_url":"https:\/\/www.ssvoonkbih.ba\/wp-content\/uploads\/2024\/10\/IMG-5009f0cc2c84e711205fc372e9bab623-V.jpg","jetpack_sharing_enabled":true,"jetpack_shortlink":"https:\/\/wp.me\/paRAHh-yr","_links":{"self":[{"href":"https:\/\/www.ssvoonkbih.ba\/index.php?rest_route=\/wp\/v2\/posts\/2135","targetHints":{"allow":["GET"]}}],"collection":[{"href":"https:\/\/www.ssvoonkbih.ba\/index.php?rest_route=\/wp\/v2\/posts"}],"about":[{"href":"https:\/\/www.ssvoonkbih.ba\/index.php?rest_route=\/wp\/v2\/types\/post"}],"author":[{"embeddable":true,"href":"https:\/\/www.ssvoonkbih.ba\/index.php?rest_route=\/wp\/v2\/users\/1"}],"replies":[{"embeddable":true,"href":"https:\/\/www.ssvoonkbih.ba\/index.php?rest_route=%2Fwp%2Fv2%2Fcomments&post=2135"}],"version-history":[{"count":2,"href":"https:\/\/www.ssvoonkbih.ba\/index.php?rest_route=\/wp\/v2\/posts\/2135\/revisions"}],"predecessor-version":[{"id":2139,"href":"https:\/\/www.ssvoonkbih.ba\/index.php?rest_route=\/wp\/v2\/posts\/2135\/revisions\/2139"}],"wp:featuredmedia":[{"embeddable":true,"href":"https:\/\/www.ssvoonkbih.ba\/index.php?rest_route=\/wp\/v2\/media\/2136"}],"wp:attachment":[{"href":"https:\/\/www.ssvoonkbih.ba\/index.php?rest_route=%2Fwp%2Fv2%2Fmedia&parent=2135"}],"wp:term":[{"taxonomy":"category","embeddable":true,"href":"https:\/\/www.ssvoonkbih.ba\/index.php?rest_route=%2Fwp%2Fv2%2Fcategories&post=2135"},{"taxonomy":"post_tag","embeddable":true,"href":"https:\/\/www.ssvoonkbih.ba\/index.php?rest_route=%2Fwp%2Fv2%2Ftags&post=2135"}],"curies":[{"name":"wp","href":"https:\/\/api.w.org\/{rel}","templated":true}]}}