{"id":2227,"date":"2025-03-07T10:55:59","date_gmt":"2025-03-07T10:55:59","guid":{"rendered":"https:\/\/www.ssvoonkbih.ba\/?p=2227"},"modified":"2025-03-08T08:32:34","modified_gmt":"2025-03-08T08:32:34","slug":"cestitka-za-8-mart-medunarodni-dan-zena","status":"publish","type":"post","link":"https:\/\/www.ssvoonkbih.ba\/?p=2227","title":{"rendered":"\u010cestitka za 8. mart &#8211; Me\u0111unarodni dan \u017eena"},"content":{"rendered":"<div class=\"wp-block-image\">\n<figure class=\"aligncenter size-large\"><img loading=\"lazy\" decoding=\"async\" width=\"1024\" height=\"739\" src=\"https:\/\/www.ssvoonkbih.ba\/wp-content\/uploads\/2025\/03\/Dan-zena-cestitka-225-1024x739.jpg\" alt=\"\" class=\"wp-image-2228\" srcset=\"https:\/\/www.ssvoonkbih.ba\/wp-content\/uploads\/2025\/03\/Dan-zena-cestitka-225-1024x739.jpg 1024w, https:\/\/www.ssvoonkbih.ba\/wp-content\/uploads\/2025\/03\/Dan-zena-cestitka-225-300x217.jpg 300w, https:\/\/www.ssvoonkbih.ba\/wp-content\/uploads\/2025\/03\/Dan-zena-cestitka-225-768x554.jpg 768w, https:\/\/www.ssvoonkbih.ba\/wp-content\/uploads\/2025\/03\/Dan-zena-cestitka-225.jpg 1226w\" sizes=\"auto, (max-width: 1024px) 100vw, 1024px\" \/><\/figure>\n<\/div>\n\n\n<p>Me\u0111unarodni dan \u017eena nije samo prilika da se slave dostignu\u0107a \u017eena, ve\u0107 i da se podsjetimo&nbsp; borbe koja je jo\u0161 pred nama. Iako su postignuti zna\u010dajni koraci u ostvarivanju na\u0161ih prava i dalje postoje mnogi izazovi. Od neravnopravnosti do nasilja i nedostatka adekvatne za\u0161tite.<\/p>\n\n\n\n<p>Danas treba da se podsjetimo da su prava \u017eena ljudska prava i da smo odgovorni za stvaranje dru\u0161tva u kojem svaka \u017eena ima jednake \u0161anse. Sjetimo se 15 000 tekstilnih radnica koje su protestovale tra\u017ee\u0107i kra\u0107e radno vrijeme i pravo glasa, Clare Zetkin, \u010diji je prijedlog da ovaj dan bude Dan \u017eena, s ciljem da se \u017eene ujedine u borbi protiv diskriminacije, nejednakosti i ugnjetavanja. Od tada do danas mnogo toga je postignuto, ali borba za ravnopravnost, kao i eliminacija nasilja nad \u017eenama ostaju klju\u010dni problemi koje je potrebno rje\u0161avati.<\/p>\n\n\n\n<p>Sjetimo se danas Nizame, Amre, Arnele. Emire, Nermine i svih drugih \u017eena koje su postale \u017ertve nasilja. Neka njihove pri\u010de i \u017eivoti budu motivacija za stvaranje boljeg svijeta, svijeta u kojem nijedna \u017eena ne\u0107e biti \u017ertva nasilja, gdje \u0107e se svaki zlo\u010din ka\u017enjavati, a \u017ertve imati podr\u0161ku i \u0161ansu za novi po\u010detak. Sje\u0107anje na ove \u017eene je poziv na akciju, poziv da svi zajedno radimo na izgradnji dru\u0161tva u kojem \u017eene ne\u0107e biti samo statistika, ve\u0107 ravnopravni \u010dlanovi dru\u0161tva sa svim svojim pravima i dostojanstvom.<\/p>\n\n\n\n<p>Kultura ima nevjerovatnu mo\u0107 da oblikuje svijet u kojem \u017eivimo, svijet u kojem nasilje ne\u0107e imati mjesto. Obrazovni sistem treba stvarati generacije koje ne\u0107e tolerisati nasilje, koje \u0107e prepoznati njegove znakove i koje \u0107e aktivno raditi na njegovoj prevenciji. Mi imamo mogu\u0107nost da oblikujemo stavove mladih ljudi i moramo tu mogu\u0107nost iskoristiti. Odgajajmo na\u0161e sinove da po\u0161tuju svoje \u017eene, svoje k\u0107eri da ne \u0161ute ako im je pomo\u0107 potrebna, odgajajmo na\u0161e u\u010denike tako da, po\u0161tuju\u0107i majke, supruge, prijateljice stvaraju bolji svijet.<\/p>\n\n\n\n<p>Drage kolegice, sretan vam Dan \u017eena sa \u017eeljom da budete voljene i cijenjene svaki dan.<\/p>\n","protected":false},"excerpt":{"rendered":"<p>Me\u0111unarodni dan \u017eena nije samo prilika da se slave dostignu\u0107a \u017eena, ve\u0107 i da se podsjetimo&nbsp; borbe koja je jo\u0161 pred nama. Iako su postignuti zna\u010dajni koraci u ostvarivanju na\u0161ih prava i dalje postoje&#46;&#46;&#46;<\/p>\n","protected":false},"author":1,"featured_media":2228,"comment_status":"closed","ping_status":"closed","sticky":false,"template":"","format":"standard","meta":{"jetpack_post_was_ever_published":false,"_jetpack_newsletter_access":"","_jetpack_dont_email_post_to_subs":false,"_jetpack_newsletter_tier_id":0,"_jetpack_memberships_contains_paywalled_content":false,"_jetpack_memberships_contains_paid_content":false,"footnotes":"","jetpack_publicize_message":"","jetpack_publicize_feature_enabled":true,"jetpack_social_post_already_shared":true,"jetpack_social_options":{"image_generator_settings":{"template":"highway","default_image_id":0,"font":"","enabled":false},"version":2}},"categories":[1,24],"tags":[115,33],"class_list":["post-2227","post","type-post","status-publish","format-standard","has-post-thumbnail","hentry","category-aktualnosti","category-cestitke","tag-8-mart","tag-dan-zena"],"jetpack_publicize_connections":[],"jetpack_featured_media_url":"https:\/\/www.ssvoonkbih.ba\/wp-content\/uploads\/2025\/03\/Dan-zena-cestitka-225.jpg","jetpack_sharing_enabled":true,"jetpack_shortlink":"https:\/\/wp.me\/paRAHh-zV","_links":{"self":[{"href":"https:\/\/www.ssvoonkbih.ba\/index.php?rest_route=\/wp\/v2\/posts\/2227","targetHints":{"allow":["GET"]}}],"collection":[{"href":"https:\/\/www.ssvoonkbih.ba\/index.php?rest_route=\/wp\/v2\/posts"}],"about":[{"href":"https:\/\/www.ssvoonkbih.ba\/index.php?rest_route=\/wp\/v2\/types\/post"}],"author":[{"embeddable":true,"href":"https:\/\/www.ssvoonkbih.ba\/index.php?rest_route=\/wp\/v2\/users\/1"}],"replies":[{"embeddable":true,"href":"https:\/\/www.ssvoonkbih.ba\/index.php?rest_route=%2Fwp%2Fv2%2Fcomments&post=2227"}],"version-history":[{"count":3,"href":"https:\/\/www.ssvoonkbih.ba\/index.php?rest_route=\/wp\/v2\/posts\/2227\/revisions"}],"predecessor-version":[{"id":2231,"href":"https:\/\/www.ssvoonkbih.ba\/index.php?rest_route=\/wp\/v2\/posts\/2227\/revisions\/2231"}],"wp:featuredmedia":[{"embeddable":true,"href":"https:\/\/www.ssvoonkbih.ba\/index.php?rest_route=\/wp\/v2\/media\/2228"}],"wp:attachment":[{"href":"https:\/\/www.ssvoonkbih.ba\/index.php?rest_route=%2Fwp%2Fv2%2Fmedia&parent=2227"}],"wp:term":[{"taxonomy":"category","embeddable":true,"href":"https:\/\/www.ssvoonkbih.ba\/index.php?rest_route=%2Fwp%2Fv2%2Fcategories&post=2227"},{"taxonomy":"post_tag","embeddable":true,"href":"https:\/\/www.ssvoonkbih.ba\/index.php?rest_route=%2Fwp%2Fv2%2Ftags&post=2227"}],"curies":[{"name":"wp","href":"https:\/\/api.w.org\/{rel}","templated":true}]}}