{"id":2248,"date":"2025-04-30T06:49:20","date_gmt":"2025-04-30T06:49:20","guid":{"rendered":"https:\/\/www.ssvoonkbih.ba\/?p=2248"},"modified":"2025-04-30T06:49:32","modified_gmt":"2025-04-30T06:49:32","slug":"cestitka-za-prvi-maj-praznik-rada","status":"publish","type":"post","link":"https:\/\/www.ssvoonkbih.ba\/?p=2248","title":{"rendered":"\u010cestitka za prvi maj &#8211; Praznik rada"},"content":{"rendered":"<div class=\"wp-block-image\">\n<figure class=\"aligncenter size-full\"><img loading=\"lazy\" decoding=\"async\" width=\"1004\" height=\"1023\" src=\"https:\/\/www.ssvoonkbih.ba\/wp-content\/uploads\/2025\/04\/Prvimaj20251.png\" alt=\"\" class=\"wp-image-2249\" srcset=\"https:\/\/www.ssvoonkbih.ba\/wp-content\/uploads\/2025\/04\/Prvimaj20251.png 1004w, https:\/\/www.ssvoonkbih.ba\/wp-content\/uploads\/2025\/04\/Prvimaj20251-294x300.png 294w, https:\/\/www.ssvoonkbih.ba\/wp-content\/uploads\/2025\/04\/Prvimaj20251-768x783.png 768w\" sizes=\"auto, (max-width: 1004px) 100vw, 1004px\" \/><\/figure>\n<\/div>\n\n\n<p>Prvi maj, Me\u0111unarodni praznik rada, vi\u0161e je od tradicije, to je podsjetnik na borbu miliona radnika za dostojanstven \u017eivot i po\u0161tene uslove rada. Danas se s ponosom prisje\u0107amo historijske borbe za osmosatno radno vrijeme, za pravo na sindikalno udru\u017eivanje, socijalnu sigurnost i radno dostojanstvo. Tokom 20. stolje\u0107a sindikati su postali klju\u010dni akteri u izgradnji pravednijeg dru\u0161tva, zalaganjem za radni\u010dka prava kroz kolektivne ugovore, zakonske reforme i dru\u0161tveni dijalog. &nbsp;I dok se mnoge od tih borbi danas uzimaju zdravo za gotovo, stvarnost nam pokazuje da se jo\u0161 mnogo toga treba promijeniti.<\/p>\n\n\n\n<p>U vremenu kada inflacija neumoljivo raste i tako poni\u0161tava svako pove\u0107anje plata koje sindikat izbori, radnici se svakodnevno suo\u010davaju s nesigurno\u0161\u0107u, nepravdom i potcjenjeno\u0161\u0107u svog rada. Zato dana\u0161nja sindikalna borba vi\u0161e nego ikada mora biti usmjerena na konkretne ciljeve:<\/p>\n\n\n\n<ul class=\"wp-block-list\">\n<li>Dostojanstvenu i pravednu platu koja osigurava normalan \u017eivot, a ne pre\u017eivljavanje.<\/li>\n\n\n\n<li>Efikasne kolektivne ugovore koji \u0107e garantirati jasna prava, bolje uslove rada i ve\u0107a primanja.<\/li>\n\n\n\n<li>Za\u0161titu od posljedica inflacije kroz sistemske mjere koje ne prebacuju teret krize na radnike.<\/li>\n\n\n\n<li>Ve\u0107u ulogu sindikata u dono\u0161enju odluka koje direktno uti\u010du na radni\u010dka prava i sigurnost.<\/li>\n<\/ul>\n\n\n\n<p>Sindikat ostaje stub otpora protiv socijalne nepravde. Na\u0161 zadatak je da budemo glas onih koji \u010desto ostaju ne\u010dujni, radnika koji doprinose funkcionisanju dru\u0161tva, ali se rijetko pitaju ili priznaju. Nastavljamo da se borimo za ja\u010danje socijalnog dijaloga, za uvo\u0111enje konkretnih mjera koje \u0107e za\u0161tititi najugro\u017eenije i za dru\u0161tvo u kojem se rad cijeni, a ne iskori\u0161tava.<\/p>\n\n\n\n<p>U sektoru obrazovanja, nauke i kulture, sindikat je imao posebnu ulogu \u2013 ne samo u za\u0161titi radnih prava, ve\u0107 i u o\u010duvanju i unapre\u0111enju vrijednosti znanja, slobode izra\u017eavanja i dru\u0161tvene odgovornosti.<\/p>\n\n\n\n<p>Prvi maj je na\u0161 dan i vi\u0161e je od praznika. To je podsjetnik na historijsku borbu, ali i poziv da se nastavimo zalagati za jednakost, pravednost i dostojanstvo svakog radnika. Dan kada slavimo na\u0161 doprinos dru\u0161tvu, ali istovremeno podsje\u0107amo sve \u2013 i vlast, i poslodavce, i javnost \u2013 da su rad i radni\u010dka prava temelj svakog uspje\u0161nog dru\u0161tva. Sindikat ostaje \u010dvrsto posve\u0107en borbi za ve\u0107e plate, sigurnija radna mjesta i bolju za\u0161titu svakog radnika. To nije samo sindikalna du\u017enost \u2013 to je dru\u0161tvena odgovornost.<\/p>\n\n\n\n<p><\/p>\n","protected":false},"excerpt":{"rendered":"<p>Prvi maj, Me\u0111unarodni praznik rada, vi\u0161e je od tradicije, to je podsjetnik na borbu miliona radnika za dostojanstven \u017eivot i po\u0161tene uslove rada. Danas se s ponosom prisje\u0107amo historijske borbe za osmosatno radno vrijeme,&#46;&#46;&#46;<\/p>\n","protected":false},"author":1,"featured_media":2250,"comment_status":"closed","ping_status":"closed","sticky":false,"template":"","format":"standard","meta":{"jetpack_post_was_ever_published":false,"_jetpack_newsletter_access":"","_jetpack_dont_email_post_to_subs":false,"_jetpack_newsletter_tier_id":0,"_jetpack_memberships_contains_paywalled_content":false,"_jetpack_memberships_contains_paid_content":false,"footnotes":"","jetpack_publicize_message":"","jetpack_publicize_feature_enabled":true,"jetpack_social_post_already_shared":true,"jetpack_social_options":{"image_generator_settings":{"template":"highway","default_image_id":0,"font":"","enabled":false},"version":2}},"categories":[1,24],"tags":[],"class_list":["post-2248","post","type-post","status-publish","format-standard","has-post-thumbnail","hentry","category-aktualnosti","category-cestitke"],"jetpack_publicize_connections":[],"jetpack_featured_media_url":"https:\/\/www.ssvoonkbih.ba\/wp-content\/uploads\/2025\/04\/Prvimaj2025.png","jetpack_sharing_enabled":true,"jetpack_shortlink":"https:\/\/wp.me\/paRAHh-Ag","_links":{"self":[{"href":"https:\/\/www.ssvoonkbih.ba\/index.php?rest_route=\/wp\/v2\/posts\/2248","targetHints":{"allow":["GET"]}}],"collection":[{"href":"https:\/\/www.ssvoonkbih.ba\/index.php?rest_route=\/wp\/v2\/posts"}],"about":[{"href":"https:\/\/www.ssvoonkbih.ba\/index.php?rest_route=\/wp\/v2\/types\/post"}],"author":[{"embeddable":true,"href":"https:\/\/www.ssvoonkbih.ba\/index.php?rest_route=\/wp\/v2\/users\/1"}],"replies":[{"embeddable":true,"href":"https:\/\/www.ssvoonkbih.ba\/index.php?rest_route=%2Fwp%2Fv2%2Fcomments&post=2248"}],"version-history":[{"count":1,"href":"https:\/\/www.ssvoonkbih.ba\/index.php?rest_route=\/wp\/v2\/posts\/2248\/revisions"}],"predecessor-version":[{"id":2251,"href":"https:\/\/www.ssvoonkbih.ba\/index.php?rest_route=\/wp\/v2\/posts\/2248\/revisions\/2251"}],"wp:featuredmedia":[{"embeddable":true,"href":"https:\/\/www.ssvoonkbih.ba\/index.php?rest_route=\/wp\/v2\/media\/2250"}],"wp:attachment":[{"href":"https:\/\/www.ssvoonkbih.ba\/index.php?rest_route=%2Fwp%2Fv2%2Fmedia&parent=2248"}],"wp:term":[{"taxonomy":"category","embeddable":true,"href":"https:\/\/www.ssvoonkbih.ba\/index.php?rest_route=%2Fwp%2Fv2%2Fcategories&post=2248"},{"taxonomy":"post_tag","embeddable":true,"href":"https:\/\/www.ssvoonkbih.ba\/index.php?rest_route=%2Fwp%2Fv2%2Ftags&post=2248"}],"curies":[{"name":"wp","href":"https:\/\/api.w.org\/{rel}","templated":true}]}}