{"id":2270,"date":"2025-06-02T20:54:29","date_gmt":"2025-06-02T20:54:29","guid":{"rendered":"https:\/\/www.ssvoonkbih.ba\/?p=2270"},"modified":"2025-06-02T20:56:44","modified_gmt":"2025-06-02T20:56:44","slug":"dan-ssvoonk-a-bih-2","status":"publish","type":"post","link":"https:\/\/www.ssvoonkbih.ba\/?p=2270","title":{"rendered":"Dan SSVOONK-a BiH"},"content":{"rendered":"\n<figure class=\"wp-block-image size-large\"><img loading=\"lazy\" decoding=\"async\" width=\"1024\" height=\"478\" src=\"https:\/\/www.ssvoonkbih.ba\/wp-content\/uploads\/2025\/06\/1000013507-1024x478.jpg\" alt=\"\" class=\"wp-image-2274\" srcset=\"https:\/\/www.ssvoonkbih.ba\/wp-content\/uploads\/2025\/06\/1000013507-1024x478.jpg 1024w, https:\/\/www.ssvoonkbih.ba\/wp-content\/uploads\/2025\/06\/1000013507-300x140.jpg 300w, https:\/\/www.ssvoonkbih.ba\/wp-content\/uploads\/2025\/06\/1000013507-768x359.jpg 768w, https:\/\/www.ssvoonkbih.ba\/wp-content\/uploads\/2025\/06\/1000013507-1536x717.jpg 1536w, https:\/\/www.ssvoonkbih.ba\/wp-content\/uploads\/2025\/06\/1000013507.jpg 1600w\" sizes=\"auto, (max-width: 1024px) 100vw, 1024px\" \/><\/figure>\n\n\n\n<p>30. maja u SRC Ajdinovi\u0107i je odr\u017eana sve\u010dana sjednica SSVOONK-a BiH kojom je obilje\u017eeno 35 godina postojanja. Osim \u010dlanova Skup\u0161tine sjednici su prisustvovali \u010dlanovi kantonalnih odbora, sindikalnih organizacija i gosti. Da iska\u017eu svoju podr\u0161ku i uveli\u010daju ovaj datum do\u0161li su i dragi gosti, predstavnici sindikata obrazovanja iz Slovenije, Crne Gore i Hrvatske, kao i SSOOiO F BiH. Iskori\u0161tena je prilika da se iska\u017ee zahvalnost penzionisanim \u010dlanovima organa SSVOONK-a BiH kojima su uru\u010dene zahvalnice. Nakon sve\u010dane sjednice je odr\u017ean seminar sa temama: \u0160trajk \u2013 iskustva iz prakse i Novi statut SSVOONK-a BiH.<\/p>\n\n\n<div class=\"wp-block-image\">\n<figure class=\"aligncenter size-large\"><img loading=\"lazy\" decoding=\"async\" width=\"1024\" height=\"478\" src=\"https:\/\/www.ssvoonkbih.ba\/wp-content\/uploads\/2025\/06\/1000013508-1024x478.jpg\" alt=\"\" class=\"wp-image-2271\" srcset=\"https:\/\/www.ssvoonkbih.ba\/wp-content\/uploads\/2025\/06\/1000013508-1024x478.jpg 1024w, https:\/\/www.ssvoonkbih.ba\/wp-content\/uploads\/2025\/06\/1000013508-300x140.jpg 300w, https:\/\/www.ssvoonkbih.ba\/wp-content\/uploads\/2025\/06\/1000013508-768x359.jpg 768w, https:\/\/www.ssvoonkbih.ba\/wp-content\/uploads\/2025\/06\/1000013508-1536x717.jpg 1536w, https:\/\/www.ssvoonkbih.ba\/wp-content\/uploads\/2025\/06\/1000013508.jpg 1600w\" sizes=\"auto, (max-width: 1024px) 100vw, 1024px\" \/><figcaption class=\"wp-element-caption\">Dan SSVOOONKBiH 30. maj 2025. 1<\/figcaption><\/figure>\n<\/div>\n\n\n<p><\/p>\n\n\n\n<p><em>&#8220;Po\u0161tovane kolegice i kolege, dragi prijatelji,<\/em><\/p>\n\n\n\n<p class=\"has-medium-font-size\" style=\"text-decoration:none\"><em>danas smo se okupili kako bismo zajedno obilje\u017eili Dan na\u0161eg Sindikata \u2013 dan koji bi trebao da nas podsjeti na snagu zajedni\u0161tva, na va\u017enost za prava radnika, ali i na dostojanstvo profesija koje oblikuju budu\u0107nost na\u0161eg dru\u0161tva.<\/em><\/p>\n\n\n\n<p class=\"has-medium-font-size\" style=\"text-decoration:none\"><em>Oni koji rade u obrazovanju, nauci i kulturi nisu samo radnici \u2013 oni su nosioci znanja, \u010duvari vrijednosti, graditelji dru\u0161tva. Na\u0161a misija nije samo da podu\u010davamo, istra\u017eujemo ili stvaramo, ve\u0107 i da branimo pravo svakog \u010dovjeka na obrazovanje, istinu i kulturni identitet.<\/em><\/p>\n\n\n\n<p class=\"has-medium-font-size\" style=\"text-decoration:none\"><em>Sindikati su kroz historiju bili klju\u010dni oslonac u toj borbi. Bili su glas onih koje \u010desto niko ne \u010duje, \u0161tit onima koji su se suo\u010davali s nepravdom i snaga koja podsje\u0107a da dostojanstvo rada mora biti temelj svakog pravednog dru\u0161tva.<\/em><\/p>\n\n\n\n<p class=\"has-medium-font-size\" style=\"text-decoration:none\"><em>Na\u0161 Sindikat nije samo organizacija \u2013 to je zajednica. To su ljudi koji ne pristaju na \u0161utnju kada je na djelu nepravda, koji ne odustaju kada je te\u0161ko i koji znaju da je borba za dostojanstvo rada borba za budu\u0107nost dru\u0161tva. Mi nismo tu da samo brojimo probleme, ve\u0107 da ih rje\u0161avamo, kroz solidarnost i istrajnost. Na\u0161 zadatak je da budemo glas koji ne\u0107e \u0161utjeti na nepravdu, tu smo da tra\u017eimo, ne samo ve\u0107e plate i bolje uslove rada, nego i dru\u0161tveno priznanje koje na\u0161i pozivi zaslu\u017euju.<\/em><\/p>\n\n\n\n<p class=\"has-medium-font-size\" style=\"text-decoration:none\"><em>U vremenu kada se suo\u010davamo s brojnim izazovima \u2013 od smanjenog ulaganja u znanje i kulturu, preko neadekvatnih uslova rada, do nedovoljnog uva\u017eavanja na\u0161e uloge u dru\u0161tvu \u2013 va\u017enije je nego ikada da ostanemo ujedinjeni, solidarni i dosljedni. Danas sve \u010de\u0161\u0107e svjedo\u010dimo nedostatku kadra, ne zato \u0161to nema sposobnih i vrijednih ljudi, ve\u0107 zato \u0161to na\u0161a uloga nije dovoljno cijenjena, ni materijalno, ni dru\u0161tveno. Mladi ljudi sve rje\u0111e biraju na\u0161 poziv jer ne vide sigurnost, podr\u0161ku ni priznanje. Me\u0111u nama su oni koji godinama rade na odre\u0111eno vrijeme, bez stabilnosti, bez izvjesnosti i bez po\u0161tovanja koje bi trebali imati. A rade jednako odgovorno, jednako predano, \u010desto i vi\u0161e, u \u017eelji da doka\u017eu svoju vrijednost u sistemu koji ih, na\u017ealost, ne prepoznaje na pravi na\u010din. Sistemu koji ih svakog ljeta \u0161alje na biro za zapo\u0161ljavanje i time im onemogu\u0107ava da osiguraju stabilnost, planiraju \u017eivot, osnuju porodicu, podignu kredit i rije\u0161e stambeno pitanje. To nije pravedno, nije dostojanstveno.<\/em><\/p>\n\n\n\n<p class=\"has-medium-font-size\" style=\"text-decoration:none\"><em>Danas ne slavimo samo jedan dan \u2013 slavimo sje\u0107anje na sve na\u0161e kolege koji su prije nas gradili ovaj sindikat, kao i one koji \u0107e ga nastaviti \u010duvati i razvijati. Odajemo priznanje onima koji su svojim radom, znanjem i stra\u0161\u0107u oblikovali i oblikuju temelj na\u0161eg dru\u0161tva. Svi vi \u2013 profesori, odgajatelji, bibliotekari, kulturni radnici, umjetnici \u2013 svi vi koji svakodnevno stvarate prostor u kojem se duh razvija, znanje prenosi i identitet \u010duva, vi ste oni koji gradite budu\u0107nost. Pri tome ne zaboravimo one koji su hodali prije nas. Svako pravo koje danas imamo, neko je prije nas izborio, \u010desto tiho, strpljivo, ali s dubokim uvjerenjem da vrijedi boriti se. Sje\u0107anje na njih nije samo znak po\u0161tovanja, ve\u0107 i putokaz da ne zaboravimo da su tekovine koje imamo danas plod zalaganja i rada onih koji su bili prije nas. Ako \u017eelimo biti dobri i istinski po\u0161tovati na\u0161e naslije\u0111e, ne mo\u017eemo i ne smijemo zaboraviti one koji su bili prije nas. Ako ih zaboravimo i ako ne po\u0161tujemo ono \u0161to su u\u010dinili za na\u0161a prava, do\u0107i \u0107emo u situaciju u kojoj \u0107e i na\u0161 rad biti zaboravljen, a na\u0161i napori obezvrije\u0111eni. &nbsp;Zato danas treba spomenuti &nbsp;i odati &nbsp;po\u010dast, onima koji nisu vi\u0161e me\u0111u nama ili nisu aktivni u sindikalnom pokretu, na\u0161u prvu predsjednicu Eminu Pan\u017eo Hasanbegovi\u0107 koja je postavila temelj na\u0161e organizacije, D\u017eenanu Tanovi\u0107 Hamzi\u0107, drugu predsjednicu, \u010dija je posve\u0107enost i vizija pomogla da na\u0161 sindikat postane prepoznatljiv, sna\u017ean i organiziran, kao i predsjednike kantonalnih organizacija: Rabiju Hara\u010di\u0107 iz Zeni\u010dko-dobojskog kantona, Mehmedaliju Lili\u0107a, Aidu Arifovi\u0107, Enesa \u010cizmi\u0107a i Enesa Zukanovi\u0107a iz Unsko-sanskog, &nbsp;&nbsp;Miladu Orman, Jasminku \u0160unje i Ejuba Muji\u0107a iz Hercegova\u010dko-neretvanskog kantona, Fadila \u010celju, Hilmu Bunju, Eldina Isanovi\u0107a i Elmu Deli\u0107 iz Bosanskopodrinjskog, Ned\u017eada Jahi\u0107a i Abdulaha Dudu Serezliju iz Srednjobosanskog kantona, Iliju Miki\u0107a i Pericu Vukovi\u0107 iz Posavine, Faruka Be\u0161li\u0107a iz Kantona Sarajevo, te Mevlidu Altumbabi\u0107 i &nbsp;Azru Gazibegovi\u0107 iz Tuzlanskog kantona. Njihova iskustva i njihova borba su i nas oblikovali. &nbsp;U \u017eelji da budemo bolji, ne zaboravimo sve dobro \u0161to su oni prije nas radili. Njihov trud, njihova borba i predanost zaslu\u017euju po\u0161tovanje. A ono \u0161to nam se mo\u017eda nije svi\u0111alo, ostavimo iza nas, ne kao kamen spoticanja, ve\u0107 kao lekciju iz koje u\u010dimo. Samo tako mo\u017eemo rasti, s po\u0161tovanjem prema pro\u0161losti i s odgovorno\u0161\u0107u prema budu\u0107nosti.<\/em><\/p>\n\n\n\n<p class=\"has-medium-font-size\" style=\"text-decoration:none\"><em>U to ime \u2013 hvala vam \u0161to ste dio ove zajednice. Hvala vam na svemu \u0161to radite kako biste o\u010duvali na\u0161e zajedni\u0161tvo, hvala na trudu i energiji koji ula\u017eete kako bi na\u0161 polo\u017eaj u dru\u0161tvu bio bolji. I neka nas ovaj dan podsjeti \u2013 zajedno smo ja\u010di.<\/em><\/p>\n\n\n\n<p class=\"has-medium-font-size\" style=\"text-decoration:none\"><strong><em>Sretan nam Dan Sindikata srednjeg i visokog obrazovanja, odgoja, nauke i kulture Bosne i Hercegovine!&#8221;<\/em><\/strong><\/p>\n\n\n\n<div class=\"wp-block-jetpack-slideshow aligncenter\" data-effect=\"slide\"><div class=\"wp-block-jetpack-slideshow_container swiper-container\"><ul class=\"wp-block-jetpack-slideshow_swiper-wrapper swiper-wrapper\"><li class=\"wp-block-jetpack-slideshow_slide swiper-slide\"><figure><img loading=\"lazy\" decoding=\"async\" width=\"1024\" height=\"478\" alt=\"\" class=\"wp-block-jetpack-slideshow_image wp-image-2271\" data-id=\"2271\" src=\"https:\/\/www.ssvoonkbih.ba\/wp-content\/uploads\/2025\/06\/1000013508-1024x478.jpg\" srcset=\"https:\/\/www.ssvoonkbih.ba\/wp-content\/uploads\/2025\/06\/1000013508-1024x478.jpg 1024w, https:\/\/www.ssvoonkbih.ba\/wp-content\/uploads\/2025\/06\/1000013508-300x140.jpg 300w, https:\/\/www.ssvoonkbih.ba\/wp-content\/uploads\/2025\/06\/1000013508-768x359.jpg 768w, https:\/\/www.ssvoonkbih.ba\/wp-content\/uploads\/2025\/06\/1000013508-1536x717.jpg 1536w, https:\/\/www.ssvoonkbih.ba\/wp-content\/uploads\/2025\/06\/1000013508.jpg 1600w\" sizes=\"(max-width: 1024px) 100vw, 1024px\" \/><\/figure><\/li><li class=\"wp-block-jetpack-slideshow_slide swiper-slide\"><figure><img loading=\"lazy\" decoding=\"async\" width=\"1024\" height=\"478\" alt=\"\" class=\"wp-block-jetpack-slideshow_image wp-image-2272\" data-id=\"2272\" src=\"https:\/\/www.ssvoonkbih.ba\/wp-content\/uploads\/2025\/06\/1000013506-1024x478.jpg\" srcset=\"https:\/\/www.ssvoonkbih.ba\/wp-content\/uploads\/2025\/06\/1000013506-1024x478.jpg 1024w, https:\/\/www.ssvoonkbih.ba\/wp-content\/uploads\/2025\/06\/1000013506-300x140.jpg 300w, https:\/\/www.ssvoonkbih.ba\/wp-content\/uploads\/2025\/06\/1000013506-768x359.jpg 768w, https:\/\/www.ssvoonkbih.ba\/wp-content\/uploads\/2025\/06\/1000013506-1536x717.jpg 1536w, https:\/\/www.ssvoonkbih.ba\/wp-content\/uploads\/2025\/06\/1000013506.jpg 1600w\" sizes=\"(max-width: 1024px) 100vw, 1024px\" \/><\/figure><\/li><li class=\"wp-block-jetpack-slideshow_slide swiper-slide\"><figure><img loading=\"lazy\" decoding=\"async\" width=\"1024\" height=\"478\" alt=\"\" class=\"wp-block-jetpack-slideshow_image wp-image-2273\" data-id=\"2273\" src=\"https:\/\/www.ssvoonkbih.ba\/wp-content\/uploads\/2025\/06\/1000013509-1024x478.jpg\" srcset=\"https:\/\/www.ssvoonkbih.ba\/wp-content\/uploads\/2025\/06\/1000013509-1024x478.jpg 1024w, https:\/\/www.ssvoonkbih.ba\/wp-content\/uploads\/2025\/06\/1000013509-300x140.jpg 300w, https:\/\/www.ssvoonkbih.ba\/wp-content\/uploads\/2025\/06\/1000013509-768x359.jpg 768w, https:\/\/www.ssvoonkbih.ba\/wp-content\/uploads\/2025\/06\/1000013509-1536x717.jpg 1536w, https:\/\/www.ssvoonkbih.ba\/wp-content\/uploads\/2025\/06\/1000013509.jpg 1600w\" sizes=\"(max-width: 1024px) 100vw, 1024px\" \/><\/figure><\/li><li class=\"wp-block-jetpack-slideshow_slide swiper-slide\"><figure><img loading=\"lazy\" decoding=\"async\" width=\"1024\" height=\"478\" alt=\"\" class=\"wp-block-jetpack-slideshow_image wp-image-2274\" data-id=\"2274\" src=\"https:\/\/www.ssvoonkbih.ba\/wp-content\/uploads\/2025\/06\/1000013507-1024x478.jpg\" srcset=\"https:\/\/www.ssvoonkbih.ba\/wp-content\/uploads\/2025\/06\/1000013507-1024x478.jpg 1024w, https:\/\/www.ssvoonkbih.ba\/wp-content\/uploads\/2025\/06\/1000013507-300x140.jpg 300w, https:\/\/www.ssvoonkbih.ba\/wp-content\/uploads\/2025\/06\/1000013507-768x359.jpg 768w, https:\/\/www.ssvoonkbih.ba\/wp-content\/uploads\/2025\/06\/1000013507-1536x717.jpg 1536w, https:\/\/www.ssvoonkbih.ba\/wp-content\/uploads\/2025\/06\/1000013507.jpg 1600w\" sizes=\"(max-width: 1024px) 100vw, 1024px\" \/><\/figure><\/li><\/ul><a class=\"wp-block-jetpack-slideshow_button-prev swiper-button-prev swiper-button-white\" role=\"button\"><\/a><a class=\"wp-block-jetpack-slideshow_button-next swiper-button-next swiper-button-white\" role=\"button\"><\/a><a aria-label=\"Pause Slideshow\" class=\"wp-block-jetpack-slideshow_button-pause\" role=\"button\"><\/a><div class=\"wp-block-jetpack-slideshow_pagination swiper-pagination swiper-pagination-white\"><\/div><\/div><\/div>\n","protected":false},"excerpt":{"rendered":"<p>30. maja u SRC Ajdinovi\u0107i je odr\u017eana sve\u010dana sjednica SSVOONK-a BiH kojom je obilje\u017eeno 35 godina postojanja. Osim \u010dlanova Skup\u0161tine sjednici su prisustvovali \u010dlanovi kantonalnih odbora, sindikalnih organizacija i gosti. Da iska\u017eu svoju podr\u0161ku&#46;&#46;&#46;<\/p>\n","protected":false},"author":1,"featured_media":2274,"comment_status":"closed","ping_status":"closed","sticky":false,"template":"","format":"standard","meta":{"jetpack_post_was_ever_published":false,"_jetpack_newsletter_access":"","_jetpack_dont_email_post_to_subs":false,"_jetpack_newsletter_tier_id":0,"_jetpack_memberships_contains_paywalled_content":false,"_jetpack_memberships_contains_paid_content":false,"footnotes":"","jetpack_publicize_message":"","jetpack_publicize_feature_enabled":true,"jetpack_social_post_already_shared":true,"jetpack_social_options":{"image_generator_settings":{"template":"highway","default_image_id":0,"font":"","enabled":false},"version":2}},"categories":[1],"tags":[],"class_list":["post-2270","post","type-post","status-publish","format-standard","has-post-thumbnail","hentry","category-aktualnosti"],"jetpack_publicize_connections":[],"jetpack_featured_media_url":"https:\/\/www.ssvoonkbih.ba\/wp-content\/uploads\/2025\/06\/1000013507.jpg","jetpack_sharing_enabled":true,"jetpack_shortlink":"https:\/\/wp.me\/paRAHh-AC","_links":{"self":[{"href":"https:\/\/www.ssvoonkbih.ba\/index.php?rest_route=\/wp\/v2\/posts\/2270","targetHints":{"allow":["GET"]}}],"collection":[{"href":"https:\/\/www.ssvoonkbih.ba\/index.php?rest_route=\/wp\/v2\/posts"}],"about":[{"href":"https:\/\/www.ssvoonkbih.ba\/index.php?rest_route=\/wp\/v2\/types\/post"}],"author":[{"embeddable":true,"href":"https:\/\/www.ssvoonkbih.ba\/index.php?rest_route=\/wp\/v2\/users\/1"}],"replies":[{"embeddable":true,"href":"https:\/\/www.ssvoonkbih.ba\/index.php?rest_route=%2Fwp%2Fv2%2Fcomments&post=2270"}],"version-history":[{"count":3,"href":"https:\/\/www.ssvoonkbih.ba\/index.php?rest_route=\/wp\/v2\/posts\/2270\/revisions"}],"predecessor-version":[{"id":2278,"href":"https:\/\/www.ssvoonkbih.ba\/index.php?rest_route=\/wp\/v2\/posts\/2270\/revisions\/2278"}],"wp:featuredmedia":[{"embeddable":true,"href":"https:\/\/www.ssvoonkbih.ba\/index.php?rest_route=\/wp\/v2\/media\/2274"}],"wp:attachment":[{"href":"https:\/\/www.ssvoonkbih.ba\/index.php?rest_route=%2Fwp%2Fv2%2Fmedia&parent=2270"}],"wp:term":[{"taxonomy":"category","embeddable":true,"href":"https:\/\/www.ssvoonkbih.ba\/index.php?rest_route=%2Fwp%2Fv2%2Fcategories&post=2270"},{"taxonomy":"post_tag","embeddable":true,"href":"https:\/\/www.ssvoonkbih.ba\/index.php?rest_route=%2Fwp%2Fv2%2Ftags&post=2270"}],"curies":[{"name":"wp","href":"https:\/\/api.w.org\/{rel}","templated":true}]}}