{"id":2292,"date":"2025-06-24T07:12:05","date_gmt":"2025-06-24T07:12:05","guid":{"rendered":"https:\/\/www.ssvoonkbih.ba\/?p=2292"},"modified":"2025-06-24T07:20:52","modified_gmt":"2025-06-24T07:20:52","slug":"zene-u-fokusu-radnih-prava-seminar-u-blagaju-okupio-sindikalke","status":"publish","type":"post","link":"https:\/\/www.ssvoonkbih.ba\/?p=2292","title":{"rendered":"\u017dene u fokusu radnih prava: Seminar u Blagaju okupio sindikalke"},"content":{"rendered":"<div class=\"wp-block-image\">\n<figure class=\"aligncenter size-large\"><img loading=\"lazy\" decoding=\"async\" width=\"726\" height=\"1024\" src=\"https:\/\/www.ssvoonkbih.ba\/wp-content\/uploads\/2025\/06\/1000013625-726x1024.jpg\" alt=\"\" class=\"wp-image-2296\" srcset=\"https:\/\/www.ssvoonkbih.ba\/wp-content\/uploads\/2025\/06\/1000013625-726x1024.jpg 726w, https:\/\/www.ssvoonkbih.ba\/wp-content\/uploads\/2025\/06\/1000013625-213x300.jpg 213w, https:\/\/www.ssvoonkbih.ba\/wp-content\/uploads\/2025\/06\/1000013625-768x1083.jpg 768w, https:\/\/www.ssvoonkbih.ba\/wp-content\/uploads\/2025\/06\/1000013625-1090x1536.jpg 1090w, https:\/\/www.ssvoonkbih.ba\/wp-content\/uploads\/2025\/06\/1000013625.jpg 1135w\" sizes=\"auto, (max-width: 726px) 100vw, 726px\" \/><\/figure>\n<\/div>\n\n\n<p>Dana 21. juna, u hotelu \u201eAda\u201c u Blagaju, odr\u017ean je seminar pod nazivom \u201e\u017dene u fokusu radnih prava\u201c. Ovaj doga\u0111aj organizovala je Sekcija \u017eena SSVOONK-a BiH, s ciljem informisanja i osna\u017eivanja \u017eena u oblasti radnih prava. Seminar je okupio ne samo \u010dlanice Sekcije \u017eena SSVOONK-a BiH, ve\u0107 i predstavnice kantonalnih odbora i sindikalnih organizacija HNK-a.<\/p>\n\n\n\n<p>U fokusu seminara bilo je podizanje svijesti o radnim pravima \u017eena i ja\u010danje njihove uloge u radnom okru\u017eenju. U\u010desnici su imali priliku \u010duti izlaganje Ahmeta Sal\u010dina, pomo\u0107nika direktora za pravna pitanja Udru\u017eenja Va\u0161a prava BiH, koji je govorio o zakonodavnom okviru i za\u0161titi prava \u017eena na radnom mjestu. Njegovo predavanje bilo je klju\u010dna ta\u010dka programa, pru\u017eaju\u0107i prisutnima korisne informacije i pravne smjernice.<\/p>\n\n\n\n<p>Osim predavanja, seminar je bio oboga\u0107en dinami\u010dnim diskusijama. U\u010desnice su razmjenjivale ideje i li\u010dna iskustva, osvr\u0107u\u0107i se na trenutne izazove s kojima se \u017eene suo\u010davaju u radnom okru\u017eenju. Razgovori su tako\u0111er bili usmjereni na mogu\u0107nosti za unapre\u0111enje polo\u017eaja \u017eena kroz zakonodavne promjene i sindikalne inicijative.<\/p>\n\n\n\n<p>\u201eRadi se o neprestanoj borbi koja podsje\u0107a na Sizifa i njegovo vje\u010dno guranje kamena na vrh planine koji bi se onda skotrljao nazad niz brdo na sam po\u010detak. I sutra opet tako. I tako je nekako biti \u017eena i boriti se za osnovna ljudska prava,\u201c istaknula je Lejla \u0106eri\u0107, predsjednica Sekcije \u017eena SSVOONK-a BiH. Naglasila je da je klju\u010d uspjeha u zajedni\u010dkom djelovanju svih aktera.<\/p>\n\n\n\n<p>Seminar je zaklju\u010den panel diskusijom na temu \u201eRadna prava \u017eena\u201c. Panelisti su analizirali trenutne izazove i ponudili prijedloge za budu\u0107e akcije usmjerene na ja\u010danje prava \u017eena na radnom mjestu. Doga\u0111aj je zaklju\u010den usvajanjem nekoliko preporuka koje \u0107e biti &nbsp;predstavljene u daljnjem radu.<\/p>\n\n\n\n<figure class=\"wp-block-gallery has-nested-images columns-default is-cropped wp-block-gallery-1 is-layout-flex wp-block-gallery-is-layout-flex\">\n<figure class=\"wp-block-image size-large\"><img loading=\"lazy\" decoding=\"async\" width=\"726\" height=\"1024\" data-id=\"2296\" src=\"https:\/\/www.ssvoonkbih.ba\/wp-content\/uploads\/2025\/06\/1000013625-726x1024.jpg\" alt=\"\" class=\"wp-image-2296\" srcset=\"https:\/\/www.ssvoonkbih.ba\/wp-content\/uploads\/2025\/06\/1000013625-726x1024.jpg 726w, https:\/\/www.ssvoonkbih.ba\/wp-content\/uploads\/2025\/06\/1000013625-213x300.jpg 213w, https:\/\/www.ssvoonkbih.ba\/wp-content\/uploads\/2025\/06\/1000013625-768x1083.jpg 768w, https:\/\/www.ssvoonkbih.ba\/wp-content\/uploads\/2025\/06\/1000013625-1090x1536.jpg 1090w, https:\/\/www.ssvoonkbih.ba\/wp-content\/uploads\/2025\/06\/1000013625.jpg 1135w\" sizes=\"auto, (max-width: 726px) 100vw, 726px\" \/><\/figure>\n\n\n\n<figure class=\"wp-block-image size-large\"><img loading=\"lazy\" decoding=\"async\" width=\"1024\" height=\"768\" data-id=\"2293\" src=\"https:\/\/www.ssvoonkbih.ba\/wp-content\/uploads\/2025\/06\/1000013626-1024x768.jpg\" alt=\"\" class=\"wp-image-2293\" srcset=\"https:\/\/www.ssvoonkbih.ba\/wp-content\/uploads\/2025\/06\/1000013626-1024x768.jpg 1024w, https:\/\/www.ssvoonkbih.ba\/wp-content\/uploads\/2025\/06\/1000013626-300x225.jpg 300w, https:\/\/www.ssvoonkbih.ba\/wp-content\/uploads\/2025\/06\/1000013626-768x576.jpg 768w, https:\/\/www.ssvoonkbih.ba\/wp-content\/uploads\/2025\/06\/1000013626-1536x1152.jpg 1536w, https:\/\/www.ssvoonkbih.ba\/wp-content\/uploads\/2025\/06\/1000013626.jpg 1600w\" sizes=\"auto, (max-width: 1024px) 100vw, 1024px\" \/><\/figure>\n<\/figure>\n","protected":false},"excerpt":{"rendered":"<p>Dana 21. juna, u hotelu \u201eAda\u201c u Blagaju, odr\u017ean je seminar pod nazivom \u201e\u017dene u fokusu radnih prava\u201c. Ovaj doga\u0111aj organizovala je Sekcija \u017eena SSVOONK-a BiH, s ciljem informisanja i osna\u017eivanja \u017eena u oblasti&#46;&#46;&#46;<\/p>\n","protected":false},"author":1,"featured_media":2293,"comment_status":"closed","ping_status":"closed","sticky":false,"template":"","format":"standard","meta":{"jetpack_post_was_ever_published":false,"_jetpack_newsletter_access":"","_jetpack_dont_email_post_to_subs":false,"_jetpack_newsletter_tier_id":0,"_jetpack_memberships_contains_paywalled_content":false,"_jetpack_memberships_contains_paid_content":false,"footnotes":"","jetpack_publicize_message":"","jetpack_publicize_feature_enabled":true,"jetpack_social_post_already_shared":true,"jetpack_social_options":{"image_generator_settings":{"template":"highway","default_image_id":0,"font":"","enabled":false},"version":2}},"categories":[1],"tags":[193],"class_list":["post-2292","post","type-post","status-publish","format-standard","has-post-thumbnail","hentry","category-aktualnosti","tag-radna-prava-zena"],"jetpack_publicize_connections":[],"jetpack_featured_media_url":"https:\/\/www.ssvoonkbih.ba\/wp-content\/uploads\/2025\/06\/1000013626.jpg","jetpack_sharing_enabled":true,"jetpack_shortlink":"https:\/\/wp.me\/paRAHh-AY","_links":{"self":[{"href":"https:\/\/www.ssvoonkbih.ba\/index.php?rest_route=\/wp\/v2\/posts\/2292","targetHints":{"allow":["GET"]}}],"collection":[{"href":"https:\/\/www.ssvoonkbih.ba\/index.php?rest_route=\/wp\/v2\/posts"}],"about":[{"href":"https:\/\/www.ssvoonkbih.ba\/index.php?rest_route=\/wp\/v2\/types\/post"}],"author":[{"embeddable":true,"href":"https:\/\/www.ssvoonkbih.ba\/index.php?rest_route=\/wp\/v2\/users\/1"}],"replies":[{"embeddable":true,"href":"https:\/\/www.ssvoonkbih.ba\/index.php?rest_route=%2Fwp%2Fv2%2Fcomments&post=2292"}],"version-history":[{"count":4,"href":"https:\/\/www.ssvoonkbih.ba\/index.php?rest_route=\/wp\/v2\/posts\/2292\/revisions"}],"predecessor-version":[{"id":2299,"href":"https:\/\/www.ssvoonkbih.ba\/index.php?rest_route=\/wp\/v2\/posts\/2292\/revisions\/2299"}],"wp:featuredmedia":[{"embeddable":true,"href":"https:\/\/www.ssvoonkbih.ba\/index.php?rest_route=\/wp\/v2\/media\/2293"}],"wp:attachment":[{"href":"https:\/\/www.ssvoonkbih.ba\/index.php?rest_route=%2Fwp%2Fv2%2Fmedia&parent=2292"}],"wp:term":[{"taxonomy":"category","embeddable":true,"href":"https:\/\/www.ssvoonkbih.ba\/index.php?rest_route=%2Fwp%2Fv2%2Fcategories&post=2292"},{"taxonomy":"post_tag","embeddable":true,"href":"https:\/\/www.ssvoonkbih.ba\/index.php?rest_route=%2Fwp%2Fv2%2Ftags&post=2292"}],"curies":[{"name":"wp","href":"https:\/\/api.w.org\/{rel}","templated":true}]}}