{"id":2327,"date":"2025-08-22T20:28:26","date_gmt":"2025-08-22T20:28:26","guid":{"rendered":"https:\/\/www.ssvoonkbih.ba\/?p=2327"},"modified":"2025-08-22T20:28:27","modified_gmt":"2025-08-22T20:28:27","slug":"obiljezena-godisnjica-tragedije-u-gimnaziji-u-sanskom-mostu","status":"publish","type":"post","link":"https:\/\/www.ssvoonkbih.ba\/?p=2327","title":{"rendered":"Obilje\u017eena godi\u0161njica tragedije u Gimnaziji u Sanskom Mostu"},"content":{"rendered":"\n<p>Obilje\u017eena godi\u0161njica tragedije u Gimnaziji u Sanskom Mostu \u2013 Sindikat poziva<\/p>\n\n\n\n<p class=\"has-text-align-center\">&nbsp;&nbsp;&nbsp;&nbsp;&nbsp;&nbsp;&nbsp;&nbsp;&nbsp;&nbsp;&nbsp;&nbsp;&nbsp;&nbsp;&nbsp;&nbsp;&nbsp;&nbsp;&nbsp;&nbsp;&nbsp;&nbsp;&nbsp;&nbsp;&nbsp;&nbsp;&nbsp;&nbsp;&nbsp;&nbsp;&nbsp;&nbsp;na za\u0161titu prosvjetnih radnika kroz zakon<\/p>\n\n\n<div class=\"wp-block-image\">\n<figure class=\"aligncenter size-large\"><img decoding=\"async\" src=\"https:\/\/www.slobodna-bosna.ba\/img\/vijesti\/2024\/08\/sanski-most-skola-ubistvo-profesorica-direktor-872x610.jpg\" alt=\"\"\/><figcaption class=\"wp-element-caption\">Photo by <a href=\"https:\/\/www.slobodna-bosna.ba\/img\/vijesti\/2024\/08\/sanski-most-skola-ubistvo-profesorica-direktor-872x610.jpg\" target=\"_blank\" rel=\"noreferrer noopener\">slobodna-bosna.ba<\/a><\/figcaption><\/figure>\n<\/div>\n\n\n<p>21.08.2025. navr\u0161ila se godina dana od tragi\u010dnog doga\u0111aja u kojem su u prostorijama Gimnazije u Sanskom Mostu u napadu vatrenim oru\u017ejem smrtno stradali direktor \u0161kole Nijaz Halilovi\u0107, profesorica Gordana Mid\u017ean i sekretarica Nisveta Kljuni\u0107. U znak sje\u0107anja na njih odr\u017eana je komemoracija i &nbsp;otkrivena spomen-plo\u010da na zgradi Gimnazije.<\/p>\n\n\n\n<p>Ova tragedija ukazuje na neophodnost sistemske za\u0161tite svih radnika u obrazovanju. Sindikat srednjeg i visokog obrazovanja, odgoja, nauke i kulture BiH koristi ovu tu\u017enu godi\u0161njicu kao poziv na akciju. Pozivamo nadle\u017ene institucije da hitno razmotre i usvoje dopune Krivi\u010dnog zakona Federacije Bosne i Hercegovine, kojima bi se napad na prosvjetne radnike tretirao kao napad na slu\u017ebenu osobu.<\/p>\n\n\n\n<p>U\u010ditelji, nastavnici, profesori i drugo osoblje u obrazovanju svakodnevno obavljaju posao od klju\u010dne va\u017enosti za razvoj dru\u0161tva, \u010desto u izazovnim i rizi\u010dnim uslovima. Vrijeme je da se zakonski prizna i za\u0161titi njihov status. Sli\u010dne izmjene zakona su ve\u0107 uvedene &nbsp;u nekim zemljama, s ciljem prevencije nasilja nad obrazovnim radnicima.<\/p>\n\n\n\n<p>Za dostojanstvo, sigurnost i po\u0161tovanje svih radnika u obrazovanju \u2013 neka se tragedija iz Sanskog Mosta nikada vi\u0161e ne ponovi.<\/p>\n\n\n\n<p>Neka je vje\u010dni rahmet i slava na\u0161im kolegama Nijazu, Gordani i Nisveti<\/p>\n","protected":false},"excerpt":{"rendered":"<p>Obilje\u017eena godi\u0161njica tragedije u Gimnaziji u Sanskom Mostu \u2013 Sindikat poziva &nbsp;&nbsp;&nbsp;&nbsp;&nbsp;&nbsp;&nbsp;&nbsp;&nbsp;&nbsp;&nbsp;&nbsp;&nbsp;&nbsp;&nbsp;&nbsp;&nbsp;&nbsp;&nbsp;&nbsp;&nbsp;&nbsp;&nbsp;&nbsp;&nbsp;&nbsp;&nbsp;&nbsp;&nbsp;&nbsp;&nbsp;&nbsp;na za\u0161titu prosvjetnih radnika kroz zakon 21.08.2025. navr\u0161ila se godina dana od tragi\u010dnog doga\u0111aja u kojem su u prostorijama Gimnazije u Sanskom Mostu&#46;&#46;&#46;<\/p>\n","protected":false},"author":1,"featured_media":2328,"comment_status":"closed","ping_status":"closed","sticky":false,"template":"","format":"standard","meta":{"jetpack_post_was_ever_published":false,"_jetpack_newsletter_access":"","_jetpack_dont_email_post_to_subs":false,"_jetpack_newsletter_tier_id":0,"_jetpack_memberships_contains_paywalled_content":false,"_jetpack_memberships_contains_paid_content":false,"footnotes":"","jetpack_publicize_message":"","jetpack_publicize_feature_enabled":true,"jetpack_social_post_already_shared":true,"jetpack_social_options":{"image_generator_settings":{"template":"highway","default_image_id":0,"font":"","enabled":false},"version":2}},"categories":[1,25,168],"tags":[],"class_list":["post-2327","post","type-post","status-publish","format-standard","has-post-thumbnail","hentry","category-aktualnosti","category-informacije","category-sjecanje"],"jetpack_publicize_connections":[],"jetpack_featured_media_url":"https:\/\/www.ssvoonkbih.ba\/wp-content\/uploads\/2025\/08\/sanski-most-skola-ubistvo-profesorica-direktor-872x610-1.jpg","jetpack_sharing_enabled":true,"jetpack_shortlink":"https:\/\/wp.me\/paRAHh-Bx","_links":{"self":[{"href":"https:\/\/www.ssvoonkbih.ba\/index.php?rest_route=\/wp\/v2\/posts\/2327","targetHints":{"allow":["GET"]}}],"collection":[{"href":"https:\/\/www.ssvoonkbih.ba\/index.php?rest_route=\/wp\/v2\/posts"}],"about":[{"href":"https:\/\/www.ssvoonkbih.ba\/index.php?rest_route=\/wp\/v2\/types\/post"}],"author":[{"embeddable":true,"href":"https:\/\/www.ssvoonkbih.ba\/index.php?rest_route=\/wp\/v2\/users\/1"}],"replies":[{"embeddable":true,"href":"https:\/\/www.ssvoonkbih.ba\/index.php?rest_route=%2Fwp%2Fv2%2Fcomments&post=2327"}],"version-history":[{"count":3,"href":"https:\/\/www.ssvoonkbih.ba\/index.php?rest_route=\/wp\/v2\/posts\/2327\/revisions"}],"predecessor-version":[{"id":2331,"href":"https:\/\/www.ssvoonkbih.ba\/index.php?rest_route=\/wp\/v2\/posts\/2327\/revisions\/2331"}],"wp:featuredmedia":[{"embeddable":true,"href":"https:\/\/www.ssvoonkbih.ba\/index.php?rest_route=\/wp\/v2\/media\/2328"}],"wp:attachment":[{"href":"https:\/\/www.ssvoonkbih.ba\/index.php?rest_route=%2Fwp%2Fv2%2Fmedia&parent=2327"}],"wp:term":[{"taxonomy":"category","embeddable":true,"href":"https:\/\/www.ssvoonkbih.ba\/index.php?rest_route=%2Fwp%2Fv2%2Fcategories&post=2327"},{"taxonomy":"post_tag","embeddable":true,"href":"https:\/\/www.ssvoonkbih.ba\/index.php?rest_route=%2Fwp%2Fv2%2Ftags&post=2327"}],"curies":[{"name":"wp","href":"https:\/\/api.w.org\/{rel}","templated":true}]}}