{"id":2342,"date":"2025-10-03T09:04:05","date_gmt":"2025-10-03T09:04:05","guid":{"rendered":"https:\/\/www.ssvoonkbih.ba\/?p=2342"},"modified":"2025-10-03T09:04:58","modified_gmt":"2025-10-03T09:04:58","slug":"zajedno-za-nastavnike-zajedno-za-sutra","status":"publish","type":"post","link":"https:\/\/www.ssvoonkbih.ba\/?p=2342","title":{"rendered":"Zajedno za nastavnike \u2013 zajedno za sutra!"},"content":{"rendered":"<div class=\"wp-block-image\">\n<figure class=\"aligncenter size-large\"><img loading=\"lazy\" decoding=\"async\" width=\"724\" height=\"1024\" src=\"https:\/\/www.ssvoonkbih.ba\/wp-content\/uploads\/2025\/10\/2025_WTD_final_poster_Bosnia-TUSHENSC-BiH-1-724x1024.jpg\" alt=\"\" class=\"wp-image-2343\" srcset=\"https:\/\/www.ssvoonkbih.ba\/wp-content\/uploads\/2025\/10\/2025_WTD_final_poster_Bosnia-TUSHENSC-BiH-1-724x1024.jpg 724w, https:\/\/www.ssvoonkbih.ba\/wp-content\/uploads\/2025\/10\/2025_WTD_final_poster_Bosnia-TUSHENSC-BiH-1-212x300.jpg 212w, https:\/\/www.ssvoonkbih.ba\/wp-content\/uploads\/2025\/10\/2025_WTD_final_poster_Bosnia-TUSHENSC-BiH-1-768x1086.jpg 768w, https:\/\/www.ssvoonkbih.ba\/wp-content\/uploads\/2025\/10\/2025_WTD_final_poster_Bosnia-TUSHENSC-BiH-1-1086x1536.jpg 1086w, https:\/\/www.ssvoonkbih.ba\/wp-content\/uploads\/2025\/10\/2025_WTD_final_poster_Bosnia-TUSHENSC-BiH-1-1448x2048.jpg 1448w, https:\/\/www.ssvoonkbih.ba\/wp-content\/uploads\/2025\/10\/2025_WTD_final_poster_Bosnia-TUSHENSC-BiH-1.jpg 1754w\" sizes=\"auto, (max-width: 724px) 100vw, 724px\" \/><\/figure>\n<\/div>\n\n\n<p><\/p>\n\n\n\n<p>Po\u0161tovane kolegice i kolege,<\/p>\n\n\n\n<p>Samostalni sindikat osnovnog obrazovanja i odgoja Federacije Bosne i Hercegovine i Sindikat srednjeg i visokog obrazovanje, odgoja i kulture Bosne i Hercegovine upu\u0107uju vam iskrene \u010destitke povodom Svjetskog dana nastavnika, koji i ove godine zajedni\u010dki obilje\u017eavamo.<\/p>\n\n\n\n<p>Svjetska organizacija prosvjetnih radnika, Education International, \u010diji smo punopravni \u010dlanovi, Peti oktobar 2025. godine obilje\u017eava pod motom:<\/p>\n\n\n\n<p>&nbsp;&nbsp;&nbsp;&nbsp;&nbsp;&nbsp;&nbsp;&nbsp;&nbsp;&nbsp;&nbsp;&nbsp;&nbsp;&nbsp;&nbsp;&nbsp;&nbsp;&nbsp;&nbsp;&nbsp;&nbsp;&nbsp;&nbsp;&nbsp;&nbsp;&nbsp;&nbsp;&nbsp;&nbsp;&nbsp;&nbsp;&nbsp;&nbsp;&nbsp;&nbsp;&nbsp;&nbsp;&nbsp;&nbsp;&nbsp;&nbsp;&nbsp;&nbsp;&nbsp;&nbsp; <strong>\u201eZajedno za nastavnike \u2013 zajedno za sutra!\u201c<\/strong><\/p>\n\n\n\n<p>Ovogodi\u0161nja tema nosi sna\u017enu poruku \u2013 bez podr\u0161ke nastavnicima, nema kvalitetnog obrazovanja, a bez kvalitetnog obrazovanja, nema ni odr\u017eive budu\u0107nosti. Od izuzetnog zna\u010daja je da vlasti u Bosni i Hercegovini u\u010dine sve da oja\u010daju status nastavni\u010dke profesije. Zato pozivamo sve nadle\u017ene institucije i vlade na svim nivoima da prepoznaju odgovornost koju imaju prema obrazovanju i kona\u010dno u\u010dine konkretne korake u pravcu unapre\u0111enja polo\u017eaja prosvjetnih radnika, \u0161to uklju\u010duje:<\/p>\n\n\n\n<ul class=\"wp-block-list\">\n<li>osiguranje dostojanstvenih plata, koje prate inflaciju i dru\u0161tveni zna\u010daj profesije;<\/li>\n\n\n\n<li>ulaganje u radne uvjete;<\/li>\n\n\n\n<li>stru\u010dno usavr\u0161avanje nastavnika;<\/li>\n\n\n\n<li>stabilno i pravedno finansiranje obrazovnog sistema;<\/li>\n\n\n\n<li>zapo\u0161ljavanje nastavnika na neodre\u0111eno vrijeme, jer samo sigurno zaposlenje mo\u017ee donijeti sigurnost i kontinuitet u radu, ali i osje\u0107aj vrijednosti i pripadnosti struci.<\/li>\n<\/ul>\n\n\n\n<p>Zapo\u0161ljavanje na odre\u0111eno vrijeme postaje porazna praksa koja obesmi\u0161ljava profesiju i demotivi\u0161e generacije koje dolaze.<\/p>\n\n\n\n<p>Po\u0161tovane \u010dlanice i \u010dlanovi,<\/p>\n\n\n\n<p>ovaj dan prilika je da iska\u017eemo po\u0161tovanje i zahvalnost svim nastavnicima za njihov svakodnevni trud, predanost i doprinos obrazovanju. U vremenu izazova i promjena, va\u0161a uloga ostaje temelj dru\u0161tvenog napretka i nade u bolju budu\u0107nost.<\/p>\n\n\n\n<p>Zajedni\u010dko obilje\u017eavanje podsje\u0107a nas koliko je va\u017eno njegovanje solidarnosti, jedinstva i sindikalne borbe za o\u010duvanje dostojanstva, statusa i prava nastavnika. Samo zajedno mo\u017eemo stvarati obrazovni sistem koji \u0107e biti pravedan, siguran i dostojan svakog prosvjetnog radnika, te kvalitetan za svako dijete.<\/p>\n\n\n\n<p>Zato, na ovaj dan, slavimo ne samo profesiju, ve\u0107 i snagu zajedni\u0161tva.<\/p>\n\n\n\n<p>Hvala vam \u0161to svakodnevno obrazujete, odgajate i oblikujete budu\u0107nost na\u0161eg dru\u0161tva. U ime oba sindikata, svim nastavnicima \u017eelimo sretan Dan nastavnika!<\/p>\n\n\n\n<div data-wp-interactive=\"core\/file\" class=\"wp-block-file\"><object data-wp-bind--hidden=\"!state.hasPdfPreview\" hidden class=\"wp-block-file__embed\" data=\"https:\/\/www.ssvoonkbih.ba\/wp-content\/uploads\/2025\/10\/Pismo-za-Dan-nastavnika-oktobar-2025.pdf\" type=\"application\/pdf\" style=\"width:100%;height:600px\" aria-label=\"Embed of Pismo za Dan nastavnika oktobar 2025.\"><\/object><a id=\"wp-block-file--media-f8565546-ee06-425d-8860-0158a65743b3\" href=\"https:\/\/www.ssvoonkbih.ba\/wp-content\/uploads\/2025\/10\/Pismo-za-Dan-nastavnika-oktobar-2025.pdf\" target=\"_blank\" rel=\"noreferrer noopener\">Pismo za Dan nastavnika oktobar 2025<\/a><\/div>\n","protected":false},"excerpt":{"rendered":"<p>Po\u0161tovane kolegice i kolege, Samostalni sindikat osnovnog obrazovanja i odgoja Federacije Bosne i Hercegovine i Sindikat srednjeg i visokog obrazovanje, odgoja i kulture Bosne i Hercegovine upu\u0107uju vam iskrene \u010destitke povodom Svjetskog dana nastavnika,&#46;&#46;&#46;<\/p>\n","protected":false},"author":1,"featured_media":2343,"comment_status":"closed","ping_status":"closed","sticky":false,"template":"","format":"standard","meta":{"jetpack_post_was_ever_published":false,"_jetpack_newsletter_access":"","_jetpack_dont_email_post_to_subs":false,"_jetpack_newsletter_tier_id":0,"_jetpack_memberships_contains_paywalled_content":false,"_jetpack_memberships_contains_paid_content":false,"footnotes":"","jetpack_publicize_message":"","jetpack_publicize_feature_enabled":true,"jetpack_social_post_already_shared":true,"jetpack_social_options":{"image_generator_settings":{"template":"highway","default_image_id":0,"font":"","enabled":false},"version":2}},"categories":[1,25],"tags":[],"class_list":["post-2342","post","type-post","status-publish","format-standard","has-post-thumbnail","hentry","category-aktualnosti","category-informacije"],"jetpack_publicize_connections":[],"jetpack_featured_media_url":"https:\/\/www.ssvoonkbih.ba\/wp-content\/uploads\/2025\/10\/2025_WTD_final_poster_Bosnia-TUSHENSC-BiH-1.jpg","jetpack_sharing_enabled":true,"jetpack_shortlink":"https:\/\/wp.me\/paRAHh-BM","_links":{"self":[{"href":"https:\/\/www.ssvoonkbih.ba\/index.php?rest_route=\/wp\/v2\/posts\/2342","targetHints":{"allow":["GET"]}}],"collection":[{"href":"https:\/\/www.ssvoonkbih.ba\/index.php?rest_route=\/wp\/v2\/posts"}],"about":[{"href":"https:\/\/www.ssvoonkbih.ba\/index.php?rest_route=\/wp\/v2\/types\/post"}],"author":[{"embeddable":true,"href":"https:\/\/www.ssvoonkbih.ba\/index.php?rest_route=\/wp\/v2\/users\/1"}],"replies":[{"embeddable":true,"href":"https:\/\/www.ssvoonkbih.ba\/index.php?rest_route=%2Fwp%2Fv2%2Fcomments&post=2342"}],"version-history":[{"count":2,"href":"https:\/\/www.ssvoonkbih.ba\/index.php?rest_route=\/wp\/v2\/posts\/2342\/revisions"}],"predecessor-version":[{"id":2346,"href":"https:\/\/www.ssvoonkbih.ba\/index.php?rest_route=\/wp\/v2\/posts\/2342\/revisions\/2346"}],"wp:featuredmedia":[{"embeddable":true,"href":"https:\/\/www.ssvoonkbih.ba\/index.php?rest_route=\/wp\/v2\/media\/2343"}],"wp:attachment":[{"href":"https:\/\/www.ssvoonkbih.ba\/index.php?rest_route=%2Fwp%2Fv2%2Fmedia&parent=2342"}],"wp:term":[{"taxonomy":"category","embeddable":true,"href":"https:\/\/www.ssvoonkbih.ba\/index.php?rest_route=%2Fwp%2Fv2%2Fcategories&post=2342"},{"taxonomy":"post_tag","embeddable":true,"href":"https:\/\/www.ssvoonkbih.ba\/index.php?rest_route=%2Fwp%2Fv2%2Ftags&post=2342"}],"curies":[{"name":"wp","href":"https:\/\/api.w.org\/{rel}","templated":true}]}}