{"id":2365,"date":"2025-10-11T08:07:47","date_gmt":"2025-10-11T08:07:47","guid":{"rendered":"https:\/\/www.ssvoonkbih.ba\/?p=2365"},"modified":"2025-10-11T08:16:48","modified_gmt":"2025-10-11T08:16:48","slug":"glas-obrazovanja-za-palestinu","status":"publish","type":"post","link":"https:\/\/www.ssvoonkbih.ba\/?p=2365","title":{"rendered":"Glas obrazovanja za Palestinu"},"content":{"rendered":"<div class=\"wp-block-image\">\n<figure class=\"aligncenter size-large is-resized\"><img loading=\"lazy\" decoding=\"async\" width=\"723\" height=\"1024\" src=\"https:\/\/www.ssvoonkbih.ba\/wp-content\/uploads\/2025\/10\/1000015183-723x1024.jpg\" alt=\"\" class=\"wp-image-2366\" style=\"width:723px;height:auto\" srcset=\"https:\/\/www.ssvoonkbih.ba\/wp-content\/uploads\/2025\/10\/1000015183-723x1024.jpg 723w, https:\/\/www.ssvoonkbih.ba\/wp-content\/uploads\/2025\/10\/1000015183-212x300.jpg 212w, https:\/\/www.ssvoonkbih.ba\/wp-content\/uploads\/2025\/10\/1000015183-768x1087.jpg 768w, https:\/\/www.ssvoonkbih.ba\/wp-content\/uploads\/2025\/10\/1000015183-1085x1536.jpg 1085w, https:\/\/www.ssvoonkbih.ba\/wp-content\/uploads\/2025\/10\/1000015183.jpg 1130w\" sizes=\"auto, (max-width: 723px) 100vw, 723px\" \/><\/figure>\n<\/div>\n\n\n<p class=\"has-large-font-size\"><strong>Program protesta<\/strong><\/p>\n\n\n\n<p class=\"has-medium-font-size\">13:00 \u2013 13:30 Okupljanje kod Spomen-obilje\u017eja ubijenoj djeci opkoljenog Sarajeva (92\u201395)<\/p>\n\n\n\n<p class=\"has-medium-font-size\">13:30 \u2013 14:15 Protestna \u0161etnja ulicama Mar\u0161ala Tita i Zmaja od Bosne do Stage parka izme\u0111u Zemaljskog muzeja BiH i Historijskog muzeja BiH<\/p>\n\n\n\n<p class=\"has-medium-font-size\">14:15 \u2013 14:45 Obra\u0107anja organizatora, \u010ditanje zahtjeva i kra\u0107i kulturno-umjetni\u010dki program<\/p>\n\n\n\n<p class=\"has-medium-font-size\">14:45 \u2013 15:00 Mirno razila\u017eenje u\u010desnika<\/p>\n\n\n\n<p class=\"has-medium-font-size\">Zahtjevi protesta<\/p>\n\n\n\n<p class=\"has-medium-font-size\">Po\u0161tivanje me\u0111unarodnog prava<\/p>\n\n\n\n<p class=\"has-medium-font-size\">Sankcije i prekid saradnje s Izraelom<\/p>\n\n\n\n<p class=\"has-medium-font-size\">Zabrana u\u010de\u0161\u0107a bh. dr\u017eavljana u izraelskim vojnim strukturama<\/p>\n\n\n\n<p class=\"has-medium-font-size\">Za\u0161tita palestinskog naroda i hitna humanitarna podr\u0161ka<\/p>\n\n\n\n<hr class=\"wp-block-separator has-alpha-channel-opacity\"\/>\n\n\n\n<p><strong>Sindikat srednjeg i visokog obrazovanja, odgoja, nauke i kulture BiH poziva svoje \u010dlanove i gra\u0111ane na protest solidarnosti kako bi iskazali podr\u0161ku nevinoj djeci i svima koji trpe posljedice sukoba u Gazi<\/strong><strong><\/strong><\/p>\n\n\n\n<p>\u201eBritanija mora zaustaviti rat u Bosni, \u010dak i silom ako je potrebno. Britanska vojska ne smije biti tek po\u010dasna stra\u017ea na masovnom pogrebu.\u201c Tako je glasila posljednja poruka Grahama Bamforda, Britanca koji se, potaknut slikama masakra u Ahmi\u0107ima, spalio 29. aprila 1993. godine nedaleko od britanskog parlamenta u kojem se u tom trenutku odr\u017eavala rasprava o situaciji u BiH. Njegov \u010din je bio ekstreman, o\u010dajan, ali i duboko ljudski \u2013 posljednji poku\u0161aj da probudi savjest dru\u0161tva koje \u0161uti dok nedu\u017eni umiru.<\/p>\n\n\n\n<p>Danas, vi\u0161e od tri desetlje\u0107a kasnije, svijet ponovo svjedo\u010di stravi\u010dnim prizorima u Gazi. U trenutku dok nevini civili pla\u0107aju cijenu politi\u010dkih igara, patnja traje, a mo\u0107ni ne reagiraju, na\u0161 glas, na\u0161a prisutnost i na\u0161 otpor postaju nu\u017eni.<\/p>\n\n\n\n<p>Na\u0161 poziv nije samo prenositi znanje, na\u0161 je zadatak odgajati savjesne, empati\u010dne ljude, gra\u0111ane svijeta koji razumiju razliku izme\u0111u pravde i nepravde. Kako mo\u017eemo govoriti o ljudskim pravima, miru i solidarnosti, a ostati tihi dok djeca bivaju ubijana i izgladnjivana? Mi koji svakodnevno gledamo u lica djece, znamo da nijedno dijete, bilo gdje, nikada ne bi smjelo postati \u201ekolateralna \u0161teta\u201c. Na\u0161a je moralna odgovornost da dignemo glas protiv nasilja, protiv licemjerja, protiv sistemske dehumanizacije palestinskog naroda.<\/p>\n\n\n\n<p>Zato vas, drage kolege, pozivam da u nedjelju, 12.10. podr\u017eite protest za Palestinu, da poka\u017eemo da je na\u0161a profesija i borba za pravdu, za \u017eivot, za pravo svakog djeteta da odrasta u miru. Na\u0161a \u0161utnja ne smije biti odgovor na smrt 20 000 djece. Na\u0161a prisutnost na ulici neka bude lekcija solidarnosti, lekcija koju \u0107emo sutra s ponosom prenijeti svojim u\u010denicima. Ne \u0161utimo, jer \u0161utnja je sau\u010desni\u0161tvo. Stanimo uz pravdu, uz djecu, uz \u017eivot. Jer ako mi u\u010ditelji, profesori, pedagozi, izgubimo glas, \u0161ta \u0107e ostati od nade?<\/p>\n\n\n\n<p>Dignimo glas za djecu Palestine, budu\u0107e ljekare, u\u010diteljice, pjesnike, inj\u017eenjere. Za one koji su to mogli postati, a umjesto toga su li\u0161eni djetinjstva, li\u0161eni sutra\u0161njice. Dignimo glas za one \u010diji je jedini \u201ezlo\u010din\u201c bio \u0161to su se rodili na pogre\u0161nom mjestu u pogre\u0161no vrijeme.<\/p>\n\n\n\n<p>\u0160etajmo u nedjelju za one koji to ne mogu, za palestinsku djecu \u010dija su tijela ostala pod ru\u0161evinama, za majke koje vi\u0161e nemaju koga zagrliti, za \u0161kole koje su pretvorene u pepeo. \u0160etajmo sje\u0107aju\u0107i se na\u0161e patnje, jer znamo \u0161ta zna\u010di kada svijet \u0161uti dok na\u0161i najmiliji nestaju.<\/p>\n\n\n\n<p>Neka se na\u0161 korak \u010duje umjesto njihovog uti\u0161anog glasa.<\/p>\n\n\n\n<p>&nbsp;&nbsp;&nbsp;&nbsp;&nbsp;&nbsp;&nbsp;&nbsp;&nbsp;&nbsp;&nbsp;&nbsp;&nbsp;&nbsp;&nbsp;&nbsp;&nbsp;&nbsp;&nbsp;&nbsp;&nbsp;&nbsp;&nbsp;&nbsp;&nbsp;&nbsp;&nbsp;&nbsp;&nbsp;&nbsp;&nbsp;&nbsp;&nbsp;&nbsp;&nbsp;&nbsp;&nbsp;&nbsp;&nbsp;&nbsp;&nbsp;&nbsp;&nbsp;&nbsp;&nbsp;&nbsp;&nbsp;&nbsp;&nbsp;&nbsp;&nbsp;&nbsp;&nbsp;&nbsp;&nbsp;&nbsp;&nbsp;&nbsp;&nbsp;&nbsp;&nbsp;&nbsp;&nbsp;&nbsp;&nbsp;&nbsp;&nbsp;&nbsp;&nbsp;&nbsp;&nbsp;&nbsp;&nbsp;&nbsp;&nbsp;&nbsp;&nbsp;&nbsp;&nbsp;&nbsp;&nbsp;&nbsp;&nbsp;&nbsp;&nbsp;&nbsp;&nbsp;&nbsp;&nbsp;&nbsp;&nbsp;&nbsp;&nbsp;&nbsp;&nbsp;&nbsp;Edina \u010comi\u0107, predsjednica SSVOONK-a BiH<\/p>\n\n\n\n<p><\/p>\n\n\n\n<hr class=\"wp-block-separator has-alpha-channel-opacity\"\/>\n\n\n\n<div data-wp-interactive=\"core\/file\" class=\"wp-block-file\"><object data-wp-bind--hidden=\"!state.hasPdfPreview\" hidden class=\"wp-block-file__embed\" data=\"https:\/\/www.ssvoonkbih.ba\/wp-content\/uploads\/2025\/10\/Odluka_-_u_304_215estvovanje_u_protestu.PDF-Master_PDF_Editor__N-job_25.pdf\" type=\"application\/pdf\" style=\"width:100%;height:600px\" aria-label=\"Embed of Odluka_-_u_304_215estvovanje_u_protestu.PDF-Master_PDF_Editor__N-job_25.\"><\/object><a id=\"wp-block-file--media-42f10d52-3e2a-4bb5-be4a-da3583d64417\" href=\"https:\/\/www.ssvoonkbih.ba\/wp-content\/uploads\/2025\/10\/Odluka_-_u_304_215estvovanje_u_protestu.PDF-Master_PDF_Editor__N-job_25.pdf\" target=\"_blank\" rel=\"noreferrer noopener\">Odluka_-_u_304_215estvovanje_u_protestu.PDF-Master_PDF_Editor__N-job_25<\/a><\/div>\n\n\n\n<p><\/p>\n","protected":false},"excerpt":{"rendered":"<p>Program protesta 13:00 \u2013 13:30 Okupljanje kod Spomen-obilje\u017eja ubijenoj djeci opkoljenog Sarajeva (92\u201395) 13:30 \u2013 14:15 Protestna \u0161etnja ulicama Mar\u0161ala Tita i Zmaja od Bosne do Stage parka izme\u0111u Zemaljskog muzeja BiH i Historijskog&#46;&#46;&#46;<\/p>\n","protected":false},"author":1,"featured_media":2366,"comment_status":"closed","ping_status":"closed","sticky":false,"template":"","format":"standard","meta":{"jetpack_post_was_ever_published":false,"_jetpack_newsletter_access":"","_jetpack_dont_email_post_to_subs":false,"_jetpack_newsletter_tier_id":0,"_jetpack_memberships_contains_paywalled_content":false,"_jetpack_memberships_contains_paid_content":false,"footnotes":"","jetpack_publicize_message":"","jetpack_publicize_feature_enabled":true,"jetpack_social_post_already_shared":true,"jetpack_social_options":{"image_generator_settings":{"template":"highway","default_image_id":0,"font":"","enabled":false},"version":2}},"categories":[1,25],"tags":[],"class_list":["post-2365","post","type-post","status-publish","format-standard","has-post-thumbnail","hentry","category-aktualnosti","category-informacije"],"jetpack_publicize_connections":[],"jetpack_featured_media_url":"https:\/\/www.ssvoonkbih.ba\/wp-content\/uploads\/2025\/10\/1000015183.jpg","jetpack_sharing_enabled":true,"jetpack_shortlink":"https:\/\/wp.me\/paRAHh-C9","_links":{"self":[{"href":"https:\/\/www.ssvoonkbih.ba\/index.php?rest_route=\/wp\/v2\/posts\/2365","targetHints":{"allow":["GET"]}}],"collection":[{"href":"https:\/\/www.ssvoonkbih.ba\/index.php?rest_route=\/wp\/v2\/posts"}],"about":[{"href":"https:\/\/www.ssvoonkbih.ba\/index.php?rest_route=\/wp\/v2\/types\/post"}],"author":[{"embeddable":true,"href":"https:\/\/www.ssvoonkbih.ba\/index.php?rest_route=\/wp\/v2\/users\/1"}],"replies":[{"embeddable":true,"href":"https:\/\/www.ssvoonkbih.ba\/index.php?rest_route=%2Fwp%2Fv2%2Fcomments&post=2365"}],"version-history":[{"count":6,"href":"https:\/\/www.ssvoonkbih.ba\/index.php?rest_route=\/wp\/v2\/posts\/2365\/revisions"}],"predecessor-version":[{"id":2377,"href":"https:\/\/www.ssvoonkbih.ba\/index.php?rest_route=\/wp\/v2\/posts\/2365\/revisions\/2377"}],"wp:featuredmedia":[{"embeddable":true,"href":"https:\/\/www.ssvoonkbih.ba\/index.php?rest_route=\/wp\/v2\/media\/2366"}],"wp:attachment":[{"href":"https:\/\/www.ssvoonkbih.ba\/index.php?rest_route=%2Fwp%2Fv2%2Fmedia&parent=2365"}],"wp:term":[{"taxonomy":"category","embeddable":true,"href":"https:\/\/www.ssvoonkbih.ba\/index.php?rest_route=%2Fwp%2Fv2%2Fcategories&post=2365"},{"taxonomy":"post_tag","embeddable":true,"href":"https:\/\/www.ssvoonkbih.ba\/index.php?rest_route=%2Fwp%2Fv2%2Ftags&post=2365"}],"curies":[{"name":"wp","href":"https:\/\/api.w.org\/{rel}","templated":true}]}}