{"id":2383,"date":"2025-11-18T17:47:32","date_gmt":"2025-11-18T17:47:32","guid":{"rendered":"https:\/\/www.ssvoonkbih.ba\/?p=2383"},"modified":"2025-11-18T17:48:51","modified_gmt":"2025-11-18T17:48:51","slug":"regionalna-konferencija-sindikata-obrazovanja-strajk-kao-pravo-clanstvo-kao-snaga-i-pokretac","status":"publish","type":"post","link":"https:\/\/www.ssvoonkbih.ba\/?p=2383","title":{"rendered":"Regionalna konferencija sindikata obrazovanja &#8211; \u0161trajk kao pravo, \u010dlanstvo kao snaga i pokreta\u010d"},"content":{"rendered":"<div class=\"wp-block-image\">\n<figure class=\"aligncenter size-large\"><img loading=\"lazy\" decoding=\"async\" width=\"1024\" height=\"476\" src=\"https:\/\/www.ssvoonkbih.ba\/wp-content\/uploads\/2025\/11\/1000015432-1024x476.jpg\" alt=\"\" class=\"wp-image-2384\" srcset=\"https:\/\/www.ssvoonkbih.ba\/wp-content\/uploads\/2025\/11\/1000015432-1024x476.jpg 1024w, https:\/\/www.ssvoonkbih.ba\/wp-content\/uploads\/2025\/11\/1000015432-300x139.jpg 300w, https:\/\/www.ssvoonkbih.ba\/wp-content\/uploads\/2025\/11\/1000015432-768x357.jpg 768w, https:\/\/www.ssvoonkbih.ba\/wp-content\/uploads\/2025\/11\/1000015432-1536x713.jpg 1536w, https:\/\/www.ssvoonkbih.ba\/wp-content\/uploads\/2025\/11\/1000015432.jpg 1600w\" sizes=\"auto, (max-width: 1024px) 100vw, 1024px\" \/><\/figure>\n<\/div>\n\n\n<p>U organizaciji Sindikata prosvjete Crne Gore i Solidarity centra u Podgorici je 18. novembra odr\u017eana Regionalna konferencija na kojoj su u\u010destvovali sindikati obrazovanja iz Crne Gore, Srbije, Hrvatske, Sjeverne Makedonije, Kosova, Slovenije, Albanije i Bosne i Hercegovine. Klju\u010dne teme ovogodi\u0161njeg susreta bile su usporedba zakonodavnih rje\u0161enja o pravu na \u0161trajk, te razmjena iskustava i dobrih praksi u &nbsp;aktivnostima usmjerenim na uklju\u010divanje novih \u010dlanova. SSVOONK BiH su predstavljali Edina \u010comi\u0107 i &nbsp;Admir Terzi\u0107.<\/p>\n\n\n\n<p>Sudionici Konferencije predstavili su rje\u0161enja iz svojih dr\u017eava, analiziraju\u0107i kako zakoni reguliraju pravo radnika na \u0161trajk, postupke najave, ograni\u010denja, kaznene odredbe. Zaklju\u010deno je da je \u0161trajk zaposlenih u obrazovanju poraz svake dr\u017eave koja dozvoli \u0161trajk, jer je to djelatnost od posebnog zna\u010daja, na \u0161ta se sve vlade pozivaju, pa bi i tretman zaposlenih u tom sektoru trebao to odra\u017eavati. &nbsp;Tako\u0111er, pravo na \u0161trajk se ne smije umanjivati kroz birokratske procedure, niti kroz \u0161utnju administracije, jer to pravo nije privilegija, nego temeljno demokratsko pravo koje moramo \u0161tititi od svakog oblika ograni\u010davanja.<\/p>\n\n\n\n<p>Drugi dio konferencije bio je posve\u0107en temama koje se odnose na rast i osna\u017eivanje sindikalnog \u010dlanstva. Predstavljeni su brojni primjeri uspje\u0161nih aktivnosti iz regije, me\u0111u kojima su: digitalne kampanje usmjerene ka mladim radnicima, edukacije o radni\u010dkim pravima, izrade bro\u0161ura koje sadr\u017ee rezultate sindikalnih aktivnosti, izrade aplikacija kojima \u010dlanovi sindikata ostvaruju popuste, uspostava raznih sindikalnih fondova i sl.<\/p>\n\n\n\n<p>Regionalna konferencija je jo\u0161 jednom potvrdila koliko je va\u017eno zajedni\u010dko djelovanje sindikata u borbi za dostojanstvene uslove rada, sna\u017enija radni\u010dka prava i ve\u0107e sindikalno jedinstvo. Razmjenjena iskustva i dogovoreni koraci predstavljaju \u010dvrstu osnovu za daljnji rad na ja\u010danju sindikalne mre\u017ee u cijeloj regiji.<\/p>\n\n\n<p><iframe loading=\"lazy\" src=\"https:\/\/www.facebook.com\/plugins\/post.php?href=https%3A%2F%2Fwww.facebook.com%2Fssvoonkbih.ba%2Fposts%2Fpfbid02uCrxZUCWLy3ieuB6WEMokWbX2NP96Db6yVznJbU9McPgh25LyWWyN9LwHEJMC9ydl&#038;show_text=true&#038;width=500\" width=\"500\" height=\"761\" style=\"border:none;overflow:hidden\" scrolling=\"no\" frameborder=\"0\" allowfullscreen=\"true\" allow=\"autoplay; clipboard-write; encrypted-media; picture-in-picture; web-share\"><\/iframe><\/p>\n","protected":false},"excerpt":{"rendered":"<p>U organizaciji Sindikata prosvjete Crne Gore i Solidarity centra u Podgorici je 18. novembra odr\u017eana Regionalna konferencija na kojoj su u\u010destvovali sindikati obrazovanja iz Crne Gore, Srbije, Hrvatske, Sjeverne Makedonije, Kosova, Slovenije, Albanije i&#46;&#46;&#46;<\/p>\n","protected":false},"author":1,"featured_media":2384,"comment_status":"closed","ping_status":"closed","sticky":false,"template":"","format":"standard","meta":{"jetpack_post_was_ever_published":false,"_jetpack_newsletter_access":"","_jetpack_dont_email_post_to_subs":false,"_jetpack_newsletter_tier_id":0,"_jetpack_memberships_contains_paywalled_content":false,"_jetpack_memberships_contains_paid_content":false,"footnotes":"","jetpack_publicize_message":"","jetpack_publicize_feature_enabled":true,"jetpack_social_post_already_shared":true,"jetpack_social_options":{"image_generator_settings":{"template":"highway","default_image_id":0,"font":"","enabled":false},"version":2}},"categories":[1,25],"tags":[],"class_list":["post-2383","post","type-post","status-publish","format-standard","has-post-thumbnail","hentry","category-aktualnosti","category-informacije"],"jetpack_publicize_connections":[],"jetpack_featured_media_url":"https:\/\/www.ssvoonkbih.ba\/wp-content\/uploads\/2025\/11\/1000015432.jpg","jetpack_sharing_enabled":true,"jetpack_shortlink":"https:\/\/wp.me\/paRAHh-Cr","_links":{"self":[{"href":"https:\/\/www.ssvoonkbih.ba\/index.php?rest_route=\/wp\/v2\/posts\/2383","targetHints":{"allow":["GET"]}}],"collection":[{"href":"https:\/\/www.ssvoonkbih.ba\/index.php?rest_route=\/wp\/v2\/posts"}],"about":[{"href":"https:\/\/www.ssvoonkbih.ba\/index.php?rest_route=\/wp\/v2\/types\/post"}],"author":[{"embeddable":true,"href":"https:\/\/www.ssvoonkbih.ba\/index.php?rest_route=\/wp\/v2\/users\/1"}],"replies":[{"embeddable":true,"href":"https:\/\/www.ssvoonkbih.ba\/index.php?rest_route=%2Fwp%2Fv2%2Fcomments&post=2383"}],"version-history":[{"count":2,"href":"https:\/\/www.ssvoonkbih.ba\/index.php?rest_route=\/wp\/v2\/posts\/2383\/revisions"}],"predecessor-version":[{"id":2386,"href":"https:\/\/www.ssvoonkbih.ba\/index.php?rest_route=\/wp\/v2\/posts\/2383\/revisions\/2386"}],"wp:featuredmedia":[{"embeddable":true,"href":"https:\/\/www.ssvoonkbih.ba\/index.php?rest_route=\/wp\/v2\/media\/2384"}],"wp:attachment":[{"href":"https:\/\/www.ssvoonkbih.ba\/index.php?rest_route=%2Fwp%2Fv2%2Fmedia&parent=2383"}],"wp:term":[{"taxonomy":"category","embeddable":true,"href":"https:\/\/www.ssvoonkbih.ba\/index.php?rest_route=%2Fwp%2Fv2%2Fcategories&post=2383"},{"taxonomy":"post_tag","embeddable":true,"href":"https:\/\/www.ssvoonkbih.ba\/index.php?rest_route=%2Fwp%2Fv2%2Ftags&post=2383"}],"curies":[{"name":"wp","href":"https:\/\/api.w.org\/{rel}","templated":true}]}}