{"id":315,"date":"2011-10-05T08:08:06","date_gmt":"2011-10-05T08:08:06","guid":{"rendered":"https:\/\/www.ssvoonkbih.ba\/?p=315"},"modified":"2019-04-10T08:11:10","modified_gmt":"2019-04-10T08:11:10","slug":"informacija-5-oktobar-dan-nastavnika-2011-godine","status":"publish","type":"post","link":"https:\/\/www.ssvoonkbih.ba\/?p=315","title":{"rendered":"Informacija 5.oktobar &#8211; Dan nastavnika 2011. godine"},"content":{"rendered":"<p style=\"font-weight: 400;\">\u00a0<strong>INFORMACIJA O PROVEDENIM AKTIVNOSTIMA<\/strong><\/p>\n<p style=\"font-weight: 400;\"><strong>POVODOM OBILJE\u017dAVANJA<\/strong><\/p>\n<p style=\"font-weight: 400;\"><strong>\u00a0<\/strong><\/p>\n<p style=\"font-weight: 400;\"><strong>PETOG OKTOBRA \u2013 SVJETSKOG DANA NASTAVNIKA 2011. GODINE<\/strong><\/p>\n<p style=\"font-weight: 400;\"><strong>\u00a0<\/strong><\/p>\n<p style=\"font-weight: 400;\">Samostalni sindikat osnovnog obrazovanja i odgoja Bosne i Hercegovine, Sindikat srednjeg i visokog obrazovanja, odgoja, nauke i kulture Bosne i Hercegovine i Federalno ministarstvo obrazovanja i nauke\u00a0\u00a0su prvi put do sada zajedni\u010dki uzeli u\u010de\u0161\u0107e u obilje\u017eavanju\u00a0\u00a0Petog oktobra \u2013 Svjetskog dana nastavnika\/ca 2011. godine pod motom:\u00a0<strong>\u201c\u00a0<\/strong><strong>Nastavnici\/ce za jednakost spolova\u201c.<\/strong><\/p>\n<p style=\"font-weight: 400;\">Prvi korak u realizaciji planiranih aktivnosti bilo je medijsko predstavljanje putem odr\u017eavanja Konferencije za medije 03. oktobra\/listopada (ponedjeljak) 2011. godine, na kojoj su se medijima obratili Damir Ma\u0161i\u0107, ministar Federalnog ministarstva obrazovanja i nauke, Selvedin \u0160atorovi\u0107, predsjednik\u00a0Samostalnog sindikata osnovnog obrazovanja i odgoja Bosne i Hercegovine i \u0110evad Had\u017ei\u0107, predsjednik Sindikata srednjeg i visokog obrazovanja, odgoja, nauke i kulture Bosne i Hercegovine.<\/p>\n<p style=\"font-weight: 400;\">\u00a0Nakon toga je\u00a0svim sindikalnim podru\u017enicama\/organizacijama na nivou kantona\/\u017eupanija\u00a0poslato zajedni\u010dko pismo sa \u010destitkom, te izra\u0111en\u00a0plakat povodom obilje\u017eavanja Petog oktobra \u2013 Svjetskog dana nastavnika\/ca.<\/p>\n<p style=\"font-weight: 400;\"><a href=\"https:\/\/www.ssvoonkbih.ba\/wp-content\/uploads\/2019\/04\/Dan-nastavnika.png\"><img loading=\"lazy\" decoding=\"async\" class=\"alignleft size-medium wp-image-316\" src=\"https:\/\/www.ssvoonkbih.ba\/wp-content\/uploads\/2019\/04\/Dan-nastavnika-300x169.png\" alt=\"\" width=\"300\" height=\"169\" srcset=\"https:\/\/www.ssvoonkbih.ba\/wp-content\/uploads\/2019\/04\/Dan-nastavnika-300x169.png 300w, https:\/\/www.ssvoonkbih.ba\/wp-content\/uploads\/2019\/04\/Dan-nastavnika-768x433.png 768w, https:\/\/www.ssvoonkbih.ba\/wp-content\/uploads\/2019\/04\/Dan-nastavnika.png 800w\" sizes=\"auto, (max-width: 300px) 100vw, 300px\" \/><\/a>Peti oktobar je obilje\u017een i na nivou svih kantonalnih\/\u017eupanijskih odbora sindikata. Zavisno od specifi\u010dnosti, svi kantoni\/\u017eupanije su dali puni doprinos u obilje\u017eavanju Svjetskog dana nastavnik\/ca organizovanjem okruglih stolova i sve\u010danosti, ispra\u0107aja penzionera, sportskih takmi\u010denja nastavnika, takmi\u010denja u\u010denika i polaznika vrti\u0107a u likovnim i literarnim radovima, \u0161to je i medijski propra\u010deno putem elektronskih i printanih medija.<\/p>\n<p style=\"font-weight: 400;\">Centralna manifestacija povodom obilje\u017eavanja ovogodi\u0161njeg Petog oktobra \u2013 Svjetskog dana nastavnika\/ca 2011. godine odr\u017eana je u Sarajevu, u zgradi Parlamenta Federacije Bosne i Hercegovine, odr\u017eavanjem Sve\u010dane akademije pod motom:\u00a0<strong>\u201eJednaka prava za sve u\u010denike\/ce i nastavnike\/ce\u201c,<\/strong>\u00a0kojoj su pored predstavnika sindikata i resornog ministarstva, prisustvovali \u010dlanovi Vlade Federacije BiH, premijeri i kantonalni ministri obrazovanja, predstavnici Ambasade SAD u BiH, predstavnici Vije\u0107a Evrope, kao i predstavnici OSCE-a, UNICEF-a, i dr.<\/p>\n<p style=\"font-weight: 400;\">\u00a0\u00a0\u00a0\u00a0\u00a0\u00a0\u00a0\u00a0\u00a0\u00a0\u00a0\u00a0\u010cestitke nastavnicima\/cama uputili su i federalni premijer Vlade Federacije Bosne i Hercegovine Nermin Nik\u0161i\u0107 i predsjednik Saveza samostalnih sindikata BiH Mr. Ismet Bajramovi\u0107. Oni su pozdravili saradnju resornog ministarstva i sindikata obrazovanja i izrazili zadovoljstvo \u0161to se u duhu te saradnje obilje\u017eava Svjetski dan nastavnika\/ca.<\/p>\n<p style=\"font-weight: 400;\">Sve\u010dana akademija je imala za cilj da uka\u017ee na najva\u017enije elemente za ostvarivanje jednakosti u obrazovanju, a to je:<\/p>\n<p style=\"font-weight: 400;\">&#8211;\u00a0\u00a0\u00a0\u00a0\u00a0\u00a0\u00a0\u00a0\u00a0\u00a0\u00a0\u00a0\u00a0\u00a0\u00a0\u00a0\u00a0\u00a0\u00a0\u00a0\u00a0\u00a0\u00a0\u00a0\u00a0\u00a0uspostavljanje jedinstvenog sistema obrazovanja koje \u0107e pobolj\u0161ati uslove obrazovanja i materijalni polo\u017eaj prosvjetnih radnika;<\/p>\n<p style=\"font-weight: 400;\">&#8211;\u00a0\u00a0\u00a0\u00a0\u00a0\u00a0\u00a0\u00a0\u00a0\u00a0\u00a0\u00a0\u00a0\u00a0\u00a0\u00a0\u00a0\u00a0\u00a0\u00a0\u00a0\u00a0\u00a0\u00a0\u00a0\u00a0dono\u0161enje jedinstvenih pedago\u0161kih standarda na nivou Federacije BiH kako bi kona\u010dno ispunili Konvencije o pravima djeteta koje insistiraju na jednakim uslovima i mogu\u0107nostima za svako dijete i za svakog u\u010denika\/cu;<\/p>\n<p style=\"font-weight: 400;\">&#8211;\u00a0\u00a0\u00a0\u00a0\u00a0\u00a0\u00a0\u00a0\u00a0\u00a0\u00a0\u00a0\u00a0\u00a0\u00a0\u00a0\u00a0\u00a0\u00a0\u00a0\u00a0\u00a0\u00a0\u00a0\u00a0\u00a0dono\u0161enje jedinstvenih pravilnika o napredovanju i ocjenjivanju, jer posao prosvjetnog radnika je jedno od rijetkih zanimanja u kome nema napredovanja po osnovu godina radnog sta\u017ea i radnog iskustva, \u0161to \u0107e se u narednom periodu nastojati ispraviti;<\/p>\n<p style=\"font-weight: 400;\">&#8211;\u00a0\u00a0\u00a0\u00a0\u00a0\u00a0\u00a0\u00a0\u00a0\u00a0\u00a0\u00a0\u00a0\u00a0\u00a0\u00a0\u00a0\u00a0\u00a0\u00a0\u00a0\u00a0\u00a0\u00a0\u00a0\u00a0dono\u0161enje jedinstvenih koeficijenata platnih razreda koji \u0107e obezbijediti istu platu za isti posao, u bilo kojem kantonu\/\u017eupaniji u Federaciji BiH;<\/p>\n<p style=\"font-weight: 400;\">&#8211;\u00a0\u00a0\u00a0\u00a0\u00a0\u00a0\u00a0\u00a0\u00a0\u00a0\u00a0\u00a0\u00a0\u00a0\u00a0\u00a0\u00a0\u00a0\u00a0\u00a0\u00a0\u00a0\u00a0\u00a0\u00a0\u00a0ujedna\u010davanje zakonske legistlative na svim nivoima obrazovanja u Bosni i Hercegovini.<\/p>\n<p style=\"font-weight: 400;\">Ova sve\u010danost pru\u017eila je mogu\u0107nost da se jo\u0161 jedanput uka\u017ee na zna\u010daj uspostavljanja socijalnog dijaloga i partnerskog odnosa izme\u0111u svih u\u010desnika u obrazovnom procesu, koji je jedini put ka kvalitetnijim rje\u0161enjima u obrazovnom sistemu na\u0161e zemlje, a time u okviru reforme obrazovnog sistema, potvrdila opravdanost postojanja Koordinacije ministara obrazovanja i nauke u FBiH, u kojoj predstavnici sindikata u potpunosti i jednakopravno u\u010destvuju kao ravnopravni partneri.<\/p>\n<p style=\"font-weight: 400;\">Jer, nastavnici\/ce ne tra\u017ee privilegije, ve\u0107 status koji im realno pripada kroz afirmaciju\u00a0demokratskih principa i razumijevanja, me\u0111usobnog uva\u017eavanja, dijaloga i solidarnosti, a sve u cilju ostvarivanja dostojanstvenog radnog okru\u017eenja (kvalitetni pedago\u0161ki standardi i normativi), kvalitetne pla\u0107e (za dostojanstven \u017eivot), uklju\u010divanje u kreiranje obrazovne politike, kolektivno pregovaranje .<\/p>\n<p style=\"font-weight: 400;\">Predsjednik SSVOONK BiH\u00a0\u00a0\u00a0\u00a0\u00a0\u00a0\u00a0\u00a0\u00a0\u00a0\u00a0\u00a0\u00a0\u00a0\u00a0\u00a0\u00a0\u00a0\u00a0\u00a0\u00a0\u00a0\u00a0\u00a0\u00a0\u00a0\u00a0\u00a0\u00a0\u00a0\u00a0\u00a0\u00a0\u00a0\u00a0\u00a0\u00a0\u00a0\u00a0\u00a0\u00a0\u00a0\u00a0\u00a0\u00a0\u00a0\u00a0\u00a0\u00a0\u00a0\u00a0\u00a0\u00a0\u00a0\u00a0Predsjednik SSOOiO BiH<\/p>\n<p style=\"font-weight: 400;\">\u00a0\u00a0\u00a0\u00a0\u0110evad Had\u017ei\u0107\u00a0\u00a0\u00a0\u00a0\u00a0\u00a0\u00a0\u00a0\u00a0\u00a0\u00a0\u00a0\u00a0\u00a0\u00a0\u00a0\u00a0\u00a0\u00a0\u00a0\u00a0\u00a0\u00a0\u00a0\u00a0\u00a0\u00a0\u00a0\u00a0\u00a0\u00a0\u00a0\u00a0\u00a0\u00a0\u00a0\u00a0\u00a0\u00a0\u00a0\u00a0\u00a0\u00a0\u00a0\u00a0\u00a0\u00a0\u00a0\u00a0\u00a0\u00a0\u00a0\u00a0\u00a0\u00a0\u00a0\u00a0\u00a0\u00a0\u00a0\u00a0\u00a0\u00a0\u00a0\u00a0\u00a0\u00a0\u00a0\u00a0\u00a0\u00a0\u00a0\u00a0\u00a0\u00a0Selvedin \u0160atorovi\u0107<\/p>\n","protected":false},"excerpt":{"rendered":"<p>\u00a0INFORMACIJA O PROVEDENIM AKTIVNOSTIMA POVODOM OBILJE\u017dAVANJA \u00a0 PETOG OKTOBRA \u2013 SVJETSKOG DANA NASTAVNIKA 2011. GODINE \u00a0 Samostalni sindikat osnovnog obrazovanja i odgoja Bosne i Hercegovine, Sindikat srednjeg i visokog obrazovanja, odgoja, nauke i kulture&#46;&#46;&#46;<\/p>\n","protected":false},"author":1,"featured_media":316,"comment_status":"closed","ping_status":"closed","sticky":false,"template":"","format":"standard","meta":{"jetpack_post_was_ever_published":false,"_jetpack_newsletter_access":"","_jetpack_dont_email_post_to_subs":false,"_jetpack_newsletter_tier_id":0,"_jetpack_memberships_contains_paywalled_content":false,"_jetpack_memberships_contains_paid_content":false,"footnotes":"","jetpack_publicize_message":"","jetpack_publicize_feature_enabled":true,"jetpack_social_post_already_shared":true,"jetpack_social_options":{"image_generator_settings":{"template":"highway","default_image_id":0,"font":"","enabled":false},"version":2}},"categories":[1,18],"tags":[],"class_list":["post-315","post","type-post","status-publish","format-standard","has-post-thumbnail","hentry","category-aktualnosti","category-dogadjaji"],"jetpack_publicize_connections":[],"jetpack_featured_media_url":"https:\/\/www.ssvoonkbih.ba\/wp-content\/uploads\/2019\/04\/Dan-nastavnika.png","jetpack_sharing_enabled":true,"jetpack_shortlink":"https:\/\/wp.me\/paRAHh-55","_links":{"self":[{"href":"https:\/\/www.ssvoonkbih.ba\/index.php?rest_route=\/wp\/v2\/posts\/315","targetHints":{"allow":["GET"]}}],"collection":[{"href":"https:\/\/www.ssvoonkbih.ba\/index.php?rest_route=\/wp\/v2\/posts"}],"about":[{"href":"https:\/\/www.ssvoonkbih.ba\/index.php?rest_route=\/wp\/v2\/types\/post"}],"author":[{"embeddable":true,"href":"https:\/\/www.ssvoonkbih.ba\/index.php?rest_route=\/wp\/v2\/users\/1"}],"replies":[{"embeddable":true,"href":"https:\/\/www.ssvoonkbih.ba\/index.php?rest_route=%2Fwp%2Fv2%2Fcomments&post=315"}],"version-history":[{"count":3,"href":"https:\/\/www.ssvoonkbih.ba\/index.php?rest_route=\/wp\/v2\/posts\/315\/revisions"}],"predecessor-version":[{"id":319,"href":"https:\/\/www.ssvoonkbih.ba\/index.php?rest_route=\/wp\/v2\/posts\/315\/revisions\/319"}],"wp:featuredmedia":[{"embeddable":true,"href":"https:\/\/www.ssvoonkbih.ba\/index.php?rest_route=\/wp\/v2\/media\/316"}],"wp:attachment":[{"href":"https:\/\/www.ssvoonkbih.ba\/index.php?rest_route=%2Fwp%2Fv2%2Fmedia&parent=315"}],"wp:term":[{"taxonomy":"category","embeddable":true,"href":"https:\/\/www.ssvoonkbih.ba\/index.php?rest_route=%2Fwp%2Fv2%2Fcategories&post=315"},{"taxonomy":"post_tag","embeddable":true,"href":"https:\/\/www.ssvoonkbih.ba\/index.php?rest_route=%2Fwp%2Fv2%2Ftags&post=315"}],"curies":[{"name":"wp","href":"https:\/\/api.w.org\/{rel}","templated":true}]}}