{"id":323,"date":"2011-12-13T10:45:34","date_gmt":"2011-12-13T10:45:34","guid":{"rendered":"https:\/\/www.ssvoonkbih.ba\/?p=323"},"modified":"2019-04-10T10:47:45","modified_gmt":"2019-04-10T10:47:45","slug":"informacija-sa-pres-konferencije-odrzane-12-12-2011-godine","status":"publish","type":"post","link":"https:\/\/www.ssvoonkbih.ba\/?p=323","title":{"rendered":"Informacija sa pres-konferencije, odr\u017eane 12.12.2011. godine"},"content":{"rendered":"<p style=\"font-weight: 400;\">U ponedjeljak, 12. decembra\/prosinca 2011. godine u Sarajevu je odr\u017eana pres-konferencija na temu &#8220;Aktuelna problematika u obrazovanju svih nivoa, sa posebnim akcentom na dono\u0161enje bud\u017eeta\/prora\u010duna za 2012. godinu&#8221;, na kojoj su se prisutnima\u00a0obratili Selvedin \u0160atorovi\u0107, predsjednik Samostalnog sindikata osnovnog obrazovanja i odgoja BiH i \u0110evad Had\u017ei\u0107, predsjednik Sindikata srednjeg i visokog obrazovanja, odgoja, nauke i kulture\u00a0BiH, na kojoj je izme\u0111u ostalog, iznesena slijede\u0107a:<\/p>\n<p style=\"font-weight: 400;\">\n<p style=\"font-weight: 400;\"><a href=\"http:\/\/www.sobih.ba\/siteoo\/images\/stories\/galerije\/Saopcenja\/ssooio%20bih%20informacija%20za%20sindikalne%20podruznice%20-%20organizacije.pdf\">INFORMACIJA\u00a0<\/a><\/p>\n<p style=\"font-weight: 400;\">\n<p style=\"font-weight: 400;\"><a href=\"http:\/\/www.sobih.ba\/siteoo\/images\/stories\/galerije\/Saopcenja\/2.%20zakljucci%20-%20radno-pravni%20polozaj.pdf\">i Zaklju\u010dci sa Trinaeste sjednice Predsjedni\u0161tva SSVOONK-a BiH, odr\u017eane 23.novembra 2011. godine u Sarajevu.<\/a><\/p>\n<p style=\"font-weight: 400;\">\n<p style=\"font-weight: 400;\">\n<p>&nbsp;<\/p>\n<p>Sindikat srednjeg i visokog obrazovanja, odgoja, nauke i kulture BiH &#8211; SSVOONK BiH<\/p>\n<p>Trade Union of Secondary and Highly Education, Nurture, Science and Culture of<\/p>\n<p>BiH \u2013 TUSHENSC BiH<\/p>\n<p>Obala Kulina bana 1, Sarajevo, tel\/fax:033 21 35 88; e-mail:\u00a0<a href=\"mailto:ssvoonkbih@bih.net.ba\">ssvoonkbih@bih.net.ba<\/a><\/p>\n<p style=\"font-weight: 400;\">Broj:05-2-574-4\/11<\/p>\n<p style=\"font-weight: 400;\">Sarajevo, 23. novembar 2011.godine<\/p>\n<p style=\"font-weight: 400;\">\n<p style=\"font-weight: 400;\">Predsjedni\u0161tvo Sindikata srednjeg i visokog obrazovanja, odgoja, nauke i kulture BiH na sjednici odr\u017eanoj 23.novembra 2011.godine , razmatralo je\u00a0\u00a0ekonomsko-socijalni polo\u017eaj na\u0161ih \u010dlanova . Predsjedni\u0161tvo nije zadovoljno ekonomsko-socijalnim polo\u017eajem na\u0161ih \u010dlanova koji je ugro\u017een stalnim rastom \u017eivotnih tro\u0161kova.<\/p>\n<p style=\"font-weight: 400;\">Tako\u0111er, Predsjedni\u0161tvo je nezadovoljno radom vlada na po\u0161tivanju kolektivnih ugovora, kao i iznala\u017eenjem sredstava za pobolj\u0161anje ekonomsko-socijalnog polo\u017eaja zaposlenih u\u00a0\u00a0institucijama obrazovanja i kulture.<\/p>\n<p style=\"font-weight: 400;\">Predsjedni\u0161tvo SSVOONK-a BiH je usvojilo slijede\u0107e<\/p>\n<p style=\"font-weight: 400;\">\n<p style=\"font-weight: 400;\"><strong>Zaklju\u010dke:<\/strong><\/p>\n<p style=\"font-weight: 400;\">Predsjedni\u0161tvo Sindikata srednjeg i visokog obrazovanja, odgoja, nauke i kulture BiH zahtijeva od Vlade Federacije BiH iznala\u017eenje rje\u0161enja za ista prava svih radnika koji se finansiraju iz bud\u017eeta svih nivoa vlasti.<\/p>\n<p style=\"font-weight: 400;\">Napominjemo, da je me\u0111unarodnim konvencijama propisano za isto radno mjesto, iste slo\u017eenosti poslova i potrebne stru\u010dne spreme, mora biti ista ili pribli\u017eno ista plata, \u0161to u Federaciji BiH nije slu\u010daj;<\/p>\n<p style=\"font-weight: 400;\">&#8211;\u00a0\u00a0\u00a0\u00a0\u00a0\u00a0\u00a0\u00a0\u00a0Kantonalni odbori\u00a0\u00a0u socijalnom dijalogu sa vladama kantona \u0107e obrazlo\u017eiti lo\u0161 ekonomsko-socijalni polo\u017eaj na\u0161ih \u010dlanova na osnovu zvani\u010dnih statisti\u010dkih pokazatelja (akt u prilogu) i zahtijevati pobolj\u0161anje istog, \u0161to bi se trebalo implementirati u bud\u017eetima kantona za 2012.godinu.;<\/p>\n<p style=\"font-weight: 400;\">&#8211;\u00a0\u00a0\u00a0\u00a0\u00a0\u00a0\u00a0\u00a0\u00a0Predsjedni\u0161tvo nala\u017ee svim kantonalnim odborima da se ne prihvata rasprava o smanjenju pla\u0107a i drugih naknada i da ne mogu voditi pregovore\u00a0\u00a0sa vladama o umanjivanju dostignutih prava na\u0161ih \u010dlanova ni po kom osnovu (topli obrok, plata, regres, prevoz i ostale naknade);<\/p>\n<p style=\"font-weight: 400;\">&#8211;\u00a0\u00a0\u00a0\u00a0\u00a0\u00a0\u00a0\u00a0\u00a0Predsjedni\u0161tvo nagla\u0161ava Odluku Glavnog odbora SSVOONK-a BIH da se mogu aneksirati kolekitvni ugovori , u skladu sa zakonima o pla\u0107ama koji su va\u017ee\u0107i u Federaciji BiH, a koje je usvojio Federalni parlament;<\/p>\n<p style=\"font-weight: 400;\">&#8211;\u00a0\u00a0\u00a0\u00a0\u00a0\u00a0\u00a0\u00a0\u00a0Zahtijevamo od vlada po\u0161tivanje kolektivnih ugovora i presuda sudova. Nagla\u0161avamo da ovo nare\u0111uje Presuda Ustavnog suda Federacije BiH od 28.septembra 2011.godine . (akt u prilogu);<\/p>\n<p style=\"font-weight: 400;\">&#8211;\u00a0\u00a0\u00a0\u00a0\u00a0\u00a0\u00a0\u00a0\u00a0Predsjedni\u0161tvo SSVOONK-a BIH svim kantonalnim odborima nala\u017ee pripremanje svih oblika sindikalne borbe , ukoliko se od strane vlada budu nametala rje\u0161enja koja ugro\u017eavaju ekonomsko-socijalni polo\u017eaj tj.smanjenje plata i neuskla\u0111ivanje plata sa rastom \u017eivotnih tro\u0161kova<\/p>\n","protected":false},"excerpt":{"rendered":"<p>U ponedjeljak, 12. decembra\/prosinca 2011. godine u Sarajevu je odr\u017eana pres-konferencija na temu &#8220;Aktuelna problematika u obrazovanju svih nivoa, sa posebnim akcentom na dono\u0161enje bud\u017eeta\/prora\u010duna za 2012. godinu&#8221;, na kojoj su se prisutnima\u00a0obratili Selvedin&#46;&#46;&#46;<\/p>\n","protected":false},"author":1,"featured_media":324,"comment_status":"closed","ping_status":"closed","sticky":false,"template":"","format":"standard","meta":{"jetpack_post_was_ever_published":false,"_jetpack_newsletter_access":"","_jetpack_dont_email_post_to_subs":false,"_jetpack_newsletter_tier_id":0,"_jetpack_memberships_contains_paywalled_content":false,"_jetpack_memberships_contains_paid_content":false,"footnotes":"","jetpack_publicize_message":"","jetpack_publicize_feature_enabled":true,"jetpack_social_post_already_shared":true,"jetpack_social_options":{"image_generator_settings":{"template":"highway","default_image_id":0,"font":"","enabled":false},"version":2}},"categories":[1,18,25],"tags":[36,37],"class_list":["post-323","post","type-post","status-publish","format-standard","has-post-thumbnail","hentry","category-aktualnosti","category-dogadjaji","category-informacije","tag-press","tag-press-konferencija"],"jetpack_publicize_connections":[],"jetpack_featured_media_url":"https:\/\/www.ssvoonkbih.ba\/wp-content\/uploads\/2019\/04\/press.png","jetpack_sharing_enabled":true,"jetpack_shortlink":"https:\/\/wp.me\/paRAHh-5d","_links":{"self":[{"href":"https:\/\/www.ssvoonkbih.ba\/index.php?rest_route=\/wp\/v2\/posts\/323","targetHints":{"allow":["GET"]}}],"collection":[{"href":"https:\/\/www.ssvoonkbih.ba\/index.php?rest_route=\/wp\/v2\/posts"}],"about":[{"href":"https:\/\/www.ssvoonkbih.ba\/index.php?rest_route=\/wp\/v2\/types\/post"}],"author":[{"embeddable":true,"href":"https:\/\/www.ssvoonkbih.ba\/index.php?rest_route=\/wp\/v2\/users\/1"}],"replies":[{"embeddable":true,"href":"https:\/\/www.ssvoonkbih.ba\/index.php?rest_route=%2Fwp%2Fv2%2Fcomments&post=323"}],"version-history":[{"count":1,"href":"https:\/\/www.ssvoonkbih.ba\/index.php?rest_route=\/wp\/v2\/posts\/323\/revisions"}],"predecessor-version":[{"id":325,"href":"https:\/\/www.ssvoonkbih.ba\/index.php?rest_route=\/wp\/v2\/posts\/323\/revisions\/325"}],"wp:featuredmedia":[{"embeddable":true,"href":"https:\/\/www.ssvoonkbih.ba\/index.php?rest_route=\/wp\/v2\/media\/324"}],"wp:attachment":[{"href":"https:\/\/www.ssvoonkbih.ba\/index.php?rest_route=%2Fwp%2Fv2%2Fmedia&parent=323"}],"wp:term":[{"taxonomy":"category","embeddable":true,"href":"https:\/\/www.ssvoonkbih.ba\/index.php?rest_route=%2Fwp%2Fv2%2Fcategories&post=323"},{"taxonomy":"post_tag","embeddable":true,"href":"https:\/\/www.ssvoonkbih.ba\/index.php?rest_route=%2Fwp%2Fv2%2Ftags&post=323"}],"curies":[{"name":"wp","href":"https:\/\/api.w.org\/{rel}","templated":true}]}}