{"id":326,"date":"2012-02-20T10:48:02","date_gmt":"2012-02-20T10:48:02","guid":{"rendered":"https:\/\/www.ssvoonkbih.ba\/?p=326"},"modified":"2019-04-10T10:49:47","modified_gmt":"2019-04-10T10:49:47","slug":"odluka-o-stupanju-u-strajk","status":"publish","type":"post","link":"https:\/\/www.ssvoonkbih.ba\/?p=326","title":{"rendered":"Odluka o stupanju u \u0161trajk"},"content":{"rendered":"<p><strong>S A V E Z\u00a0\u00a0\u00a0S A M O S T A L N I H\u00a0\u00a0S I N D I K A T A\u00a0\u00a0B i H<\/strong><\/p>\n<p><strong>SINDIKAT\u00a0\u00a0SREDNJEG I VISOKOG OBRAZOVANJA, ODGOJA, NAUKE I KULTURE BiH<\/strong><\/p>\n<p>&nbsp;<\/p>\n<p><strong>KANTONALNI ODBOR SSVOONK-a\u00a0\u00a0BiH TUZLANSKOG KANTONA<\/strong><\/p>\n<p style=\"font-weight: 400;\">Broj: 121\/12<\/p>\n<p style=\"font-weight: 400;\">Tuzla, 20.02.2012. godina<\/p>\n<p style=\"font-weight: 400;\"><strong>\u00a0<\/strong><\/p>\n<p style=\"font-weight: 400;\"><strong>\u00a0<\/strong><\/p>\n<p style=\"font-weight: 400;\">Na osnovu \u010dlana 128. ZOR-a (\u201eSl. novine F BiH\u201c, broj: 43\/99, 32\/00 i 29\/03), \u010dlana 2. Zakona o \u0161trajku (\u201eSl.novine F BiH\u201c, broj: 14\/00), \u010dlana 87. Kolektivnog ugovora za djelatnost srednjeg obrazovanja u Tuzlanskom kantonu (\u201eSl.novine TK\u201c, broj: 7\/01), \u010dlana 38. Op\u0107eg Kolektivnog ugovora za teritoriju Federacije Bosne i Hercegovine (\u201eSl.novine F BiH\u201c, broj: 54\/05 i 62\/08), \u010dlana 98. Statuta SSVOONK-a BiH, radi za\u0161tite i ostvarivanja ekonomskih i socijalnih prava i interesa svojih \u010dlanova i zaposlenih u ustanovama srednjeg obrazovanja\u00a0\u00a0na podru\u010dju Tuzlanskog kantona koji se nisu mogli rije\u0161iti pregovorima, nakon pribavljenih pismenih Saglasnosti sindikalnih organizacija SSVOONK-a BiH TK, Kantonalni odbor SSVOONK-a BiH TK na sjednici odr\u017eanoj 20.02.2012.godine donosi<\/p>\n<p style=\"font-weight: 400;\">\n<p style=\"font-weight: 400;\"><strong>O D L U K U<\/strong><\/p>\n<p style=\"font-weight: 400;\"><strong>o stupanju u \u0161trajk zaposlenih<\/strong><\/p>\n<p style=\"font-weight: 400;\"><strong>u ustanovama srednjeg obrazovanja Tuzlanskog kantona<\/strong><\/p>\n<p style=\"font-weight: 400;\">\n<p style=\"font-weight: 400;\">\n<p style=\"font-weight: 400;\"><strong>I<\/strong><\/p>\n<p style=\"font-weight: 400;\">Dana 05.03.2012.godine u 8,00 sati zaposleni u ustanovama srednjeg obrazovanja Tuzlanskog kantona stupaju u \u0161trajk (u daljem tekstu: \u0161trajk).<\/p>\n<p style=\"font-weight: 400;\">\n<p style=\"font-weight: 400;\"><strong>II<\/strong><\/p>\n<p style=\"font-weight: 400;\">\u0160trajk \u0107e se organizirati i provoditi u svim sindikalnim organizacijama (\u0161kolama) \u010dlanicama Sindikata srednjeg i visokog obrazovanja, odgoja, nauke i kulture BiH Tuzlanskog kantona.<\/p>\n<p style=\"font-weight: 400;\"><strong>\u00a0<\/strong><\/p>\n<p style=\"font-weight: 400;\"><strong>III<\/strong><\/p>\n<p style=\"font-weight: 400;\">\u00a0\u00a0Razlozi za \u0161trajk su: dono\u0161enje Odluke o smanjenju pla\u0107e za novembar i\u00a0\u00a0\u00a0\u00a0\u00a0\u00a0decembar\u00a0\u00a02011. godine i januar 2012.godine i utvr\u0111ivanje Nacrta\u00a0\u00a0\u00a0\u00a0\u00a0\u00a0\u00a0\u00a0\u00a0\u00a0Bud\u017eeta\u00a0\u00a0TK\u00a0\u00a0\u00a0\u00a0\u00a0\u00a0\u00a0\u00a0\u00a0\u00a0za 2012.godine od strane\u00a0\u00a0\u00a0Vlade TK, kojim su planirana umanjena\u00a0\u00a0\u00a0\u00a0\u00a0\u00a0\u00a0\u00a0\u00a0sredstva za\u00a0\u00a0pla\u0107e od 6,5 % i ukidanje pojedinih naknada uposlenim u\u00a0\u00a0ustanovama\u00a0\u00a0srednjeg obrazovanja.<\/p>\n<p style=\"font-weight: 400;\">\n<p style=\"font-weight: 400;\">\n<p style=\"font-weight: 400;\">\n<p style=\"font-weight: 400;\"><strong>IV<\/strong><\/p>\n<p style=\"font-weight: 400;\">\u0160trajk \u0107e se organizovati i voditi u skladu sa Zakonom o \u0161trajku, Kolektivnim ugovorom za djelatnost srednjeg obrazovanja u Tuzlanskom kantonu i Pravilima o \u0161trajku SSVOONK-a BiH do ispunjenja sljede\u0107ih zahtjeva:<\/p>\n<p style=\"font-weight: 400;\">&#8211;\u00a0\u00a0\u00a0\u00a0\u00a0\u00a0\u00a0\u00a0\u00a0Poni\u0161tenja jednostrano donesenih Odluka Vlade TK o smanjenju osnovice za obra\u010dun pla\u0107e za novembar i decembar 2011.godine i za januar 2012.godine,<\/p>\n<p style=\"font-weight: 400;\">&#8211;\u00a0\u00a0\u00a0\u00a0\u00a0\u00a0\u00a0\u00a0\u00a0Utvr\u0111ivanja sredstava u Bud\u017eetu TK za 2012.godinu za isplatu pla\u0107a na nivou oktobra 2011.godine, te isplatu naknada u skladu sa Zakonom i Kolektivnim ugovorom, odnosno do postizanja sporazuma izme\u0111u Sindikata i Vlade TK.<\/p>\n<p style=\"font-weight: 400;\"><strong>V<\/strong><\/p>\n<p style=\"font-weight: 400;\">Kantonalni odbor Sindikata srednjeg i visokog obrazovanja, odgoja, nauke i kulture BiH Tuzlanskog kantona preuzima ulogu \u0161trajka\u010dkog odbora na nivou Sindikata srednjeg i visokog obrazovanja, odgoja, nauke i kulture BiH\u00a0\u00a0Tuzlanskog kantona, a u sindikalnim organizacijama (\u0161kolama)\u00a0\u00a0\u010dlanicama SSVOONK-a BiH TK ulogu \u0161trajka\u010dkog odbora preuzimaju Sindikalni odbori sindikalnih organizacija SSVOONK-a BiH TK.<\/p>\n<p style=\"font-weight: 400;\">\n<p style=\"font-weight: 400;\"><strong>VI<\/strong><\/p>\n<p style=\"font-weight: 400;\">Uz ovu Odluku Sindikat objavljuje Sporazum o poslovima koji se ne mogu prekidati za vrijeme \u0161trajka i pokre\u0107e postupak mirenja pred Mirovnim vije\u0107em.<\/p>\n<p style=\"font-weight: 400;\">\n<p style=\"font-weight: 400;\"><strong>VII<\/strong><\/p>\n<p style=\"font-weight: 400;\">Ova Odluka stupa na snagu danom dono\u0161enja, a primjenjivat \u0107e se od 05.03.2012.godine.<\/p>\n<p style=\"font-weight: 400;\">\n<p style=\"font-weight: 400;\">\n<p style=\"font-weight: 400;\"><em>Dostavljeno:<\/em><\/p>\n<p style=\"font-weight: 400;\">1x &#8211;\u00a0\u00a0SSS BiH<\/p>\n<p style=\"font-weight: 400;\">1x &#8211;\u00a0\u00a0SSVOONK BiH<\/p>\n<p style=\"font-weight: 400;\">1x &#8211;\u00a0\u00a0Predsjednicima sindikalnih organizacija SSVOONK-a BiH TK<\/p>\n<p style=\"font-weight: 400;\">1x &#8211;\u00a0\u00a0Vlada TK<\/p>\n<p style=\"font-weight: 400;\">1x &#8211;\u00a0\u00a0Ministarstvu obrazovanja, nauke, kulture i sporta TK<\/p>\n<p style=\"font-weight: 400;\">1x \u2013 Ministarstvo za rad, socijalnu politiku i izbjeglice TK<\/p>\n<p style=\"font-weight: 400;\">1x &#8211;\u00a0\u00a0Skup\u0161tini TK<\/p>\n<p style=\"font-weight: 400;\">1x &#8211;\u00a0\u00a0MUP TK<\/p>\n<p style=\"font-weight: 400;\">1x &#8211;\u00a0\u00a0\u0160kolskim odborima srednjih \u0161kola TK<\/p>\n<p style=\"font-weight: 400;\">1x &#8211;\u00a0\u00a0Direktorima srednjih \u0161kola TK<\/p>\n<p style=\"font-weight: 400;\">1x &#8211;\u00a0\u00a0Arhiva<\/p>\n<p style=\"font-weight: 400;\"><strong>\u00a0\u00a0\u00a0\u00a0\u00a0\u00a0\u00a0\u00a0\u00a0<\/strong><\/p>\n<p style=\"font-weight: 400;\">\u00a0\u00a0\u00a0\u00a0\u00a0\u00a0\u00a0\u00a0\u00a0\u00a0\u00a0\u00a0\u00a0\u00a0\u00a0\u00a0\u00a0\u00a0\u00a0\u00a0\u00a0\u00a0\u00a0\u00a0\u00a0\u00a0\u00a0\u00a0\u00a0\u00a0\u00a0\u00a0\u00a0\u00a0\u00a0\u00a0\u00a0\u00a0\u00a0\u00a0\u00a0\u00a0\u00a0\u00a0\u00a0\u00a0\u00a0\u00a0\u00a0\u00a0\u00a0\u00a0\u00a0\u00a0\u00a0\u00a0\u00a0\u00a0\u00a0\u00a0\u00a0\u00a0\u00a0\u00a0\u00a0\u00a0\u00a0\u00a0\u00a0\u00a0\u00a0\u00a0\u00a0\u00a0\u00a0\u00a0\u00a0\u00a0\u00a0\u00a0\u00a0\u00a0\u00a0\u00a0\u00a0<strong>PREDSJEDNIK<\/strong><\/p>\n<p style=\"font-weight: 400;\">\u00a0\u00a0\u00a0\u00a0\u00a0\u00a0\u00a0\u00a0\u00a0\u00a0\u00a0\u00a0\u00a0\u00a0\u00a0\u00a0\u00a0\u00a0\u00a0\u00a0\u00a0\u00a0\u00a0\u00a0\u00a0\u00a0\u00a0\u00a0\u00a0\u00a0\u00a0\u00a0\u00a0\u00a0\u00a0\u00a0\u00a0\u00a0\u00a0\u00a0\u00a0\u00a0\u00a0\u00a0\u00a0\u00a0\u00a0\u00a0\u00a0\u00a0\u00a0\u00a0\u00a0\u00a0\u00a0\u00a0\u00a0\u00a0\u00a0\u00a0\u00a0\u00a0\u00a0\u00a0\u00a0\u00a0<strong>\u00a0\u00a0\u00a0\u00a0\u00a0\u00a0\u00a0\u00a0\u00a0\u00a0\u00a0\u00a0\u00a0\u00a0\u00a0Admir Terzi\u0107, prof.<\/strong><\/p>\n","protected":false},"excerpt":{"rendered":"<p>S A V E Z\u00a0\u00a0\u00a0S A M O S T A L N I H\u00a0\u00a0S I N D I K A T A\u00a0\u00a0B i H SINDIKAT\u00a0\u00a0SREDNJEG I VISOKOG OBRAZOVANJA, ODGOJA, NAUKE I KULTURE BiH&#46;&#46;&#46;<\/p>\n","protected":false},"author":1,"featured_media":327,"comment_status":"closed","ping_status":"closed","sticky":false,"template":"","format":"standard","meta":{"jetpack_post_was_ever_published":false,"_jetpack_newsletter_access":"","_jetpack_dont_email_post_to_subs":false,"_jetpack_newsletter_tier_id":0,"_jetpack_memberships_contains_paywalled_content":false,"_jetpack_memberships_contains_paid_content":false,"footnotes":"","jetpack_publicize_message":"","jetpack_publicize_feature_enabled":true,"jetpack_social_post_already_shared":true,"jetpack_social_options":{"image_generator_settings":{"template":"highway","default_image_id":0,"font":"","enabled":false},"version":2}},"categories":[1,18,25,3],"tags":[39,38],"class_list":["post-326","post","type-post","status-publish","format-standard","has-post-thumbnail","hentry","category-aktualnosti","category-dogadjaji","category-informacije","category-obavjestenja","tag-odluka","tag-strajk"],"jetpack_publicize_connections":[],"jetpack_featured_media_url":"https:\/\/www.ssvoonkbih.ba\/wp-content\/uploads\/2019\/04\/Strajk.jpg","jetpack_sharing_enabled":true,"jetpack_shortlink":"https:\/\/wp.me\/paRAHh-5g","_links":{"self":[{"href":"https:\/\/www.ssvoonkbih.ba\/index.php?rest_route=\/wp\/v2\/posts\/326","targetHints":{"allow":["GET"]}}],"collection":[{"href":"https:\/\/www.ssvoonkbih.ba\/index.php?rest_route=\/wp\/v2\/posts"}],"about":[{"href":"https:\/\/www.ssvoonkbih.ba\/index.php?rest_route=\/wp\/v2\/types\/post"}],"author":[{"embeddable":true,"href":"https:\/\/www.ssvoonkbih.ba\/index.php?rest_route=\/wp\/v2\/users\/1"}],"replies":[{"embeddable":true,"href":"https:\/\/www.ssvoonkbih.ba\/index.php?rest_route=%2Fwp%2Fv2%2Fcomments&post=326"}],"version-history":[{"count":1,"href":"https:\/\/www.ssvoonkbih.ba\/index.php?rest_route=\/wp\/v2\/posts\/326\/revisions"}],"predecessor-version":[{"id":328,"href":"https:\/\/www.ssvoonkbih.ba\/index.php?rest_route=\/wp\/v2\/posts\/326\/revisions\/328"}],"wp:featuredmedia":[{"embeddable":true,"href":"https:\/\/www.ssvoonkbih.ba\/index.php?rest_route=\/wp\/v2\/media\/327"}],"wp:attachment":[{"href":"https:\/\/www.ssvoonkbih.ba\/index.php?rest_route=%2Fwp%2Fv2%2Fmedia&parent=326"}],"wp:term":[{"taxonomy":"category","embeddable":true,"href":"https:\/\/www.ssvoonkbih.ba\/index.php?rest_route=%2Fwp%2Fv2%2Fcategories&post=326"},{"taxonomy":"post_tag","embeddable":true,"href":"https:\/\/www.ssvoonkbih.ba\/index.php?rest_route=%2Fwp%2Fv2%2Ftags&post=326"}],"curies":[{"name":"wp","href":"https:\/\/api.w.org\/{rel}","templated":true}]}}