{"id":329,"date":"2012-03-13T10:00:22","date_gmt":"2012-03-13T10:00:22","guid":{"rendered":"https:\/\/www.ssvoonkbih.ba\/?p=329"},"modified":"2019-04-10T10:52:26","modified_gmt":"2019-04-10T10:52:26","slug":"zakljucci-strajkackog-odbora-tk","status":"publish","type":"post","link":"https:\/\/www.ssvoonkbih.ba\/?p=329","title":{"rendered":"Zaklju\u010dci \u0161trajka\u010dkog odbora TK"},"content":{"rendered":"<p><strong>\u00a0Sindikat srednjeg i visokog obrazovanja,\u00a0\u00a0\u00a0\u00a0\u00a0\u00a0\u00a0\u00a0\u00a0\u00a0\u00a0\u00a0\u00a0\u00a0\u00a0\u00a0\u00a0\u00a0\u00a0\u00a0\u00a0\u00a0\u00a0\u00a0\u00a0\u00a0\u00a0\u00a0Samostalni sindikat radnika\u00a0<\/strong><\/p>\n<p><strong>\u00a0\u00a0\u00a0\u00a0\u00a0\u00a0\u00a0\u00a0\u00a0\u00a0\u00a0\u00a0odgoja, nauke i kulture\u00a0\u00a0\u00a0BiH-\u00a0\u00a0\u00a0\u00a0\u00a0\u00a0\u00a0\u00a0\u00a0\u00a0\u00a0\u00a0\u00a0\u00a0\u00a0\u00a0\u00a0\u00a0\u00a0\u00a0\u00a0\u00a0\u00a0\u00a0\u00a0\u00a0\u00a0\u00a0\u00a0\u00a0\u00a0osnovnog obrazovanja i odgoja TK<\/strong><\/p>\n<p><strong>\u00a0\u00a0\u00a0\u00a0\u00a0\u00a0\u00a0\u00a0\u00a0\u00a0\u00a0\u00a0Kantonalni odbor TK\u00a0\u00a0\u00a0\u00a0\u00a0\u00a0\u00a0\u00a0\u00a0\u00a0\u00a0\u00a0\u00a0\u00a0\u00a0\u00a0\u00a0\u00a0\u00a0\u00a0\u00a0\u00a0\u00a0\u00a0\u00a0<\/strong><\/p>\n<p>Broj: 281\/12\u00a0\u00a0\u00a0\u00a0\u00a0\u00a0\u00a0\u00a0\u00a0\u00a0\u00a0\u00a0\u00a0\u00a0\u00a0\u00a0\u00a0\u00a0\u00a0\u00a0\u00a0\u00a0\u00a0\u00a0\u00a0\u00a0\u00a0\u00a0\u00a0\u00a0\u00a0\u00a0\u00a0\u00a0\u00a0\u00a0\u00a0\u00a0\u00a0\u00a0\u00a0\u00a0\u00a0\u00a0\u00a0\u00a0\u00a0\u00a0\u00a0\u00a0\u00a0\u00a0\u00a0\u00a0\u00a0\u00a0\u00a0\u00a0\u00a0\u00a0\u00a0\u00a0\u00a0\u00a0\u00a0\u00a0\u00a0\u00a0\u00a0\u00a0\u00a0\u00a0\u00a0\u00a0\u00a0Broj: 02-176\/12<\/p>\n<p>Tuzla, 14.03.2012.godine\u00a0\u00a0\u00a0\u00a0\u00a0\u00a0\u00a0\u00a0\u00a0\u00a0\u00a0\u00a0\u00a0\u00a0\u00a0\u00a0\u00a0\u00a0\u00a0\u00a0\u00a0\u00a0\u00a0\u00a0\u00a0\u00a0\u00a0\u00a0\u00a0\u00a0\u00a0\u00a0\u00a0\u00a0\u00a0\u00a0\u00a0\u00a0\u00a0\u00a0\u00a0\u00a0\u00a0\u00a0\u00a0\u00a0\u00a0\u00a0\u00a0\u00a0\u00a0\u00a0\u00a0\u00a0Tuzla, 14.03.2012. godine<\/p>\n<p>&nbsp;<\/p>\n<p><strong>\u00a0\u00a0\u00a0\u00a0\u00a0\u00a0\u00a0\u00a0\u00a0\u00a0\u00a0\u00a0\u00a0\u00a0\u00a0\u00a0\u00a0\u00a0\u00a0\u00a0\u00a0\u00a0\u00a0\u00a0\u00a0\u00a0\u00a0\u00a0\u00a0\u00a0\u00a0\u00a0\u00a0\u00a0\u00a0\u00a0\u00a0\u00a0\u00a0\u00a0\u00a0\u00a0\u00a0\u00a0\u00a0\u00a0\u00a0\u00a0\u00a0\u00a0\u00a0\u00a0\u00a0\u00a0\u00a0\u00a0\u00a0\u00a0\u00a0<\/strong><strong>Vlada Tuzlanskog kantona<\/strong><\/p>\n<ul>\n<li><strong>Tim za pregovore<\/strong><\/li>\n<\/ul>\n<p><strong>\u00a0<\/strong><\/p>\n<p><strong>\u00a0<\/strong><\/p>\n<p><strong>\u00a0\u00a0\u00a0\u00a0\u00a0\u00a0\u00a0\u00a0\u00a0\u00a0\u00a0\u00a0<\/strong>\u0160trajka\u010dki kantonalni odbor Sindikata srednjeg i visokog obrazovanja, odgoja, nauke i kulture BiH TK\u00a0\u00a0i\u00a0\u00a0\u0160trajka\u010dki kantonalni odbor Samostalnog sindikata radnika osnovnog obrazovanja i odgoja TK odr\u017eali su zajedni\u010dku sjednicu, na kojoj su razmatrali prijedlog Tima za pregovore\u00a0\u00a0Vlade TK, predo\u010den sindikatima na sastanku odr\u017eanom\u00a0\u00a013.03.2012. godine, kojim je ponu\u0111eno smanjenje osnovice za pla\u0107u za 5%, isplata\u00a0\u00a0naknade za ishranu\u00a0\u00a0u skladu sa zakonom po\u010dev od 01.09.2012. godine, a na osnovu dostavljenih stavova \u0161trajka\u010dkih sindikalnih odbora osnovnih i srednjih \u0161kola, jednoglasno su donijeli\u00a0\u00a0sljede\u0107e<\/p>\n<p>&nbsp;<\/p>\n<p><strong>Z A K L J U \u010c K E<\/strong><\/p>\n<p><strong>\u00a0<\/strong><\/p>\n<ol>\n<li>Prijedlog Tima za pregovore Vlade TK\u00a0\u00a0od 13.03.2012. godine jednoglasno se odbija,<\/li>\n<li>\u0160trajka\u010dki kantonalni odbori zahtijevaju od Tima za pregovore Vlade TK da prihvati\u00a0\u00a0zahtjeve sindikata o isplati\u00a0\u00a0neumanjenih pla\u0107a, isplatu naknade za ishranu po zakonu i Kolektivnom ugovoru, a da se o regresu i ostalim naknadama razgovara polovinom teku\u0107e godine,<\/li>\n<li>\u0160trajka\u010dki kantonalni odbori o\u0161tro osu\u0111uju javno izre\u010dene prijetnje predsjednika Tima za pregovore\u00a0\u00a0Vlade TK, koji obna\u0161a du\u017enost ministra pravosu\u0111a i uprave TK, a koje predstavljaju nastavak prijetnji usmjerenih na zastra\u0161ivanje u\u010desnika u \u0161trajku u ustanovama osnovnog i srednjeg obrazovanja,<\/li>\n<li>\u0160trajka\u010dki kantonalni odbori jednoglasno su donijeli odluku o organizovanju mirnog okupljanja i javnih protesta u skladu sa zakonom, kao odgovor Vladi TK na uporno odbijanje i ignorisanje zahtijeva sindikata i kontinuirano poni\u017eavanje zaposlenika u obrazovanju.<\/li>\n<li>U skladu sa navedenim, \u0161trajk u ustanovama osnovnog i srednjeg obrazovanja se nastavlja do potpisivanja sporazuma o prihvatanju zahtjeva sindikata, navedenih u ta\u010dki 2. usvojenih Zaklju\u010daka.<\/li>\n<\/ol>\n<p>&nbsp;<\/p>\n<p>Dostavljeno:<\/p>\n<p>1 x Timu za pregovore Vlade TK<\/p>\n<p>1 x Sindikalne organizacije\/podru\u017enice<\/p>\n<p>1 x Arhiva<\/p>\n<p><strong>\u0160TRAJKA\u010cKI ODBORI\u00a0<\/strong><\/p>\n<p><strong>SSVOONK-a BiH TK i S<\/strong><\/p>\n","protected":false},"excerpt":{"rendered":"<p>\u00a0Sindikat srednjeg i visokog obrazovanja,\u00a0\u00a0\u00a0\u00a0\u00a0\u00a0\u00a0\u00a0\u00a0\u00a0\u00a0\u00a0\u00a0\u00a0\u00a0\u00a0\u00a0\u00a0\u00a0\u00a0\u00a0\u00a0\u00a0\u00a0\u00a0\u00a0\u00a0\u00a0Samostalni sindikat radnika\u00a0 \u00a0\u00a0\u00a0\u00a0\u00a0\u00a0\u00a0\u00a0\u00a0\u00a0\u00a0\u00a0odgoja, nauke i kulture\u00a0\u00a0\u00a0BiH-\u00a0\u00a0\u00a0\u00a0\u00a0\u00a0\u00a0\u00a0\u00a0\u00a0\u00a0\u00a0\u00a0\u00a0\u00a0\u00a0\u00a0\u00a0\u00a0\u00a0\u00a0\u00a0\u00a0\u00a0\u00a0\u00a0\u00a0\u00a0\u00a0\u00a0\u00a0osnovnog obrazovanja i odgoja TK \u00a0\u00a0\u00a0\u00a0\u00a0\u00a0\u00a0\u00a0\u00a0\u00a0\u00a0\u00a0Kantonalni odbor TK\u00a0\u00a0\u00a0\u00a0\u00a0\u00a0\u00a0\u00a0\u00a0\u00a0\u00a0\u00a0\u00a0\u00a0\u00a0\u00a0\u00a0\u00a0\u00a0\u00a0\u00a0\u00a0\u00a0\u00a0\u00a0 Broj: 281\/12\u00a0\u00a0\u00a0\u00a0\u00a0\u00a0\u00a0\u00a0\u00a0\u00a0\u00a0\u00a0\u00a0\u00a0\u00a0\u00a0\u00a0\u00a0\u00a0\u00a0\u00a0\u00a0\u00a0\u00a0\u00a0\u00a0\u00a0\u00a0\u00a0\u00a0\u00a0\u00a0\u00a0\u00a0\u00a0\u00a0\u00a0\u00a0\u00a0\u00a0\u00a0\u00a0\u00a0\u00a0\u00a0\u00a0\u00a0\u00a0\u00a0\u00a0\u00a0\u00a0\u00a0\u00a0\u00a0\u00a0\u00a0\u00a0\u00a0\u00a0\u00a0\u00a0\u00a0\u00a0\u00a0\u00a0\u00a0\u00a0\u00a0\u00a0\u00a0\u00a0\u00a0\u00a0\u00a0Broj: 02-176\/12 Tuzla, 14.03.2012.godine\u00a0\u00a0\u00a0\u00a0\u00a0\u00a0\u00a0\u00a0\u00a0\u00a0\u00a0\u00a0\u00a0\u00a0\u00a0\u00a0\u00a0\u00a0\u00a0\u00a0\u00a0\u00a0\u00a0\u00a0\u00a0\u00a0\u00a0\u00a0\u00a0\u00a0\u00a0\u00a0\u00a0\u00a0\u00a0\u00a0\u00a0\u00a0\u00a0\u00a0\u00a0\u00a0\u00a0\u00a0\u00a0\u00a0\u00a0\u00a0\u00a0\u00a0\u00a0\u00a0\u00a0\u00a0Tuzla, 14.03.2012. godine &nbsp; \u00a0\u00a0\u00a0\u00a0\u00a0\u00a0\u00a0\u00a0\u00a0\u00a0\u00a0\u00a0\u00a0\u00a0\u00a0\u00a0\u00a0\u00a0\u00a0\u00a0\u00a0\u00a0\u00a0\u00a0\u00a0\u00a0\u00a0\u00a0\u00a0\u00a0\u00a0\u00a0\u00a0\u00a0\u00a0\u00a0\u00a0\u00a0\u00a0\u00a0\u00a0\u00a0\u00a0\u00a0\u00a0\u00a0\u00a0\u00a0\u00a0\u00a0\u00a0\u00a0\u00a0\u00a0\u00a0\u00a0\u00a0\u00a0\u00a0Vlada Tuzlanskog kantona Tim za pregovore \u00a0 \u00a0&#46;&#46;&#46;<\/p>\n","protected":false},"author":1,"featured_media":327,"comment_status":"closed","ping_status":"closed","sticky":false,"template":"","format":"standard","meta":{"jetpack_post_was_ever_published":false,"_jetpack_newsletter_access":"","_jetpack_dont_email_post_to_subs":false,"_jetpack_newsletter_tier_id":0,"_jetpack_memberships_contains_paywalled_content":false,"_jetpack_memberships_contains_paid_content":false,"footnotes":"","jetpack_publicize_message":"","jetpack_publicize_feature_enabled":true,"jetpack_social_post_already_shared":true,"jetpack_social_options":{"image_generator_settings":{"template":"highway","default_image_id":0,"font":"","enabled":false},"version":2}},"categories":[1,18,25,3,30],"tags":[38],"class_list":["post-329","post","type-post","status-publish","format-standard","has-post-thumbnail","hentry","category-aktualnosti","category-dogadjaji","category-informacije","category-obavjestenja","category-saopcenje","tag-strajk"],"jetpack_publicize_connections":[],"jetpack_featured_media_url":"https:\/\/www.ssvoonkbih.ba\/wp-content\/uploads\/2019\/04\/Strajk.jpg","jetpack_sharing_enabled":true,"jetpack_shortlink":"https:\/\/wp.me\/paRAHh-5j","_links":{"self":[{"href":"https:\/\/www.ssvoonkbih.ba\/index.php?rest_route=\/wp\/v2\/posts\/329","targetHints":{"allow":["GET"]}}],"collection":[{"href":"https:\/\/www.ssvoonkbih.ba\/index.php?rest_route=\/wp\/v2\/posts"}],"about":[{"href":"https:\/\/www.ssvoonkbih.ba\/index.php?rest_route=\/wp\/v2\/types\/post"}],"author":[{"embeddable":true,"href":"https:\/\/www.ssvoonkbih.ba\/index.php?rest_route=\/wp\/v2\/users\/1"}],"replies":[{"embeddable":true,"href":"https:\/\/www.ssvoonkbih.ba\/index.php?rest_route=%2Fwp%2Fv2%2Fcomments&post=329"}],"version-history":[{"count":1,"href":"https:\/\/www.ssvoonkbih.ba\/index.php?rest_route=\/wp\/v2\/posts\/329\/revisions"}],"predecessor-version":[{"id":330,"href":"https:\/\/www.ssvoonkbih.ba\/index.php?rest_route=\/wp\/v2\/posts\/329\/revisions\/330"}],"wp:featuredmedia":[{"embeddable":true,"href":"https:\/\/www.ssvoonkbih.ba\/index.php?rest_route=\/wp\/v2\/media\/327"}],"wp:attachment":[{"href":"https:\/\/www.ssvoonkbih.ba\/index.php?rest_route=%2Fwp%2Fv2%2Fmedia&parent=329"}],"wp:term":[{"taxonomy":"category","embeddable":true,"href":"https:\/\/www.ssvoonkbih.ba\/index.php?rest_route=%2Fwp%2Fv2%2Fcategories&post=329"},{"taxonomy":"post_tag","embeddable":true,"href":"https:\/\/www.ssvoonkbih.ba\/index.php?rest_route=%2Fwp%2Fv2%2Ftags&post=329"}],"curies":[{"name":"wp","href":"https:\/\/api.w.org\/{rel}","templated":true}]}}