{"id":348,"date":"2014-10-05T10:00:30","date_gmt":"2014-10-05T10:00:30","guid":{"rendered":"https:\/\/www.ssvoonkbih.ba\/?p=348"},"modified":"2019-04-12T12:09:55","modified_gmt":"2019-04-12T12:09:55","slug":"dan-ucitelja-i-nastavnika-cemu-se-nadaju-ucitelji","status":"publish","type":"post","link":"https:\/\/www.ssvoonkbih.ba\/?p=348","title":{"rendered":"Dan u\u010ditelja i nastavnika &#8211; \u010cemu se nadaju u\u010ditelji"},"content":{"rendered":"<h4 class=\"caption\">U sali Parlamenta Federacije Bosne i Hercegovine u Sarajevu danas je odr\u017eana sve\u010dana sjednica povodom obilje\u017eavanja 5. oktobra, Dana u\u010ditelja i nastavnika, gdje su pored skretanja pa\u017enje na probleme uru\u010dena i priznanja za istaknuti rad.<\/h4>\n<p>Nada Ba\u010di\u0107, nastavnica matematike iz Posavnskog kantona i jedna od nagra\u0111enih prosvjetnih radnica, naglasila je va\u017enost svoga poziva.<\/p>\n<p>&#8220;Na\u0161 posao je zahtjevan i odgovoran, a u vrijeme krize obilje\u017eavanje ovog dana je satisfakcija i podstrijek za na\u0161 daljni rad. Mi radimo na temeljima dr\u017eave i kad nam to neko prizna mi smo zaista sretni. I pored toga \u0161to mi u Posavskom kantonu imamo najmanji li\u010dni dohodak, mi moramo raditi sa djecom jer to \u010dinimo sa ljubavlju&#8221;, rekla je Ba\u010di\u0107.<\/p>\n<p>Ona se dotakla i sve u\u010destalije delikvencije me\u0111u djecom \u0161to je okarakterisala kao sklop okolnosti \u0161kole, obitelji, dru\u0161tva i ekonomske situacije.<\/p>\n<p>Sve\u010danost je prisustvovao i ministar obrazovanja i nauke FBiH Damir Ma\u0161i\u0107 koji je podsjetio da je u toku izrada novog kurikuluma devetogodi\u0161nje osnovne \u0161kole koji \u0107e biti fokusiran na to \u0161ta svako dijete treba da zna, tj. \u0161ta su ishodi\u0161ta znanja. Tako\u0111er, Ma\u0161i\u0107 je upozorio na po njemu najve\u0107i problem sa kojim se nosi obrazovanje u Federaciji.<\/p>\n<p>&#8220;Obrazovanje ne mo\u017ee ostati kantonalna nadle\u017enost! Mi moramo krenuti u reformu jer su kantoni male dr\u017eave \u010dija razli\u010dita pravila stvaraju velike nepravde. U\u010ditelji i nastavnici iz Posavskog kantona imaju duplo manju platu od svojih kolega u drugim kantonima. Bolonja se provodi na \u010dak \u010detiri razli\u010dita na\u010dina \u0161to se nije smjelo desiti. Nepravde se mogu po\u010deti ispravljati i bez transfera nadle\u017enosti. Samo malo dobre volje potrebno je da djeca u \u201edvije \u0161kole pod jednim krovom\u201c ulaze na isti ulaz, da im zvono zvoni u isto vrijeme, da imaju veliki odmor u isto vrijeme\u2026HNK i SBK uop\u0161te ne rje\u0161avaju taj problem jer je to kantonalna nadle\u017enost&#8221;, naglasio je Ma\u0161i\u0107 dodav\u0161i da je koordinacija izme\u0111u kantonalnih ministarstava u principu jedina nadle\u017enost entitetskog ministarstva.<\/p>\n<p>Podsjetio je da se instruktivnom nastavnom poma\u017ee bo\u0161nja\u010dkoj djeci iz RS-a.<\/p>\n<p>&#8220;Mi uti\u010demo na situaciju u RS-u jer ne dozvoljavamo da djeca konstitutivnog naroda nemaju osnovno pravo da svoj jezik zovu kako ho\u0107e&#8221;, zaklju\u010dio je Ma\u0161i\u0107.<\/p>\n<p>D\u017eevad Had\u017ei\u0107, predsjednik Sindikata srednjeg i visokog obrazovanja FBiH, smatra da osnovni problem obrazovanja le\u017ei u manju ulaganja.<\/p>\n<p>&#8220;Mi nismo zadovoljni jer BiH u obrazovanje i nauku ne ula\u017ee ni 1,5 posto svog GDP-a, dok je prije rata to iznosilo 3,5 posto. Susjedi su zadr\u017eali taj procent, a EU ula\u017ee od 5 do 9 posto&#8221;, rekao je Had\u017ei\u0107, a njegov kolega iz Sindikata osnovnog obrazovanja i odgoja Selvedin \u0160atorovi\u0107 skrenuo je pa\u017enju na prosje\u010dne plate u\u010ditelja.<\/p>\n<p>&#8220;Prosje\u010dna plata u prosvjeti je ispod prosje\u010dne plate cijele FBiH, a ako znamo da su 80 posto prosvjetnih radnika visokoobrazovani ljudi, onda shvatate da imamo veliki problem. I pored toga sindikat je uklju\u010den u rad sa ministrima \u0161to je rezultiralo projektima kao \u0161to su jedinstveni pedago\u0161ki standardi koji \u0107e regulisati minimum prava i obaveza svake \u0161kolske ustanove, a koji \u0107e biti objavljeni do kraja godine&#8221;, rekao je \u0160atorovi\u0107.<\/p>\n<p class=\"jetpack-slideshow-noscript robots-nocontent\">This slideshow requires JavaScript.<\/p><div id=\"gallery-348-1-slideshow\" class=\"jetpack-slideshow-window jetpack-slideshow jetpack-slideshow-black\" data-trans=\"fade\" data-autostart=\"1\" data-gallery=\"[{&quot;src&quot;:&quot;https:\\\/\\\/www.ssvoonkbih.ba\\\/wp-content\\\/uploads\\\/2014\\\/10\\\/141003066.3_xl.jpg&quot;,&quot;id&quot;:&quot;387&quot;,&quot;title&quot;:&quot;141003066.3_xl&quot;,&quot;alt&quot;:&quot;&quot;,&quot;caption&quot;:&quot;Dan nastavnika 2014 3&quot;,&quot;itemprop&quot;:&quot;image&quot;},{&quot;src&quot;:&quot;https:\\\/\\\/www.ssvoonkbih.ba\\\/wp-content\\\/uploads\\\/2014\\\/10\\\/141003066.1_xl.jpg&quot;,&quot;id&quot;:&quot;378&quot;,&quot;title&quot;:&quot;141003066.1_xl&quot;,&quot;alt&quot;:&quot;&quot;,&quot;caption&quot;:&quot;Dan nastavnika 2014 1&quot;,&quot;itemprop&quot;:&quot;image&quot;},{&quot;src&quot;:&quot;https:\\\/\\\/www.ssvoonkbih.ba\\\/wp-content\\\/uploads\\\/2014\\\/10\\\/141003066.8_xl.jpg&quot;,&quot;id&quot;:&quot;392&quot;,&quot;title&quot;:&quot;141003066.8_xl&quot;,&quot;alt&quot;:&quot;&quot;,&quot;caption&quot;:&quot;Dan nastavnika 2014 8&quot;,&quot;itemprop&quot;:&quot;image&quot;},{&quot;src&quot;:&quot;https:\\\/\\\/www.ssvoonkbih.ba\\\/wp-content\\\/uploads\\\/2014\\\/10\\\/141003066.7_xl.jpg&quot;,&quot;id&quot;:&quot;391&quot;,&quot;title&quot;:&quot;141003066.7_xl&quot;,&quot;alt&quot;:&quot;&quot;,&quot;caption&quot;:&quot;Dan nastavnika 2014 7&quot;,&quot;itemprop&quot;:&quot;image&quot;},{&quot;src&quot;:&quot;https:\\\/\\\/www.ssvoonkbih.ba\\\/wp-content\\\/uploads\\\/2014\\\/10\\\/141003066.4_xl.jpg&quot;,&quot;id&quot;:&quot;388&quot;,&quot;title&quot;:&quot;141003066.4_xl&quot;,&quot;alt&quot;:&quot;&quot;,&quot;caption&quot;:&quot;Dan nastavnika 2014 4&quot;,&quot;itemprop&quot;:&quot;image&quot;},{&quot;src&quot;:&quot;https:\\\/\\\/www.ssvoonkbih.ba\\\/wp-content\\\/uploads\\\/2014\\\/10\\\/141003066.5_xl.jpg&quot;,&quot;id&quot;:&quot;389&quot;,&quot;title&quot;:&quot;141003066.5_xl&quot;,&quot;alt&quot;:&quot;&quot;,&quot;caption&quot;:&quot;Dan nastavnika 2014 5&quot;,&quot;itemprop&quot;:&quot;image&quot;},{&quot;src&quot;:&quot;https:\\\/\\\/www.ssvoonkbih.ba\\\/wp-content\\\/uploads\\\/2014\\\/10\\\/141003066.2_xl.jpg&quot;,&quot;id&quot;:&quot;386&quot;,&quot;title&quot;:&quot;141003066.2_xl&quot;,&quot;alt&quot;:&quot;&quot;,&quot;caption&quot;:&quot;Dan nastavnika 2014 2&quot;,&quot;itemprop&quot;:&quot;image&quot;},{&quot;src&quot;:&quot;https:\\\/\\\/www.ssvoonkbih.ba\\\/wp-content\\\/uploads\\\/2014\\\/10\\\/141003066.6_xl.jpg&quot;,&quot;id&quot;:&quot;390&quot;,&quot;title&quot;:&quot;141003066.6_xl&quot;,&quot;alt&quot;:&quot;&quot;,&quot;caption&quot;:&quot;Dan nastavnika 2014 6&quot;,&quot;itemprop&quot;:&quot;image&quot;}]\" itemscope itemtype=\"https:\/\/schema.org\/ImageGallery\"><\/div>\n<p>Preuzeto sa\u00a0<a href=\"https:\/\/www.klix.ba\/\" target=\"_blank\" rel=\"noopener noreferrer\">klix.ba<\/a><\/p>\n","protected":false},"excerpt":{"rendered":"<p>U sali Parlamenta Federacije Bosne i Hercegovine u Sarajevu danas je odr\u017eana sve\u010dana sjednica povodom obilje\u017eavanja 5. oktobra, Dana u\u010ditelja i nastavnika, gdje su pored skretanja pa\u017enje na probleme uru\u010dena i priznanja za istaknuti&#46;&#46;&#46;<\/p>\n","protected":false},"author":1,"featured_media":349,"comment_status":"closed","ping_status":"closed","sticky":false,"template":"","format":"standard","meta":{"jetpack_post_was_ever_published":false,"_jetpack_newsletter_access":"","_jetpack_dont_email_post_to_subs":false,"_jetpack_newsletter_tier_id":0,"_jetpack_memberships_contains_paywalled_content":false,"_jetpack_memberships_contains_paid_content":false,"footnotes":"","jetpack_publicize_message":"","jetpack_publicize_feature_enabled":true,"jetpack_social_post_already_shared":true,"jetpack_social_options":{"image_generator_settings":{"template":"highway","default_image_id":0,"font":"","enabled":false},"version":2}},"categories":[1,18],"tags":[23,45],"class_list":["post-348","post","type-post","status-publish","format-standard","has-post-thumbnail","hentry","category-aktualnosti","category-dogadjaji","tag-dan-nastavnika","tag-dan-ucitelja"],"jetpack_publicize_connections":[],"jetpack_featured_media_url":"https:\/\/www.ssvoonkbih.ba\/wp-content\/uploads\/2019\/04\/dan-nastavnika.jpg","jetpack_sharing_enabled":true,"jetpack_shortlink":"https:\/\/wp.me\/paRAHh-5C","_links":{"self":[{"href":"https:\/\/www.ssvoonkbih.ba\/index.php?rest_route=\/wp\/v2\/posts\/348","targetHints":{"allow":["GET"]}}],"collection":[{"href":"https:\/\/www.ssvoonkbih.ba\/index.php?rest_route=\/wp\/v2\/posts"}],"about":[{"href":"https:\/\/www.ssvoonkbih.ba\/index.php?rest_route=\/wp\/v2\/types\/post"}],"author":[{"embeddable":true,"href":"https:\/\/www.ssvoonkbih.ba\/index.php?rest_route=\/wp\/v2\/users\/1"}],"replies":[{"embeddable":true,"href":"https:\/\/www.ssvoonkbih.ba\/index.php?rest_route=%2Fwp%2Fv2%2Fcomments&post=348"}],"version-history":[{"count":9,"href":"https:\/\/www.ssvoonkbih.ba\/index.php?rest_route=\/wp\/v2\/posts\/348\/revisions"}],"predecessor-version":[{"id":393,"href":"https:\/\/www.ssvoonkbih.ba\/index.php?rest_route=\/wp\/v2\/posts\/348\/revisions\/393"}],"wp:featuredmedia":[{"embeddable":true,"href":"https:\/\/www.ssvoonkbih.ba\/index.php?rest_route=\/wp\/v2\/media\/349"}],"wp:attachment":[{"href":"https:\/\/www.ssvoonkbih.ba\/index.php?rest_route=%2Fwp%2Fv2%2Fmedia&parent=348"}],"wp:term":[{"taxonomy":"category","embeddable":true,"href":"https:\/\/www.ssvoonkbih.ba\/index.php?rest_route=%2Fwp%2Fv2%2Fcategories&post=348"},{"taxonomy":"post_tag","embeddable":true,"href":"https:\/\/www.ssvoonkbih.ba\/index.php?rest_route=%2Fwp%2Fv2%2Ftags&post=348"}],"curies":[{"name":"wp","href":"https:\/\/api.w.org\/{rel}","templated":true}]}}