{"id":441,"date":"2015-07-01T11:31:50","date_gmt":"2015-07-01T11:31:50","guid":{"rendered":"https:\/\/www.ssvoonkbih.ba\/?p=441"},"modified":"2019-04-12T13:39:37","modified_gmt":"2019-04-12T13:39:37","slug":"nastavlja-se-pritisak-vlade-federacije-bih-i-svjetskih-mocnika-za-donosenje-robovlasnickog-zakona-o-radu","status":"publish","type":"post","link":"https:\/\/www.ssvoonkbih.ba\/?p=441","title":{"rendered":"Nastavlja se pritisak Vlade federacije BiH i svjetskih mo\u0107nika za dono\u0161enje robovlasni\u010dkog Zakona o radu!"},"content":{"rendered":"<p><a href=\"https:\/\/www.ssvoonkbih.ba\/wp-content\/uploads\/2019\/04\/Zakon-o-radu.jpg\"><img loading=\"lazy\" decoding=\"async\" class=\"alignleft size-medium wp-image-442\" src=\"https:\/\/www.ssvoonkbih.ba\/wp-content\/uploads\/2019\/04\/Zakon-o-radu-300x144.jpg\" alt=\"\" width=\"300\" height=\"144\" srcset=\"https:\/\/www.ssvoonkbih.ba\/wp-content\/uploads\/2019\/04\/Zakon-o-radu-300x144.jpg 300w, https:\/\/www.ssvoonkbih.ba\/wp-content\/uploads\/2019\/04\/Zakon-o-radu.jpg 700w\" sizes=\"auto, (max-width: 300px) 100vw, 300px\" \/><\/a>Savez samostalnih sindikata BiH i Federalno ministarstvo za rad i socijalnu politiku dostavilo tekst Zakona o radu sa napomenom da \u0107e to biti osnov za raspravu na sjednici ESVFBiH zakazanoj za 01.07.2015.<\/p>\n<p>Dokumenti:<\/p>\n<p>[google-drive-embed url=&#8221;https:\/\/drive.google.com\/file\/d\/1x0UU-i9UZu1Y6NmxzT71D4qZ9NTaNwuB\/view?usp=drivesdk&#8221; title=&#8221;Udruzenje poslodavaca juni 2015.pdf&#8221; icon=&#8221;https:\/\/drive-thirdparty.googleusercontent.com\/16\/type\/application\/pdf&#8221; newwindow=&#8221;yes&#8221; style=&#8221;normal&#8221;]<\/p>\n<p>[google-drive-embed url=&#8221;https:\/\/drive.google.com\/file\/d\/1MLxI1Wmi2j1M1qBQ5DhIX23IDlSSjHqw\/view?usp=drivesdk&#8221; title=&#8221;Dopis ZOR juni 2015.pdf&#8221; icon=&#8221;https:\/\/drive-thirdparty.googleusercontent.com\/16\/type\/application\/pdf&#8221; newwindow=&#8221;yes&#8221; style=&#8221;normal&#8221;]<\/p>\n<p>[google-drive-embed url=&#8221;https:\/\/drive.google.com\/file\/d\/18Q8w7RUXfxEt944VFd_dU_IocL8sQv2r\/view?usp=drivesdk&#8221; title=&#8221;SVJETSKA_BANKA-ZAKON_O_RADU JUNI 2015.pdf&#8221; icon=&#8221;https:\/\/drive-thirdparty.googleusercontent.com\/16\/type\/application\/pdf&#8221; newwindow=&#8221;yes&#8221; style=&#8221;normal&#8221;]<\/p>\n","protected":false},"excerpt":{"rendered":"<p>Savez samostalnih sindikata BiH i Federalno ministarstvo za rad i socijalnu politiku dostavilo tekst Zakona o radu sa napomenom da \u0107e to biti osnov za raspravu na sjednici ESVFBiH zakazanoj za 01.07.2015. Dokumenti: [google-drive-embed&#46;&#46;&#46;<\/p>\n","protected":false},"author":1,"featured_media":442,"comment_status":"closed","ping_status":"closed","sticky":false,"template":"","format":"standard","meta":{"jetpack_post_was_ever_published":false,"_jetpack_newsletter_access":"","_jetpack_dont_email_post_to_subs":false,"_jetpack_newsletter_tier_id":0,"_jetpack_memberships_contains_paywalled_content":false,"_jetpack_memberships_contains_paid_content":false,"footnotes":"","jetpack_publicize_message":"","jetpack_publicize_feature_enabled":true,"jetpack_social_post_already_shared":true,"jetpack_social_options":{"image_generator_settings":{"template":"highway","default_image_id":0,"font":"","enabled":false},"version":2}},"categories":[1,25,30],"tags":[62,61],"class_list":["post-441","post","type-post","status-publish","format-standard","has-post-thumbnail","hentry","category-aktualnosti","category-informacije","category-saopcenje","tag-zakon-o-radu","tag-zor"],"jetpack_publicize_connections":[],"jetpack_featured_media_url":"https:\/\/www.ssvoonkbih.ba\/wp-content\/uploads\/2019\/04\/Zakon-o-radu.jpg","jetpack_sharing_enabled":true,"jetpack_shortlink":"https:\/\/wp.me\/paRAHh-77","_links":{"self":[{"href":"https:\/\/www.ssvoonkbih.ba\/index.php?rest_route=\/wp\/v2\/posts\/441","targetHints":{"allow":["GET"]}}],"collection":[{"href":"https:\/\/www.ssvoonkbih.ba\/index.php?rest_route=\/wp\/v2\/posts"}],"about":[{"href":"https:\/\/www.ssvoonkbih.ba\/index.php?rest_route=\/wp\/v2\/types\/post"}],"author":[{"embeddable":true,"href":"https:\/\/www.ssvoonkbih.ba\/index.php?rest_route=\/wp\/v2\/users\/1"}],"replies":[{"embeddable":true,"href":"https:\/\/www.ssvoonkbih.ba\/index.php?rest_route=%2Fwp%2Fv2%2Fcomments&post=441"}],"version-history":[{"count":2,"href":"https:\/\/www.ssvoonkbih.ba\/index.php?rest_route=\/wp\/v2\/posts\/441\/revisions"}],"predecessor-version":[{"id":444,"href":"https:\/\/www.ssvoonkbih.ba\/index.php?rest_route=\/wp\/v2\/posts\/441\/revisions\/444"}],"wp:featuredmedia":[{"embeddable":true,"href":"https:\/\/www.ssvoonkbih.ba\/index.php?rest_route=\/wp\/v2\/media\/442"}],"wp:attachment":[{"href":"https:\/\/www.ssvoonkbih.ba\/index.php?rest_route=%2Fwp%2Fv2%2Fmedia&parent=441"}],"wp:term":[{"taxonomy":"category","embeddable":true,"href":"https:\/\/www.ssvoonkbih.ba\/index.php?rest_route=%2Fwp%2Fv2%2Fcategories&post=441"},{"taxonomy":"post_tag","embeddable":true,"href":"https:\/\/www.ssvoonkbih.ba\/index.php?rest_route=%2Fwp%2Fv2%2Ftags&post=441"}],"curies":[{"name":"wp","href":"https:\/\/api.w.org\/{rel}","templated":true}]}}