{"id":465,"date":"2016-02-11T08:25:00","date_gmt":"2016-02-11T08:25:00","guid":{"rendered":"https:\/\/www.ssvoonkbih.ba\/?p=465"},"modified":"2019-04-14T08:38:31","modified_gmt":"2019-04-14T08:38:31","slug":"opci-kolektivni-ugovor-za-teritoriju-fbih","status":"publish","type":"post","link":"https:\/\/www.ssvoonkbih.ba\/?p=465","title":{"rendered":"Op\u0107i kolektivni ugovor za teritoriju FBiH"},"content":{"rendered":"<p>Savez samostalnih sindikata Bosne i Hercegovine i Udru\u017eenja poslodavaca FBiH, dana 10.02.2016. godine u zgradi Vlade Federacije BiH potpisali su Op\u0107i kolektivni ugovor za teritoriju FBiH.<\/p>\n<p>Tekst Op\u0107eg kolektivnog ugovora za teritoriju FBiH koji je potpisan u ime Saveza samostalnih sindikata Bosne i Hercegovine i Udru\u017eenja poslodavaca FBiH a Vlada FBiH se obavezala da \u0107e njegovo dejstvo pro\u0161irit na sve radnike u Federaciji BiH mo\u017eete preuzeti ispod.<\/p>\n<p>Op\u0107i kolektivni ugovor za FBiH: [google-drive-embed url=&#8221;https:\/\/drive.google.com\/file\/d\/1Eq0k7eAFpTOcjxwWESArakTDS3QQaWaJ\/view?usp=drivesdk&#8221; title=&#8221;Opci_kolektivni_ugovor-10.2.2016.pdf&#8221; icon=&#8221;https:\/\/drive-thirdparty.googleusercontent.com\/16\/type\/application\/pdf&#8221; newwindow=&#8221;yes&#8221; style=&#8221;normal&#8221;]<\/p>\n","protected":false},"excerpt":{"rendered":"<p>Savez samostalnih sindikata Bosne i Hercegovine i Udru\u017eenja poslodavaca FBiH, dana 10.02.2016. godine u zgradi Vlade Federacije BiH potpisali su Op\u0107i kolektivni ugovor za teritoriju FBiH. Tekst Op\u0107eg kolektivnog ugovora za teritoriju FBiH koji&#46;&#46;&#46;<\/p>\n","protected":false},"author":1,"featured_media":466,"comment_status":"closed","ping_status":"closed","sticky":false,"template":"","format":"standard","meta":{"jetpack_post_was_ever_published":false,"_jetpack_newsletter_access":"","_jetpack_dont_email_post_to_subs":false,"_jetpack_newsletter_tier_id":0,"_jetpack_memberships_contains_paywalled_content":false,"_jetpack_memberships_contains_paid_content":false,"footnotes":"","jetpack_publicize_message":"","jetpack_publicize_feature_enabled":true,"jetpack_social_post_already_shared":true,"jetpack_social_options":{"image_generator_settings":{"template":"highway","default_image_id":0,"font":"","enabled":false},"version":2}},"categories":[1,18,25],"tags":[69],"class_list":["post-465","post","type-post","status-publish","format-standard","has-post-thumbnail","hentry","category-aktualnosti","category-dogadjaji","category-informacije","tag-opci-kolektivni-ugovor"],"jetpack_publicize_connections":[],"jetpack_featured_media_url":"https:\/\/www.ssvoonkbih.ba\/wp-content\/uploads\/2019\/04\/kolektivni-ugovor.jpg","jetpack_sharing_enabled":true,"jetpack_shortlink":"https:\/\/wp.me\/paRAHh-7v","_links":{"self":[{"href":"https:\/\/www.ssvoonkbih.ba\/index.php?rest_route=\/wp\/v2\/posts\/465","targetHints":{"allow":["GET"]}}],"collection":[{"href":"https:\/\/www.ssvoonkbih.ba\/index.php?rest_route=\/wp\/v2\/posts"}],"about":[{"href":"https:\/\/www.ssvoonkbih.ba\/index.php?rest_route=\/wp\/v2\/types\/post"}],"author":[{"embeddable":true,"href":"https:\/\/www.ssvoonkbih.ba\/index.php?rest_route=\/wp\/v2\/users\/1"}],"replies":[{"embeddable":true,"href":"https:\/\/www.ssvoonkbih.ba\/index.php?rest_route=%2Fwp%2Fv2%2Fcomments&post=465"}],"version-history":[{"count":1,"href":"https:\/\/www.ssvoonkbih.ba\/index.php?rest_route=\/wp\/v2\/posts\/465\/revisions"}],"predecessor-version":[{"id":467,"href":"https:\/\/www.ssvoonkbih.ba\/index.php?rest_route=\/wp\/v2\/posts\/465\/revisions\/467"}],"wp:featuredmedia":[{"embeddable":true,"href":"https:\/\/www.ssvoonkbih.ba\/index.php?rest_route=\/wp\/v2\/media\/466"}],"wp:attachment":[{"href":"https:\/\/www.ssvoonkbih.ba\/index.php?rest_route=%2Fwp%2Fv2%2Fmedia&parent=465"}],"wp:term":[{"taxonomy":"category","embeddable":true,"href":"https:\/\/www.ssvoonkbih.ba\/index.php?rest_route=%2Fwp%2Fv2%2Fcategories&post=465"},{"taxonomy":"post_tag","embeddable":true,"href":"https:\/\/www.ssvoonkbih.ba\/index.php?rest_route=%2Fwp%2Fv2%2Ftags&post=465"}],"curies":[{"name":"wp","href":"https:\/\/api.w.org\/{rel}","templated":true}]}}