{"id":478,"date":"2016-03-26T09:06:04","date_gmt":"2016-03-26T09:06:04","guid":{"rendered":"https:\/\/www.ssvoonkbih.ba\/?p=478"},"modified":"2019-04-14T09:09:34","modified_gmt":"2019-04-14T09:09:34","slug":"cestitka-u-povodu-svjetskog-dana-pozorista-27-marta","status":"publish","type":"post","link":"https:\/\/www.ssvoonkbih.ba\/?p=478","title":{"rendered":"\u010cestitka u povodu Svjetskog dana pozori\u0161ta 27. marta"},"content":{"rendered":"<p>Svim pozori\u0161nim radnicima, a posebno \u010dlanovima Sindikata iskrene \u010destitke u povodu Svjetskog dana pozori\u0161ta.<br \/>\nOvom prigodom pozori\u0161nim radnicima upu\u0107ujem zahvalu za veliki doprinos u o\u010duvanju vrijednosti ljudskog bitisanja i doprinosa za kulturni opstanak i napredak bosanskohercegova\u010dkog dru\u0161tva.<\/p>\n<p>Predsjednik SSVOONK BiH<br \/>\n\u0110evad Had\u017ei\u0107<\/p>\n<ul>\n<li>\u010cestitka u povodu Svjetskog dana pozori\u0161ta: [google-drive-embed url=&#8221;https:\/\/drive.google.com\/file\/d\/1fOk3Tnt_fkNNPoh05qiMRg0F0AvpA6_N\/view?usp=drivesdk&#8221; title=&#8221;Poruka_za_Svjetski_dan_pozorista_27._mart.pdf&#8221; icon=&#8221;https:\/\/drive-thirdparty.googleusercontent.com\/16\/type\/application\/pdf&#8221; newwindow=&#8221;yes&#8221; style=&#8221;normal&#8221;]<\/li>\n<\/ul>\n","protected":false},"excerpt":{"rendered":"<p>Svim pozori\u0161nim radnicima, a posebno \u010dlanovima Sindikata iskrene \u010destitke u povodu Svjetskog dana pozori\u0161ta. Ovom prigodom pozori\u0161nim radnicima upu\u0107ujem zahvalu za veliki doprinos u o\u010duvanju vrijednosti ljudskog bitisanja i doprinosa za kulturni opstanak i&#46;&#46;&#46;<\/p>\n","protected":false},"author":1,"featured_media":479,"comment_status":"closed","ping_status":"closed","sticky":false,"template":"","format":"standard","meta":{"jetpack_post_was_ever_published":false,"_jetpack_newsletter_access":"","_jetpack_dont_email_post_to_subs":false,"_jetpack_newsletter_tier_id":0,"_jetpack_memberships_contains_paywalled_content":false,"_jetpack_memberships_contains_paid_content":false,"footnotes":"","jetpack_publicize_message":"","jetpack_publicize_feature_enabled":true,"jetpack_social_post_already_shared":true,"jetpack_social_options":{"image_generator_settings":{"template":"highway","default_image_id":0,"font":"","enabled":false},"version":2}},"categories":[1,24],"tags":[71],"class_list":["post-478","post","type-post","status-publish","format-standard","has-post-thumbnail","hentry","category-aktualnosti","category-cestitke","tag-svjetski-dan-pozorista"],"jetpack_publicize_connections":[],"jetpack_featured_media_url":"https:\/\/www.ssvoonkbih.ba\/wp-content\/uploads\/2019\/04\/dan-pozorista-27-mart.jpg","jetpack_sharing_enabled":true,"jetpack_shortlink":"https:\/\/wp.me\/paRAHh-7I","_links":{"self":[{"href":"https:\/\/www.ssvoonkbih.ba\/index.php?rest_route=\/wp\/v2\/posts\/478","targetHints":{"allow":["GET"]}}],"collection":[{"href":"https:\/\/www.ssvoonkbih.ba\/index.php?rest_route=\/wp\/v2\/posts"}],"about":[{"href":"https:\/\/www.ssvoonkbih.ba\/index.php?rest_route=\/wp\/v2\/types\/post"}],"author":[{"embeddable":true,"href":"https:\/\/www.ssvoonkbih.ba\/index.php?rest_route=\/wp\/v2\/users\/1"}],"replies":[{"embeddable":true,"href":"https:\/\/www.ssvoonkbih.ba\/index.php?rest_route=%2Fwp%2Fv2%2Fcomments&post=478"}],"version-history":[{"count":1,"href":"https:\/\/www.ssvoonkbih.ba\/index.php?rest_route=\/wp\/v2\/posts\/478\/revisions"}],"predecessor-version":[{"id":480,"href":"https:\/\/www.ssvoonkbih.ba\/index.php?rest_route=\/wp\/v2\/posts\/478\/revisions\/480"}],"wp:featuredmedia":[{"embeddable":true,"href":"https:\/\/www.ssvoonkbih.ba\/index.php?rest_route=\/wp\/v2\/media\/479"}],"wp:attachment":[{"href":"https:\/\/www.ssvoonkbih.ba\/index.php?rest_route=%2Fwp%2Fv2%2Fmedia&parent=478"}],"wp:term":[{"taxonomy":"category","embeddable":true,"href":"https:\/\/www.ssvoonkbih.ba\/index.php?rest_route=%2Fwp%2Fv2%2Fcategories&post=478"},{"taxonomy":"post_tag","embeddable":true,"href":"https:\/\/www.ssvoonkbih.ba\/index.php?rest_route=%2Fwp%2Fv2%2Ftags&post=478"}],"curies":[{"name":"wp","href":"https:\/\/api.w.org\/{rel}","templated":true}]}}