{"id":486,"date":"2016-05-01T16:35:33","date_gmt":"2016-05-01T16:35:33","guid":{"rendered":"https:\/\/www.ssvoonkbih.ba\/?p=486"},"modified":"2019-04-14T09:38:24","modified_gmt":"2019-04-14T09:38:24","slug":"sss-bih-obiljezio-1-maj","status":"publish","type":"post","link":"https:\/\/www.ssvoonkbih.ba\/?p=486","title":{"rendered":"SSS BiH obilje\u017eio 1. maj"},"content":{"rendered":"<p><a href=\"https:\/\/www.ssvoonkbih.ba\/wp-content\/uploads\/2019\/04\/Obiljezavanje_Prvog_maja_u_Zenici-2016.jpg\"><img loading=\"lazy\" decoding=\"async\" class=\"alignleft size-medium wp-image-487\" src=\"https:\/\/www.ssvoonkbih.ba\/wp-content\/uploads\/2019\/04\/Obiljezavanje_Prvog_maja_u_Zenici-2016-300x150.jpg\" alt=\"\" width=\"300\" height=\"150\" srcset=\"https:\/\/www.ssvoonkbih.ba\/wp-content\/uploads\/2019\/04\/Obiljezavanje_Prvog_maja_u_Zenici-2016-300x150.jpg 300w, https:\/\/www.ssvoonkbih.ba\/wp-content\/uploads\/2019\/04\/Obiljezavanje_Prvog_maja_u_Zenici-2016.jpg 660w\" sizes=\"auto, (max-width: 300px) 100vw, 300px\" \/><\/a>SSS BiH obilje\u017eio 1. maj u Zenici kao Centralnu BH manifestaciju povodom Me\u0111unarodnog praznika rada.<\/p>\n<p>U prilogu mo\u017eete po\u010ditati vijest iz magazina Na\u0161a rije\u010d, a na portalu Zenica Blog mo\u017eete pregledati fotografije sa manifestacije.<\/p>\n<ul>\n<li>Prvi maj u radni\u010dkom gradu &#8211; [google-drive-embed url=&#8221;https:\/\/drive.google.com\/file\/d\/1KrBA9gD1auns3uwO4yjr4gPkVzTqZ7Ga\/view?usp=drivesdk&#8221; title=&#8221;Obiljezavanje_Prvog_maja_u_Zenici.pdf&#8221; icon=&#8221;https:\/\/drive-thirdparty.googleusercontent.com\/16\/type\/application\/pdf&#8221; newwindow=&#8221;yes&#8221; style=&#8221;normal&#8221;]<\/li>\n<li>Prvi maj uz kafu, grah, govore: <a href=\"https:\/\/www.zenicablog.com\/foto-prvi-maj-uz-grah-kafu-govore\/#prettyPhoto\" target=\"_blank\" rel=\"noopener noreferrer\">Zenica Blog: PHOTO<\/a><\/li>\n<\/ul>\n","protected":false},"excerpt":{"rendered":"<p>SSS BiH obilje\u017eio 1. maj u Zenici kao Centralnu BH manifestaciju povodom Me\u0111unarodnog praznika rada. U prilogu mo\u017eete po\u010ditati vijest iz magazina Na\u0161a rije\u010d, a na portalu Zenica Blog mo\u017eete pregledati fotografije sa manifestacije.&#46;&#46;&#46;<\/p>\n","protected":false},"author":1,"featured_media":487,"comment_status":"closed","ping_status":"closed","sticky":false,"template":"","format":"standard","meta":{"jetpack_post_was_ever_published":false,"_jetpack_newsletter_access":"","_jetpack_dont_email_post_to_subs":false,"_jetpack_newsletter_tier_id":0,"_jetpack_memberships_contains_paywalled_content":false,"_jetpack_memberships_contains_paid_content":false,"footnotes":"","jetpack_publicize_message":"","jetpack_publicize_feature_enabled":true,"jetpack_social_post_already_shared":true,"jetpack_social_options":{"image_generator_settings":{"template":"highway","default_image_id":0,"font":"","enabled":false},"version":2}},"categories":[1,18],"tags":[73,74,75],"class_list":["post-486","post","type-post","status-publish","format-standard","has-post-thumbnail","hentry","category-aktualnosti","category-dogadjaji","tag-01-maj","tag-praznik-rada","tag-prvi-maj"],"jetpack_publicize_connections":[],"jetpack_featured_media_url":"https:\/\/www.ssvoonkbih.ba\/wp-content\/uploads\/2019\/04\/Obiljezavanje_Prvog_maja_u_Zenici-2016.jpg","jetpack_sharing_enabled":true,"jetpack_shortlink":"https:\/\/wp.me\/paRAHh-7Q","_links":{"self":[{"href":"https:\/\/www.ssvoonkbih.ba\/index.php?rest_route=\/wp\/v2\/posts\/486","targetHints":{"allow":["GET"]}}],"collection":[{"href":"https:\/\/www.ssvoonkbih.ba\/index.php?rest_route=\/wp\/v2\/posts"}],"about":[{"href":"https:\/\/www.ssvoonkbih.ba\/index.php?rest_route=\/wp\/v2\/types\/post"}],"author":[{"embeddable":true,"href":"https:\/\/www.ssvoonkbih.ba\/index.php?rest_route=\/wp\/v2\/users\/1"}],"replies":[{"embeddable":true,"href":"https:\/\/www.ssvoonkbih.ba\/index.php?rest_route=%2Fwp%2Fv2%2Fcomments&post=486"}],"version-history":[{"count":2,"href":"https:\/\/www.ssvoonkbih.ba\/index.php?rest_route=\/wp\/v2\/posts\/486\/revisions"}],"predecessor-version":[{"id":489,"href":"https:\/\/www.ssvoonkbih.ba\/index.php?rest_route=\/wp\/v2\/posts\/486\/revisions\/489"}],"wp:featuredmedia":[{"embeddable":true,"href":"https:\/\/www.ssvoonkbih.ba\/index.php?rest_route=\/wp\/v2\/media\/487"}],"wp:attachment":[{"href":"https:\/\/www.ssvoonkbih.ba\/index.php?rest_route=%2Fwp%2Fv2%2Fmedia&parent=486"}],"wp:term":[{"taxonomy":"category","embeddable":true,"href":"https:\/\/www.ssvoonkbih.ba\/index.php?rest_route=%2Fwp%2Fv2%2Fcategories&post=486"},{"taxonomy":"post_tag","embeddable":true,"href":"https:\/\/www.ssvoonkbih.ba\/index.php?rest_route=%2Fwp%2Fv2%2Ftags&post=486"}],"curies":[{"name":"wp","href":"https:\/\/api.w.org\/{rel}","templated":true}]}}