{"id":517,"date":"2016-09-30T13:16:20","date_gmt":"2016-09-30T13:16:20","guid":{"rendered":"https:\/\/www.ssvoonkbih.ba\/?p=517"},"modified":"2019-04-15T07:16:49","modified_gmt":"2019-04-15T07:16:49","slug":"uskladeni-tekst-kolektivnog-ugovora-za-djelatnost-srednjeg-obrazovanja-u-fbih","status":"publish","type":"post","link":"https:\/\/www.ssvoonkbih.ba\/?p=517","title":{"rendered":"Uskla\u0111eni tekst Kolektivnog ugovora za djelatnost srednjeg obrazovanja u FBiH"},"content":{"rendered":"<p>Dana, 23.09. 2016. godine u zgradi Vlade FBiH odr\u017ean je deveti sastanak pregovara\u010dkih timova vlada i sindikata na kojem su vo\u0111eni pregovori za uskla\u0111ivanje Kolektivnog ugovora za djelatnost srednjeg obrazovanja u FBiH sa Zakonom o radu FBiH. Ishod pregovora mo\u017eete vidjeti iz prilo\u017eenih dokumenata.<\/p>\n<p>Nastavak pregovora na federalnom nivo zavisi od Vlade Federacije BiH od koje sindikat zahtjeva da bude supotpisnik kolektivnog ugovora i garant istih prava za sve zaposlene u srednjem obrazovanju u Federaciji BiH.<\/p>\n<p>Predsjednik<\/p>\n<p>\u0110evad Had\u017ei\u0107<\/p>\n<p>U prilogu preuzmite pre\u010di\u0161\u0107eni tekst Kolektivnog ugovora i pismo premijera Vlade FBiH.<\/p>\n<ul>\n<li>Pre\u010di\u0161\u0107eni tekst Kolektivnog ugovora: [google-drive-embed url=&#8221;https:\/\/drive.google.com\/file\/d\/18alqZLfSIG-kLXMCmlq1bO_ZTF-w25Z8\/view?usp=drivesdk&#8221; title=&#8221;Precisceni_tekst-obrazovanje_29092016.pdf&#8221; icon=&#8221;https:\/\/drive-thirdparty.googleusercontent.com\/16\/type\/application\/pdf&#8221; newwindow=&#8221;yes&#8221; style=&#8221;normal&#8221;]<\/li>\n<li>Pismo premijera Vlade FBiH: [google-drive-embed url=&#8221;https:\/\/drive.google.com\/file\/d\/1F91HJMsx-erVGfy8iHfWaGJW9d8wjAuG\/view?usp=drivesdk&#8221; title=&#8221;Premijer_30.09.2016.pdf&#8221; icon=&#8221;https:\/\/drive-thirdparty.googleusercontent.com\/16\/type\/application\/pdf&#8221; newwindow=&#8221;yes&#8221; style=&#8221;normal&#8221;]<\/li>\n<\/ul>\n","protected":false},"excerpt":{"rendered":"<p>Dana, 23.09. 2016. godine u zgradi Vlade FBiH odr\u017ean je deveti sastanak pregovara\u010dkih timova vlada i sindikata na kojem su vo\u0111eni pregovori za uskla\u0111ivanje Kolektivnog ugovora za djelatnost srednjeg obrazovanja u FBiH sa Zakonom&#46;&#46;&#46;<\/p>\n","protected":false},"author":1,"featured_media":255,"comment_status":"closed","ping_status":"closed","sticky":false,"template":"","format":"standard","meta":{"jetpack_post_was_ever_published":false,"_jetpack_newsletter_access":"","_jetpack_dont_email_post_to_subs":false,"_jetpack_newsletter_tier_id":0,"_jetpack_memberships_contains_paywalled_content":false,"_jetpack_memberships_contains_paid_content":false,"footnotes":"","jetpack_publicize_message":"","jetpack_publicize_feature_enabled":true,"jetpack_social_post_already_shared":true,"jetpack_social_options":{"image_generator_settings":{"template":"highway","default_image_id":0,"font":"","enabled":false},"version":2}},"categories":[1,18,25,30],"tags":[16],"class_list":["post-517","post","type-post","status-publish","format-standard","has-post-thumbnail","hentry","category-aktualnosti","category-dogadjaji","category-informacije","category-saopcenje","tag-kolektivni-ugovor"],"jetpack_publicize_connections":[],"jetpack_featured_media_url":"https:\/\/www.ssvoonkbih.ba\/wp-content\/uploads\/2016\/08\/VLADA-FEDERACIJE-690x400.jpg","jetpack_sharing_enabled":true,"jetpack_shortlink":"https:\/\/wp.me\/paRAHh-8l","_links":{"self":[{"href":"https:\/\/www.ssvoonkbih.ba\/index.php?rest_route=\/wp\/v2\/posts\/517","targetHints":{"allow":["GET"]}}],"collection":[{"href":"https:\/\/www.ssvoonkbih.ba\/index.php?rest_route=\/wp\/v2\/posts"}],"about":[{"href":"https:\/\/www.ssvoonkbih.ba\/index.php?rest_route=\/wp\/v2\/types\/post"}],"author":[{"embeddable":true,"href":"https:\/\/www.ssvoonkbih.ba\/index.php?rest_route=\/wp\/v2\/users\/1"}],"replies":[{"embeddable":true,"href":"https:\/\/www.ssvoonkbih.ba\/index.php?rest_route=%2Fwp%2Fv2%2Fcomments&post=517"}],"version-history":[{"count":1,"href":"https:\/\/www.ssvoonkbih.ba\/index.php?rest_route=\/wp\/v2\/posts\/517\/revisions"}],"predecessor-version":[{"id":518,"href":"https:\/\/www.ssvoonkbih.ba\/index.php?rest_route=\/wp\/v2\/posts\/517\/revisions\/518"}],"wp:featuredmedia":[{"embeddable":true,"href":"https:\/\/www.ssvoonkbih.ba\/index.php?rest_route=\/wp\/v2\/media\/255"}],"wp:attachment":[{"href":"https:\/\/www.ssvoonkbih.ba\/index.php?rest_route=%2Fwp%2Fv2%2Fmedia&parent=517"}],"wp:term":[{"taxonomy":"category","embeddable":true,"href":"https:\/\/www.ssvoonkbih.ba\/index.php?rest_route=%2Fwp%2Fv2%2Fcategories&post=517"},{"taxonomy":"post_tag","embeddable":true,"href":"https:\/\/www.ssvoonkbih.ba\/index.php?rest_route=%2Fwp%2Fv2%2Ftags&post=517"}],"curies":[{"name":"wp","href":"https:\/\/api.w.org\/{rel}","templated":true}]}}