{"id":542,"date":"2016-08-26T09:22:05","date_gmt":"2016-08-26T09:22:05","guid":{"rendered":"https:\/\/www.ssvoonkbih.ba\/?p=542"},"modified":"2019-04-23T09:23:25","modified_gmt":"2019-04-23T09:23:25","slug":"zahtjev-vladi-federacije-bih-3","status":"publish","type":"post","link":"https:\/\/www.ssvoonkbih.ba\/?p=542","title":{"rendered":"Zahtjev Vladi Federacije BiH"},"content":{"rendered":"<p>Glavni odbor Sindikata srednjeg i visokog obrazovanja, odgoja, nauke i kulture BiH je na svojoj 8. sjednici, odr\u017eanoj 25. avgusta 2016. godine donio odluku da se tra\u017ei Hitno izja\u0161njenje Vlade Federacije BiH na Zahtjev za osiguranje minimuma istih\/jednakih prava za sve radnike u srednjem obrazovanju na podru\u010dju Federacije BiH.<\/p>\n<p>U prilogu:<\/p>\n<p>Zahtjev za osiguranje minimuma istih\/jednakih prava za sve radnike u srednjem obrazovanju na podru\u010dju Federacije BiH, od 25. avgusta 2016. godine: [google-drive-embed url=&#8221;https:\/\/drive.google.com\/file\/d\/1Xm_rHejNsSl1W4HQHMvHpAKGZJbpbDM1\/view?usp=drivesdk&#8221; title=&#8221;ZahtjevVladiFBiH 26082016.pdf&#8221; icon=&#8221;https:\/\/drive-thirdparty.googleusercontent.com\/16\/type\/application\/pdf&#8221; newwindow=&#8221;yes&#8221; style=&#8221;normal&#8221;]<\/p>\n","protected":false},"excerpt":{"rendered":"<p>Glavni odbor Sindikata srednjeg i visokog obrazovanja, odgoja, nauke i kulture BiH je na svojoj 8. sjednici, odr\u017eanoj 25. avgusta 2016. godine donio odluku da se tra\u017ei Hitno izja\u0161njenje Vlade Federacije BiH na Zahtjev&#46;&#46;&#46;<\/p>\n","protected":false},"author":1,"featured_media":255,"comment_status":"closed","ping_status":"closed","sticky":false,"template":"","format":"standard","meta":{"jetpack_post_was_ever_published":false,"_jetpack_newsletter_access":"","_jetpack_dont_email_post_to_subs":false,"_jetpack_newsletter_tier_id":0,"_jetpack_memberships_contains_paywalled_content":false,"_jetpack_memberships_contains_paid_content":false,"footnotes":"","jetpack_publicize_message":"","jetpack_publicize_feature_enabled":true,"jetpack_social_post_already_shared":true,"jetpack_social_options":{"image_generator_settings":{"template":"highway","default_image_id":0,"font":"","enabled":false},"version":2}},"categories":[1,5],"tags":[82],"class_list":["post-542","post","type-post","status-publish","format-standard","has-post-thumbnail","hentry","category-aktualnosti","category-dopisi","tag-vlada-fbih"],"jetpack_publicize_connections":[],"jetpack_featured_media_url":"https:\/\/www.ssvoonkbih.ba\/wp-content\/uploads\/2016\/08\/VLADA-FEDERACIJE-690x400.jpg","jetpack_sharing_enabled":true,"jetpack_shortlink":"https:\/\/wp.me\/paRAHh-8K","_links":{"self":[{"href":"https:\/\/www.ssvoonkbih.ba\/index.php?rest_route=\/wp\/v2\/posts\/542","targetHints":{"allow":["GET"]}}],"collection":[{"href":"https:\/\/www.ssvoonkbih.ba\/index.php?rest_route=\/wp\/v2\/posts"}],"about":[{"href":"https:\/\/www.ssvoonkbih.ba\/index.php?rest_route=\/wp\/v2\/types\/post"}],"author":[{"embeddable":true,"href":"https:\/\/www.ssvoonkbih.ba\/index.php?rest_route=\/wp\/v2\/users\/1"}],"replies":[{"embeddable":true,"href":"https:\/\/www.ssvoonkbih.ba\/index.php?rest_route=%2Fwp%2Fv2%2Fcomments&post=542"}],"version-history":[{"count":1,"href":"https:\/\/www.ssvoonkbih.ba\/index.php?rest_route=\/wp\/v2\/posts\/542\/revisions"}],"predecessor-version":[{"id":543,"href":"https:\/\/www.ssvoonkbih.ba\/index.php?rest_route=\/wp\/v2\/posts\/542\/revisions\/543"}],"wp:featuredmedia":[{"embeddable":true,"href":"https:\/\/www.ssvoonkbih.ba\/index.php?rest_route=\/wp\/v2\/media\/255"}],"wp:attachment":[{"href":"https:\/\/www.ssvoonkbih.ba\/index.php?rest_route=%2Fwp%2Fv2%2Fmedia&parent=542"}],"wp:term":[{"taxonomy":"category","embeddable":true,"href":"https:\/\/www.ssvoonkbih.ba\/index.php?rest_route=%2Fwp%2Fv2%2Fcategories&post=542"},{"taxonomy":"post_tag","embeddable":true,"href":"https:\/\/www.ssvoonkbih.ba\/index.php?rest_route=%2Fwp%2Fv2%2Ftags&post=542"}],"curies":[{"name":"wp","href":"https:\/\/api.w.org\/{rel}","templated":true}]}}