{"id":544,"date":"2019-04-23T16:42:33","date_gmt":"2019-04-23T16:42:33","guid":{"rendered":"https:\/\/www.ssvoonkbih.ba\/?p=544"},"modified":"2019-04-23T16:42:33","modified_gmt":"2019-04-23T16:42:33","slug":"sindikati-obrazovanja-u-usk-nezadovoljni-i-ponovo-prijete-strajkom","status":"publish","type":"post","link":"https:\/\/www.ssvoonkbih.ba\/?p=544","title":{"rendered":"Sindikati obrazovanja u USK nezadovoljni i ponovo prijete \u0161trajkom"},"content":{"rendered":"<div>U prilogu je \u010dlanak koji smo preuzeli sa portala <a href=\"https:\/\/www.klix.ba\" target=\"_blank\" rel=\"noopener noreferrer\">klix.ba<\/a><\/div>\n<div><\/div>\n<div class=\"uvod uvod-clanka hidden-xs\">Predstavnici sindikata pred\u0161kolskog, osnovnog i srednjeg obrazovanja u Unsko-sanskom kantonu (USK) na dana\u0161njoj su konferenciji za novinare izrazili nezadovoljstvo odnosom i pona\u0161anjem kantonalnog resornog ministarstva i najavili ponovno pokretanje aktivnosti oko organiziranja generalnog \u0161trajka.<\/div>\n<div class=\"tekst clanak_vijesti\">Razlozi su, kako su naveli, ignoriranje sindikata prilikom sastavljanja prijedloga o izmjenama i dopunama zakona o osnovnom i srednjem obrazovanja, te nepo\u0161tivanje Kolektivnog ugovora i odre\u0111enih stavki Sporazuma s Kantonalnom vladom kojim su u januaru zaustavljene pripremne aktivnosti za generalni \u0161trajk.<\/p>\n<p>&#8220;Nedopustivo je da se akti koji se ti\u010du radnika koje mi zastupamo, donose bez barem konsultacija sa sindikatima. Na skup\u0161tinsku proceduru su upu\u0107eni prijedlozi o izmjenama i dopunama zakona o osnovnom i srednjem obrazovanju, da sindikati uop\u0161te nisu s tim upoznati. Nacrt koji je usagla\u0161en sa sindikatima, stavljen je van procedure i vra\u0107en na po\u010detak. Tako se naprimjer daje ovlast ministru obrazovanja USK da mijenja i imenuje upravne \u0161kolske odbore, a da se prethodno ne mora ni konsultovati ni s kim. Sli\u010dna je situacija i kod dono\u0161enja Pravilnika o tehnolo\u0161kom vi\u0161ku&#8221;, rekla je predsjednica Sindikata pred\u0161kolskog i osnovnog obrazovanja USK Zehra Had\u017ei\u0107.<\/p>\n<p>Predsjednik Sindikata srednjeg obrazovanja u ovom kantonu Samir Faji\u0107 najavio je ponovno pokretanje aktivnosti oko organizacije generalnog \u0161trajka.<\/p><\/div>\n<div><\/div>\n<div>Cio \u010dlanak mo\u017eete pogledati na sljede\u0107em <a href=\"https:\/\/www.klix.ba\/vijesti\/bih\/sindikati-obrazovanja-u-usk-nezadovoljni-i-ponovo-prijete-strajkom\/190423120\" target=\"_blank\" rel=\"noopener noreferrer\">linku<\/a>.<\/div>\n","protected":false},"excerpt":{"rendered":"<p>U prilogu je \u010dlanak koji smo preuzeli sa portala klix.ba Predstavnici sindikata pred\u0161kolskog, osnovnog i srednjeg obrazovanja u Unsko-sanskom kantonu (USK) na dana\u0161njoj su konferenciji za novinare izrazili nezadovoljstvo odnosom i pona\u0161anjem kantonalnog resornog&#46;&#46;&#46;<\/p>\n","protected":false},"author":1,"featured_media":327,"comment_status":"closed","ping_status":"closed","sticky":false,"template":"","format":"standard","meta":{"jetpack_post_was_ever_published":false,"_jetpack_newsletter_access":"","_jetpack_dont_email_post_to_subs":false,"_jetpack_newsletter_tier_id":0,"_jetpack_memberships_contains_paywalled_content":false,"_jetpack_memberships_contains_paid_content":false,"footnotes":"","jetpack_publicize_message":"","jetpack_publicize_feature_enabled":true,"jetpack_social_post_already_shared":true,"jetpack_social_options":{"image_generator_settings":{"template":"highway","default_image_id":0,"font":"","enabled":false},"version":2}},"categories":[1,18],"tags":[38,83],"class_list":["post-544","post","type-post","status-publish","format-standard","has-post-thumbnail","hentry","category-aktualnosti","category-dogadjaji","tag-strajk","tag-usk"],"jetpack_publicize_connections":[],"jetpack_featured_media_url":"https:\/\/www.ssvoonkbih.ba\/wp-content\/uploads\/2019\/04\/Strajk.jpg","jetpack_sharing_enabled":true,"jetpack_shortlink":"https:\/\/wp.me\/paRAHh-8M","_links":{"self":[{"href":"https:\/\/www.ssvoonkbih.ba\/index.php?rest_route=\/wp\/v2\/posts\/544","targetHints":{"allow":["GET"]}}],"collection":[{"href":"https:\/\/www.ssvoonkbih.ba\/index.php?rest_route=\/wp\/v2\/posts"}],"about":[{"href":"https:\/\/www.ssvoonkbih.ba\/index.php?rest_route=\/wp\/v2\/types\/post"}],"author":[{"embeddable":true,"href":"https:\/\/www.ssvoonkbih.ba\/index.php?rest_route=\/wp\/v2\/users\/1"}],"replies":[{"embeddable":true,"href":"https:\/\/www.ssvoonkbih.ba\/index.php?rest_route=%2Fwp%2Fv2%2Fcomments&post=544"}],"version-history":[{"count":1,"href":"https:\/\/www.ssvoonkbih.ba\/index.php?rest_route=\/wp\/v2\/posts\/544\/revisions"}],"predecessor-version":[{"id":545,"href":"https:\/\/www.ssvoonkbih.ba\/index.php?rest_route=\/wp\/v2\/posts\/544\/revisions\/545"}],"wp:featuredmedia":[{"embeddable":true,"href":"https:\/\/www.ssvoonkbih.ba\/index.php?rest_route=\/wp\/v2\/media\/327"}],"wp:attachment":[{"href":"https:\/\/www.ssvoonkbih.ba\/index.php?rest_route=%2Fwp%2Fv2%2Fmedia&parent=544"}],"wp:term":[{"taxonomy":"category","embeddable":true,"href":"https:\/\/www.ssvoonkbih.ba\/index.php?rest_route=%2Fwp%2Fv2%2Fcategories&post=544"},{"taxonomy":"post_tag","embeddable":true,"href":"https:\/\/www.ssvoonkbih.ba\/index.php?rest_route=%2Fwp%2Fv2%2Ftags&post=544"}],"curies":[{"name":"wp","href":"https:\/\/api.w.org\/{rel}","templated":true}]}}