{"id":688,"date":"2019-08-10T12:36:11","date_gmt":"2019-08-10T12:36:11","guid":{"rendered":"https:\/\/www.ssvoonkbih.ba\/?p=688"},"modified":"2020-07-29T21:42:03","modified_gmt":"2020-07-29T21:42:03","slug":"kurban-bajram-2019-godine","status":"publish","type":"post","link":"https:\/\/www.ssvoonkbih.ba\/?p=688","title":{"rendered":"Kurban-bajram 2019. godine"},"content":{"rendered":"<p><a href=\"https:\/\/www.ssvoonkbih.ba\/wp-content\/uploads\/2019\/08\/Kurban-bajram-2019.jpg\"><img loading=\"lazy\" decoding=\"async\" class=\"alignleft size-medium wp-image-689\" src=\"https:\/\/www.ssvoonkbih.ba\/wp-content\/uploads\/2019\/08\/Kurban-bajram-2019-300x140.jpg\" alt=\"\" width=\"300\" height=\"140\" srcset=\"https:\/\/www.ssvoonkbih.ba\/wp-content\/uploads\/2019\/08\/Kurban-bajram-2019-300x140.jpg 300w, https:\/\/www.ssvoonkbih.ba\/wp-content\/uploads\/2019\/08\/Kurban-bajram-2019-520x245.jpg 520w, https:\/\/www.ssvoonkbih.ba\/wp-content\/uploads\/2019\/08\/Kurban-bajram-2019.jpg 640w\" sizes=\"auto, (max-width: 300px) 100vw, 300px\" \/><\/a>Povodom nastupaju\u0107eg Kurban-bajrama, svim na\u0161im \u010dlanovima sindikata, njihovim porodicima, kao i ostalim gra\u0111anima Bosne i Hercegovine islamske vjeRoispovijesti upu\u0107ujemo iskrene \u010destitke sa \u017eeljom da ovaj praznik njihove domove ispuni sre\u0107om, beri\u0107etom i porodi\u010dnom toplinom.<\/p>\n<p>Predsjednik:<\/p>\n<p>Dr. Admir Terzi\u0107<\/p>\n","protected":false},"excerpt":{"rendered":"<p>Povodom nastupaju\u0107eg Kurban-bajrama, svim na\u0161im \u010dlanovima sindikata, njihovim porodicima, kao i ostalim gra\u0111anima Bosne i Hercegovine islamske vjeRoispovijesti upu\u0107ujemo iskrene \u010destitke sa \u017eeljom da ovaj praznik njihove domove ispuni sre\u0107om, beri\u0107etom i porodi\u010dnom toplinom.&#46;&#46;&#46;<\/p>\n","protected":false},"author":1,"featured_media":689,"comment_status":"closed","ping_status":"closed","sticky":false,"template":"","format":"standard","meta":{"jetpack_post_was_ever_published":false,"_jetpack_newsletter_access":"","_jetpack_dont_email_post_to_subs":false,"_jetpack_newsletter_tier_id":0,"_jetpack_memberships_contains_paywalled_content":false,"_jetpack_memberships_contains_paid_content":false,"footnotes":"","jetpack_publicize_message":"","jetpack_publicize_feature_enabled":true,"jetpack_social_post_already_shared":true,"jetpack_social_options":{"image_generator_settings":{"template":"highway","default_image_id":0,"font":"","enabled":false},"version":2}},"categories":[1,24],"tags":[98],"class_list":["post-688","post","type-post","status-publish","format-standard","has-post-thumbnail","hentry","category-aktualnosti","category-cestitke","tag-kurban-bajram"],"jetpack_publicize_connections":[],"jetpack_featured_media_url":"https:\/\/www.ssvoonkbih.ba\/wp-content\/uploads\/2019\/08\/Kurban-bajram-2019.jpg","jetpack_sharing_enabled":true,"jetpack_shortlink":"https:\/\/wp.me\/paRAHh-b6","_links":{"self":[{"href":"https:\/\/www.ssvoonkbih.ba\/index.php?rest_route=\/wp\/v2\/posts\/688","targetHints":{"allow":["GET"]}}],"collection":[{"href":"https:\/\/www.ssvoonkbih.ba\/index.php?rest_route=\/wp\/v2\/posts"}],"about":[{"href":"https:\/\/www.ssvoonkbih.ba\/index.php?rest_route=\/wp\/v2\/types\/post"}],"author":[{"embeddable":true,"href":"https:\/\/www.ssvoonkbih.ba\/index.php?rest_route=\/wp\/v2\/users\/1"}],"replies":[{"embeddable":true,"href":"https:\/\/www.ssvoonkbih.ba\/index.php?rest_route=%2Fwp%2Fv2%2Fcomments&post=688"}],"version-history":[{"count":2,"href":"https:\/\/www.ssvoonkbih.ba\/index.php?rest_route=\/wp\/v2\/posts\/688\/revisions"}],"predecessor-version":[{"id":984,"href":"https:\/\/www.ssvoonkbih.ba\/index.php?rest_route=\/wp\/v2\/posts\/688\/revisions\/984"}],"wp:featuredmedia":[{"embeddable":true,"href":"https:\/\/www.ssvoonkbih.ba\/index.php?rest_route=\/wp\/v2\/media\/689"}],"wp:attachment":[{"href":"https:\/\/www.ssvoonkbih.ba\/index.php?rest_route=%2Fwp%2Fv2%2Fmedia&parent=688"}],"wp:term":[{"taxonomy":"category","embeddable":true,"href":"https:\/\/www.ssvoonkbih.ba\/index.php?rest_route=%2Fwp%2Fv2%2Fcategories&post=688"},{"taxonomy":"post_tag","embeddable":true,"href":"https:\/\/www.ssvoonkbih.ba\/index.php?rest_route=%2Fwp%2Fv2%2Ftags&post=688"}],"curies":[{"name":"wp","href":"https:\/\/api.w.org\/{rel}","templated":true}]}}