{"id":718,"date":"2019-09-02T05:08:01","date_gmt":"2019-09-02T05:08:01","guid":{"rendered":"https:\/\/www.ssvoonkbih.ba\/?p=718"},"modified":"2019-09-02T05:08:01","modified_gmt":"2019-09-02T05:08:01","slug":"pocinje-nova-skolska-godina-ucenici-usk-a-zbog-strajka-ostaju-u-domovima","status":"publish","type":"post","link":"https:\/\/www.ssvoonkbih.ba\/?p=718","title":{"rendered":"Po\u010dinje nova \u0161kolska godina: U\u010denici USK-a zbog \u0161trajka ostaju u domovima"},"content":{"rendered":"<p><a href=\"https:\/\/www.ssvoonkbih.ba\/wp-content\/uploads\/2019\/09\/prvidanskole.jpg\"><img loading=\"lazy\" decoding=\"async\" class=\"alignleft size-medium wp-image-719\" src=\"https:\/\/www.ssvoonkbih.ba\/wp-content\/uploads\/2019\/09\/prvidanskole-300x149.jpg\" alt=\"\" width=\"300\" height=\"149\" srcset=\"https:\/\/www.ssvoonkbih.ba\/wp-content\/uploads\/2019\/09\/prvidanskole-300x149.jpg 300w, https:\/\/www.ssvoonkbih.ba\/wp-content\/uploads\/2019\/09\/prvidanskole-768x380.jpg 768w, https:\/\/www.ssvoonkbih.ba\/wp-content\/uploads\/2019\/09\/prvidanskole.jpg 800w\" sizes=\"auto, (max-width: 300px) 100vw, 300px\" \/><\/a>Nova \u0161kolska 2019\/2020. godina u osnovnim i srednjim \u0161kolama sutra po\u010dinje skoro u svim kantonima. Osim za u\u010denike zavr\u0161nih razreda osnovnih i srednjih \u0161kola, nastava na podru\u010dju Unsko-sanskog kantona (USK) sutra ne\u0107e po\u010deti. Prosvjetari stupaju u generalni \u0161trajk prema odluci \u0160trajka\u010dkog odbora Sindikata prosvjetnih radnika u tom kantonu.<\/p>\n<p>Iz Sindikata ka\u017eu da su razlozi za \u0161trajk mnogobrojni i da kantonalna Vlada nije po\u0161tovala kolektivni ugovor, odnosno da nije izjedna\u010dila osnovicu pla\u0107a prosvjetara sa ostalim bud\u017eetskim korisnicima.<\/p>\n<p>Predsjednik Sindikata srednjeg obrazovanja USK Samir Faji\u0107 rekao je da je Vlada USK dala prijedlog da osnovica dogovorena Kolektivnim ugovorom stupi na snagu od avgusta, ako se za to steknu uvjeti jer u Vladi ra\u010dunaju da \u0107e ve\u0107i broj ljudi ostati bez posla i da \u0107e time osigurati sredstva.<\/p>\n<p>Tako \u0107e 2. septembra u osam kantona u Federaciji Bosne i Hercegovine (KS, SBK, HNK, TK, BPK, Kanton 10, PK i ZDK) po\u010deti nastava dok 9. septembra u\u010denici u Zapadno-hercegova\u010dkom kantonu sjedaju u u\u010deni\u010dke klupe.<\/p>\n<p>Prenosi <a href=\"http:\/\/www.source.ba\/clanak\/BiH\/503241\/Pocinje-nova-skolska-godina--Ucenici-USK-a-zbog-strajka-ostaju-u-domovima\" target=\"_blank\" rel=\"noopener noreferrer\">Source.ba<\/a><\/p>\n","protected":false},"excerpt":{"rendered":"<p>Nova \u0161kolska 2019\/2020. godina u osnovnim i srednjim \u0161kolama sutra po\u010dinje skoro u svim kantonima. Osim za u\u010denike zavr\u0161nih razreda osnovnih i srednjih \u0161kola, nastava na podru\u010dju Unsko-sanskog kantona (USK) sutra ne\u0107e po\u010deti. Prosvjetari&#46;&#46;&#46;<\/p>\n","protected":false},"author":1,"featured_media":719,"comment_status":"closed","ping_status":"closed","sticky":false,"template":"","format":"standard","meta":{"jetpack_post_was_ever_published":false,"_jetpack_newsletter_access":"","_jetpack_dont_email_post_to_subs":false,"_jetpack_newsletter_tier_id":0,"_jetpack_memberships_contains_paywalled_content":false,"_jetpack_memberships_contains_paid_content":false,"footnotes":"","jetpack_publicize_message":"","jetpack_publicize_feature_enabled":true,"jetpack_social_post_already_shared":true,"jetpack_social_options":{"image_generator_settings":{"template":"highway","default_image_id":0,"font":"","enabled":false},"version":2}},"categories":[1,18],"tags":[99,100],"class_list":["post-718","post","type-post","status-publish","format-standard","has-post-thumbnail","hentry","category-aktualnosti","category-dogadjaji","tag-prvi-dan-skole","tag-srajk"],"jetpack_publicize_connections":[],"jetpack_featured_media_url":"https:\/\/www.ssvoonkbih.ba\/wp-content\/uploads\/2019\/09\/prvidanskole.jpg","jetpack_sharing_enabled":true,"jetpack_shortlink":"https:\/\/wp.me\/paRAHh-bA","_links":{"self":[{"href":"https:\/\/www.ssvoonkbih.ba\/index.php?rest_route=\/wp\/v2\/posts\/718","targetHints":{"allow":["GET"]}}],"collection":[{"href":"https:\/\/www.ssvoonkbih.ba\/index.php?rest_route=\/wp\/v2\/posts"}],"about":[{"href":"https:\/\/www.ssvoonkbih.ba\/index.php?rest_route=\/wp\/v2\/types\/post"}],"author":[{"embeddable":true,"href":"https:\/\/www.ssvoonkbih.ba\/index.php?rest_route=\/wp\/v2\/users\/1"}],"replies":[{"embeddable":true,"href":"https:\/\/www.ssvoonkbih.ba\/index.php?rest_route=%2Fwp%2Fv2%2Fcomments&post=718"}],"version-history":[{"count":1,"href":"https:\/\/www.ssvoonkbih.ba\/index.php?rest_route=\/wp\/v2\/posts\/718\/revisions"}],"predecessor-version":[{"id":720,"href":"https:\/\/www.ssvoonkbih.ba\/index.php?rest_route=\/wp\/v2\/posts\/718\/revisions\/720"}],"wp:featuredmedia":[{"embeddable":true,"href":"https:\/\/www.ssvoonkbih.ba\/index.php?rest_route=\/wp\/v2\/media\/719"}],"wp:attachment":[{"href":"https:\/\/www.ssvoonkbih.ba\/index.php?rest_route=%2Fwp%2Fv2%2Fmedia&parent=718"}],"wp:term":[{"taxonomy":"category","embeddable":true,"href":"https:\/\/www.ssvoonkbih.ba\/index.php?rest_route=%2Fwp%2Fv2%2Fcategories&post=718"},{"taxonomy":"post_tag","embeddable":true,"href":"https:\/\/www.ssvoonkbih.ba\/index.php?rest_route=%2Fwp%2Fv2%2Ftags&post=718"}],"curies":[{"name":"wp","href":"https:\/\/api.w.org\/{rel}","templated":true}]}}