{"id":722,"date":"2019-09-09T15:31:20","date_gmt":"2019-09-09T15:31:20","guid":{"rendered":"https:\/\/www.ssvoonkbih.ba\/?p=722"},"modified":"2019-09-09T15:31:20","modified_gmt":"2019-09-09T15:31:20","slug":"ucitelji-i-nastavnici-u-cijeloj-fbih-u-srijedu-ce-obustaviti-nastavu-na-30-minuta","status":"publish","type":"post","link":"https:\/\/www.ssvoonkbih.ba\/?p=722","title":{"rendered":"U\u010ditelji i nastavnici u cijeloj FBiH u srijedu \u0107e obustaviti nastavu na 30 minuta"},"content":{"rendered":"<div class=\"uvod uvod-clanka hidden-xs\"><strong>Prosvjetni radnici u vrti\u0107ima, osnovnim i srednjim \u0161kolama na podru\u010dju Federacije BiH u srijedu \u0107e odr\u017eati polusatni \u0161trajk upozorenja kako bi se solidarisali s kolegama iz Unsko-sanskog kantona koji su u generalnom \u0161trajku ve\u0107 drugu sedmicu.<\/strong><\/div>\n<div class=\"tekst clanak_vijesti\"><strong>Kako nam je rekao predsjednik Sindikata osnovnog odgoja i obrazovanja KS Saudin Sivro, \u0161trajk \u0107e biti odr\u017ean u terminu od 10:30 do 11 sati. \u010clanak preuzet sa portala <a href=\"https:\/\/www.klix.ba\/vijesti\/bih\/ucitelji-i-nastavnici-u-cijeloj-fbih-u-srijedu-ce-obustaviti-nastavu-na-30-minuta\/190909020\" target=\"_blank\" rel=\"noopener noreferrer\">Klix.ba.<\/a><\/strong><\/p>\n<p>&#8220;Poslali smo dopis Vladi i Skup\u0161tini KS da ih upozorimo na odr\u017eavanje \u0161trajka i da ih zamolilo da u\u010dine sve \u0161to mogu te apeluju na Vladu USK da udovolji minimalnom zahtjevu prosvjetnih radnika, a to je da budu ravnopravni jer dr\u017eavni slu\u017ebenici u USK imaju ve\u0107i koeficijent od prosvjetnih radnika&#8221;, rekao je Sivro.<\/p>\n<p>Ukoliko se ne do\u0111e do rje\u0161enja i Vlada USK ne odlu\u010di pregovarati s prosvjetnim radnicima, sindikati koji zastupaju prosvjetne radnike u FBiH \u0107e razmotriti opciju generalnog \u0161trajka na nivou cijele Federacije BiH.<\/p>\n<p>&#8220;Danas se to de\u0161ava u USK, a sutra se mo\u017ee desiti u bilo kojem kantonu&#8221;, naglasio je.<\/p>\n<p>Termin \u0161trajka je u vremenu velikih odmora tako da u\u010denici ne ispa\u0161taju, a u vrti\u0107ima \u0107e u tom periodu biti reducirane aktivnosti. Roditeljima je poru\u010dio da mogu biti mirni jer \u0107e djeca biti sigurna i zbrinuta.<\/p><\/div>\n<div><\/div>\n<div>Ostatak teksta na sljede\u0107em <a href=\"https:\/\/www.klix.ba\/vijesti\/bih\/ucitelji-i-nastavnici-u-cijeloj-fbih-u-srijedu-ce-obustaviti-nastavu-na-30-minuta\/190909020\" target=\"_blank\" rel=\"noopener noreferrer\">linku<\/a>.<\/div>\n","protected":false},"excerpt":{"rendered":"<p>Prosvjetni radnici u vrti\u0107ima, osnovnim i srednjim \u0161kolama na podru\u010dju Federacije BiH u srijedu \u0107e odr\u017eati polusatni \u0161trajk upozorenja kako bi se solidarisali s kolegama iz Unsko-sanskog kantona koji su u generalnom \u0161trajku ve\u0107&#46;&#46;&#46;<\/p>\n","protected":false},"author":1,"featured_media":327,"comment_status":"closed","ping_status":"closed","sticky":false,"template":"","format":"standard","meta":{"jetpack_post_was_ever_published":false,"_jetpack_newsletter_access":"","_jetpack_dont_email_post_to_subs":false,"_jetpack_newsletter_tier_id":0,"_jetpack_memberships_contains_paywalled_content":false,"_jetpack_memberships_contains_paid_content":false,"footnotes":"","jetpack_publicize_message":"","jetpack_publicize_feature_enabled":true,"jetpack_social_post_already_shared":true,"jetpack_social_options":{"image_generator_settings":{"template":"highway","default_image_id":0,"font":"","enabled":false},"version":2}},"categories":[1,18,25],"tags":[38],"class_list":["post-722","post","type-post","status-publish","format-standard","has-post-thumbnail","hentry","category-aktualnosti","category-dogadjaji","category-informacije","tag-strajk"],"jetpack_publicize_connections":[],"jetpack_featured_media_url":"https:\/\/www.ssvoonkbih.ba\/wp-content\/uploads\/2019\/04\/Strajk.jpg","jetpack_sharing_enabled":true,"jetpack_shortlink":"https:\/\/wp.me\/paRAHh-bE","_links":{"self":[{"href":"https:\/\/www.ssvoonkbih.ba\/index.php?rest_route=\/wp\/v2\/posts\/722","targetHints":{"allow":["GET"]}}],"collection":[{"href":"https:\/\/www.ssvoonkbih.ba\/index.php?rest_route=\/wp\/v2\/posts"}],"about":[{"href":"https:\/\/www.ssvoonkbih.ba\/index.php?rest_route=\/wp\/v2\/types\/post"}],"author":[{"embeddable":true,"href":"https:\/\/www.ssvoonkbih.ba\/index.php?rest_route=\/wp\/v2\/users\/1"}],"replies":[{"embeddable":true,"href":"https:\/\/www.ssvoonkbih.ba\/index.php?rest_route=%2Fwp%2Fv2%2Fcomments&post=722"}],"version-history":[{"count":1,"href":"https:\/\/www.ssvoonkbih.ba\/index.php?rest_route=\/wp\/v2\/posts\/722\/revisions"}],"predecessor-version":[{"id":723,"href":"https:\/\/www.ssvoonkbih.ba\/index.php?rest_route=\/wp\/v2\/posts\/722\/revisions\/723"}],"wp:featuredmedia":[{"embeddable":true,"href":"https:\/\/www.ssvoonkbih.ba\/index.php?rest_route=\/wp\/v2\/media\/327"}],"wp:attachment":[{"href":"https:\/\/www.ssvoonkbih.ba\/index.php?rest_route=%2Fwp%2Fv2%2Fmedia&parent=722"}],"wp:term":[{"taxonomy":"category","embeddable":true,"href":"https:\/\/www.ssvoonkbih.ba\/index.php?rest_route=%2Fwp%2Fv2%2Fcategories&post=722"},{"taxonomy":"post_tag","embeddable":true,"href":"https:\/\/www.ssvoonkbih.ba\/index.php?rest_route=%2Fwp%2Fv2%2Ftags&post=722"}],"curies":[{"name":"wp","href":"https:\/\/api.w.org\/{rel}","templated":true}]}}