{"id":727,"date":"2019-09-10T12:42:53","date_gmt":"2019-09-10T12:42:53","guid":{"rendered":"https:\/\/www.ssvoonkbih.ba\/?p=727"},"modified":"2019-09-10T17:35:27","modified_gmt":"2019-09-10T17:35:27","slug":"straj-upozorenja-solidarnosti-11-septembar-2019-godine","status":"publish","type":"post","link":"https:\/\/www.ssvoonkbih.ba\/?p=727","title":{"rendered":"\u0160trajk upozorenja-solidarnosti &#8211; 11. septembar 2019. godine"},"content":{"rendered":"<p><a href=\"https:\/\/www.ssvoonkbih.ba\/wp-content\/uploads\/2019\/04\/Strajk.jpg\"><img loading=\"lazy\" decoding=\"async\" class=\"alignleft size-medium wp-image-327\" src=\"https:\/\/www.ssvoonkbih.ba\/wp-content\/uploads\/2019\/04\/Strajk-300x177.jpg\" alt=\"\" width=\"300\" height=\"177\" srcset=\"https:\/\/www.ssvoonkbih.ba\/wp-content\/uploads\/2019\/04\/Strajk-300x177.jpg 300w, https:\/\/www.ssvoonkbih.ba\/wp-content\/uploads\/2019\/04\/Strajk-768x454.jpg 768w, https:\/\/www.ssvoonkbih.ba\/wp-content\/uploads\/2019\/04\/Strajk.jpg 800w\" sizes=\"auto, (max-width: 300px) 100vw, 300px\" \/><\/a>Na osnovu \u010dlana 2. Zakona o \u0161trajku (&#8220;Slu\u017ebene novine FBiH&#8221; br. 14\/00), \u010dlanova 30. i 101. stav 3. Statuta Sindikata srednjeg i visokog obrazovanja, odgoja, nauke i kulture BiH (u daljem tekstu SSVOONK BiH),. Pravila o \u0161trajku SSVOONK-a BiH, te Zaklju\u010dka sa sjednice Upravnog odbora SSVOONK-a BiH odr\u017eane 1. septembra 2019. godine, Upravni odbor SSVOONK BiH na svojoj \u010cetvrtoj sjednici donosi<\/p>\n<p style=\"text-align: center;\"><strong>ODLUKU <\/strong><br \/>\n<strong>o organizovanju i odr\u017eavanju Generalnog \u0161trajka upozorenja u svim srednjim \u0161kolama <\/strong><br \/>\n<strong>u Federaciji Bosne i Hercegovine<\/strong><\/p>\n<p>&nbsp;<\/p>\n<ol>\n<li>Ovom Odlukom se utvr\u0111uje, na\u010din organizovanja i odr\u017eavanja Generalnog \u0161trajka upozorenja u svim srednjim \u0161kolama na podru\u010dju Federacije Bosne i Hercegovine, kao i razlozi Sindikata srednjeg i visokog obrazovanja, odgoja, nauke i kulture BiH, zbog kojih se organizuje Generalni \u0161trajk upozorenja.<\/li>\n<li>Generalni \u0161trajk upozorenja \u0107e biti organizovan u <strong>srijedu, 11. septembra\/rujna 2019. godine, u periodu od 10:30 do 11:00 sati.<\/strong>\u00a0 Generalni \u0161trajk upozorenja \u0107e se odr\u017eati u svim sindikalnim organizacijama Sindikata srednjeg i visokog obrazovanja, odgoja, nauke i kulture BiH.<\/li>\n<li>Glavni razlog za organizovanje Generalnog \u0161trajka upozorenja jeste solidarnost i podr\u0161ka kolegama sa podru\u010dja Unsko-sanskog kantona koji su 2. septembra\/rujna 2019.godine stupili u peneraini \u0161trajk, a u cilju ostvarivanja sljede\u0107ih zahtjeva:\n<ul>\n<li>nepo\u0161tivanje potpisanog Kolektivnog ugovora i neispla\u0107ivanje pla\u0107a po osnovici koja je definisana i usvojena u septembru 2018.godine;<\/li>\n<li>neravnopravnog statusa prosvjetnih radnika sa ostalim radnicima koji plate primaju iz bzd\u017eeta Unsko-sanskog kantona;<\/li>\n<li>ka\u0161njenja u isplatama pla\u0107a i naknada za radnike zapsolene u obrazovanju na podru\u010dju Unsko-sanskog kantona;<\/li>\n<li>ignorantskog odnosa Vlade Unsko-sanskog kantona prema zahtjevima koje je pred njih postavio Kantonalni odbor SSVOONK Unsko-sanskog kantona.<\/li>\n<\/ul>\n<\/li>\n<li>Zadu\u017euju se predsjednici bntonainili\/\u017eupanijskih odbora na\u0161eg Sindikata da na osnovu ove Odluke donesu Odluku svog Kantonalnog odbora o organizaciji \u0161trajka upozorenja te istu zajedno sa Sporazumom o minimumu poslova koji se ne smiju prekidati za vrijeme trajanja \u0161trajaka i Upustvom za provo\u0111enje \u0161trajka upozorenja dostave predsjednicima sindikalnih organizacija na postupanje i realizaciju, poslodavcima i sredstvima javnog informisanja u<br \/>\nskladu sa Pravilima o \u0161trajku SSVOONK BiH.<\/li>\n<\/ol>\n<p>Cijela Odluka u <a href=\"https:\/\/drive.google.com\/open?id=1i70XvrNZXAvQjcj-USyj_4AuU6OsOxkH\" target=\"_blank\" rel=\"noopener noreferrer\">prilogu<\/a>.<\/p>\n<p>[google-drive-embed url=&#8221;https:\/\/drive.google.com\/file\/d\/1i70XvrNZXAvQjcj-USyj_4AuU6OsOxkH\/preview?usp=drivesdk&#8221; title=&#8221;Odluka o organizovanju i odr\u017eavanju Generalnog \u0161trajka upozorenja u svim \u0161kolama u FBiH &#8211; Septembar 2019.PDF&#8221; icon=&#8221;https:\/\/drive-thirdparty.googleusercontent.com\/16\/type\/application\/pdf&#8221; width=&#8221;100%&#8221; height=&#8221;1000&#8243; style=&#8221;embed&#8221;]<\/p>\n<p>&nbsp;<\/p>\n<p>&nbsp;<\/p>\n","protected":false},"excerpt":{"rendered":"<p>Na osnovu \u010dlana 2. Zakona o \u0161trajku (&#8220;Slu\u017ebene novine FBiH&#8221; br. 14\/00), \u010dlanova 30. i 101. stav 3. Statuta Sindikata srednjeg i visokog obrazovanja, odgoja, nauke i kulture BiH (u daljem tekstu SSVOONK BiH),.&#46;&#46;&#46;<\/p>\n","protected":false},"author":1,"featured_media":327,"comment_status":"closed","ping_status":"closed","sticky":false,"template":"","format":"standard","meta":{"jetpack_post_was_ever_published":false,"_jetpack_newsletter_access":"","_jetpack_dont_email_post_to_subs":false,"_jetpack_newsletter_tier_id":0,"_jetpack_memberships_contains_paywalled_content":false,"_jetpack_memberships_contains_paid_content":false,"footnotes":"","jetpack_publicize_message":"","jetpack_publicize_feature_enabled":true,"jetpack_social_post_already_shared":true,"jetpack_social_options":{"image_generator_settings":{"template":"highway","default_image_id":0,"font":"","enabled":false},"version":2}},"categories":[1,18,5,3],"tags":[64,38,101,46],"class_list":["post-727","post","type-post","status-publish","format-standard","has-post-thumbnail","hentry","category-aktualnosti","category-dogadjaji","category-dopisi","category-obavjestenja","tag-generalni-strajk","tag-strajk","tag-strajk-solidarnosti","tag-strajk-upozorenja"],"jetpack_publicize_connections":[],"jetpack_featured_media_url":"https:\/\/www.ssvoonkbih.ba\/wp-content\/uploads\/2019\/04\/Strajk.jpg","jetpack_sharing_enabled":true,"jetpack_shortlink":"https:\/\/wp.me\/paRAHh-bJ","_links":{"self":[{"href":"https:\/\/www.ssvoonkbih.ba\/index.php?rest_route=\/wp\/v2\/posts\/727","targetHints":{"allow":["GET"]}}],"collection":[{"href":"https:\/\/www.ssvoonkbih.ba\/index.php?rest_route=\/wp\/v2\/posts"}],"about":[{"href":"https:\/\/www.ssvoonkbih.ba\/index.php?rest_route=\/wp\/v2\/types\/post"}],"author":[{"embeddable":true,"href":"https:\/\/www.ssvoonkbih.ba\/index.php?rest_route=\/wp\/v2\/users\/1"}],"replies":[{"embeddable":true,"href":"https:\/\/www.ssvoonkbih.ba\/index.php?rest_route=%2Fwp%2Fv2%2Fcomments&post=727"}],"version-history":[{"count":7,"href":"https:\/\/www.ssvoonkbih.ba\/index.php?rest_route=\/wp\/v2\/posts\/727\/revisions"}],"predecessor-version":[{"id":735,"href":"https:\/\/www.ssvoonkbih.ba\/index.php?rest_route=\/wp\/v2\/posts\/727\/revisions\/735"}],"wp:featuredmedia":[{"embeddable":true,"href":"https:\/\/www.ssvoonkbih.ba\/index.php?rest_route=\/wp\/v2\/media\/327"}],"wp:attachment":[{"href":"https:\/\/www.ssvoonkbih.ba\/index.php?rest_route=%2Fwp%2Fv2%2Fmedia&parent=727"}],"wp:term":[{"taxonomy":"category","embeddable":true,"href":"https:\/\/www.ssvoonkbih.ba\/index.php?rest_route=%2Fwp%2Fv2%2Fcategories&post=727"},{"taxonomy":"post_tag","embeddable":true,"href":"https:\/\/www.ssvoonkbih.ba\/index.php?rest_route=%2Fwp%2Fv2%2Ftags&post=727"}],"curies":[{"name":"wp","href":"https:\/\/api.w.org\/{rel}","templated":true}]}}