{"id":740,"date":"2019-09-25T16:49:39","date_gmt":"2019-09-25T16:49:39","guid":{"rendered":"https:\/\/www.ssvoonkbih.ba\/?p=740"},"modified":"2019-10-08T12:10:21","modified_gmt":"2019-10-08T12:10:21","slug":"mladi-nastavnici-buducnost-profesije","status":"publish","type":"post","link":"https:\/\/www.ssvoonkbih.ba\/?p=740","title":{"rendered":"Mladi nastavnici &#8211; budu\u0107nost profesije"},"content":{"rendered":"<p><a href=\"https:\/\/www.ssvoonkbih.ba\/wp-content\/uploads\/2019\/09\/Plakat-Dan-nastavnika-2019.jpg\" target=\"_blank\" rel=\"noopener noreferrer\"><img loading=\"lazy\" decoding=\"async\" class=\"alignleft wp-image-742 size-medium\" src=\"https:\/\/www.ssvoonkbih.ba\/wp-content\/uploads\/2019\/09\/Plakat-Dan-nastavnika-2019-212x300.jpg\" alt=\"\" width=\"212\" height=\"300\" srcset=\"https:\/\/www.ssvoonkbih.ba\/wp-content\/uploads\/2019\/09\/Plakat-Dan-nastavnika-2019-212x300.jpg 212w, https:\/\/www.ssvoonkbih.ba\/wp-content\/uploads\/2019\/09\/Plakat-Dan-nastavnika-2019.jpg 433w\" sizes=\"auto, (max-width: 212px) 100vw, 212px\" \/><\/a>U ime Sindikata srednjeg i visokog obrazavanja, odgoja, nauke i kulture Bosne i Hercegovine, svim zaposlenim u ustanovama srednjeg i visokog obrazovanja,\u00a0osgoja,\u00a0nauke\u00a0i\u00a0kulture\u00a0\u010destitam,<\/p>\n<p>5. oktobar- Svjetski dan nastavnika, koji se ove godine\u00a0proslavlja\u00a0pod\u00a0motom:<\/p>\n<p><strong>,,MLADI NASTAVNICI : BUDU\u0106NOSTPROFESIJE\u201d<\/strong><\/p>\n<p>Po\u0161tovane kolege,<\/p>\n<p>Svjetski dan nastavnika, koji se obilje\u017eava 5.oktobra svake godine, ie va\u017ean doga\u0111aj za cjelokupnu obrazovnu zajednicu.To je i prilika da se proslavi profesija nastavnika i da se promovira Preporuka MOR\/UNESKO u vezi sa polo\u017eajem nastavnika (1966) kao i Preporurka UNESKO-a u vezi sa statusom obrazovnih radnika u visokom obrazovanju (1991), zajedno sa smjernicama MOR-a o dostojanstvenom radu obrazovnih radnika u pred\u0161kolskom obrazovanju (2014) ovi dokumenti definiraju me\u0111unarodne standarde obrazovne profesije.<\/p>\n<p>TEMA ovogodi\u0161njeg Svjetskog dana nastavnika je : <strong>Mladi nastavnici : Budu\u0107nost profesije<\/strong><\/p>\n<p>Ova tema nam pru\u017ea priliku da vrednujemo i odamo priznanje mladim nastavnicima i onima koji tek po\u010dinju, a zapravo i svim obrazovnim radnicima u svim nivoima obrazovanja.<\/p>\n<p>Budu\u0107i da 5. oktobar pada u subotu ove godine, svjetsko obilje\u017eavanje \u0107e se desiti u ponedjeljak 7. oktobra.Va\u0161 Sindikat mo\u017ee odabrati taj isti dan za obilje\u017eavanje, ili 5. oktobar ili petak 4. oktobar.<\/p>\n<p>EI podsti\u010de va\u0161 Sindikat da sara\u0111uje sa relevantnim obrazovnim vlastima, drugim sindikatima, Ministarstvom obrazovanja, drugim obrazovnim autoritetima, UNESKO, MOR, Civilnim drustvom i drugim partnerima pri obilje\u017eavanju ovogodisnjeg Svjetskog dana nastavnika.<\/p>\n<p>Glas nastavnika se mora \u010duti \u0161irom svijeta, a vlade se moraju podsjetiti na obavezu pobolj\u0161anja statusa obrazovne profesije osiguravanjem pune implementacije Preporuka UNESKO-a i MOR-a.<\/p>\n<p>Poster Svjetskog dana nastavnika i drugi materijali \u0107e vam biti na raspolaganje uskoro. Za ostale informacije ili ukoliko irnate pitanja slobodno kontaktirajte EI.<\/p>\n<p>Mi ra\u010dunamo na va\u0161e u\u010de\u0161\u0107e,kada podignemo glas zajedno mo\u017eemo izvr\u0161iti pritisak na vlade i me\u0111unarodnu zajednicu da oja\u010daumo nastavnike u gradnji odr\u017eivih i dernokratskih dru\u0161tava.<\/p>\n<p>U solidarnosti,<\/p>\n<p>Admir Terzi\u0107<\/p>\n<p>Plakat:<\/p>\n<p>[google-drive-embed url=&#8221;https:\/\/drive.google.com\/file\/d\/1iXUUUCXrmRjPFiU5x1JjNgMuGKcM6DMj\/preview?usp=drivesdk&#8221; title=&#8221;Plakat Dan nastavnika oktobar 2019.pdf&#8221; icon=&#8221;https:\/\/drive-thirdparty.googleusercontent.com\/16\/type\/application\/pdf&#8221; width=&#8221;100%&#8221; height=&#8221;1000&#8243; style=&#8221;embed&#8221;]<\/p>\n<p>\u010cestika:<\/p>\n<p>[google-drive-embed url=&#8221;https:\/\/drive.google.com\/file\/d\/12UBXkw1I_ZmU_0ZtuajL-wX2GNmGoKuK\/preview?usp=drivesdk&#8221; title=&#8221;Cestitka dan nastavnika oktobar 2019.pdf&#8221; icon=&#8221;https:\/\/drive-thirdparty.googleusercontent.com\/16\/type\/application\/pdf&#8221; width=&#8221;100%&#8221; height=&#8221;1000&#8243; style=&#8221;embed&#8221;]<\/p>\n","protected":false},"excerpt":{"rendered":"<p>U ime Sindikata srednjeg i visokog obrazavanja, odgoja, nauke i kulture Bosne i Hercegovine, svim zaposlenim u ustanovama srednjeg i visokog obrazovanja,\u00a0osgoja,\u00a0nauke\u00a0i\u00a0kulture\u00a0\u010destitam,<\/p>\n<p>5. oktobar- Svjetski dan nastavnika, koji se ove godine\u00a0proslavlja\u00a0pod\u00a0motom:<\/p>\n<p>,,MLADI NASTAVNICI : BUDU\u0106NOSTPROFESIJE\u201d<\/p>\n","protected":false},"author":1,"featured_media":349,"comment_status":"closed","ping_status":"closed","sticky":false,"template":"","format":"standard","meta":{"jetpack_post_was_ever_published":false,"_jetpack_newsletter_access":"","_jetpack_dont_email_post_to_subs":false,"_jetpack_newsletter_tier_id":0,"_jetpack_memberships_contains_paywalled_content":false,"_jetpack_memberships_contains_paid_content":false,"footnotes":"","jetpack_publicize_message":"","jetpack_publicize_feature_enabled":true,"jetpack_social_post_already_shared":true,"jetpack_social_options":{"image_generator_settings":{"template":"highway","default_image_id":0,"font":"","enabled":false},"version":2}},"categories":[1,24,18],"tags":[22,21,23],"class_list":["post-740","post","type-post","status-publish","format-standard","has-post-thumbnail","hentry","category-aktualnosti","category-cestitke","category-dogadjaji","tag-05-oktobar","tag-cestitka","tag-dan-nastavnika"],"jetpack_publicize_connections":[],"jetpack_featured_media_url":"https:\/\/www.ssvoonkbih.ba\/wp-content\/uploads\/2019\/04\/dan-nastavnika.jpg","jetpack_sharing_enabled":true,"jetpack_shortlink":"https:\/\/wp.me\/paRAHh-bW","_links":{"self":[{"href":"https:\/\/www.ssvoonkbih.ba\/index.php?rest_route=\/wp\/v2\/posts\/740","targetHints":{"allow":["GET"]}}],"collection":[{"href":"https:\/\/www.ssvoonkbih.ba\/index.php?rest_route=\/wp\/v2\/posts"}],"about":[{"href":"https:\/\/www.ssvoonkbih.ba\/index.php?rest_route=\/wp\/v2\/types\/post"}],"author":[{"embeddable":true,"href":"https:\/\/www.ssvoonkbih.ba\/index.php?rest_route=\/wp\/v2\/users\/1"}],"replies":[{"embeddable":true,"href":"https:\/\/www.ssvoonkbih.ba\/index.php?rest_route=%2Fwp%2Fv2%2Fcomments&post=740"}],"version-history":[{"count":5,"href":"https:\/\/www.ssvoonkbih.ba\/index.php?rest_route=\/wp\/v2\/posts\/740\/revisions"}],"predecessor-version":[{"id":762,"href":"https:\/\/www.ssvoonkbih.ba\/index.php?rest_route=\/wp\/v2\/posts\/740\/revisions\/762"}],"wp:featuredmedia":[{"embeddable":true,"href":"https:\/\/www.ssvoonkbih.ba\/index.php?rest_route=\/wp\/v2\/media\/349"}],"wp:attachment":[{"href":"https:\/\/www.ssvoonkbih.ba\/index.php?rest_route=%2Fwp%2Fv2%2Fmedia&parent=740"}],"wp:term":[{"taxonomy":"category","embeddable":true,"href":"https:\/\/www.ssvoonkbih.ba\/index.php?rest_route=%2Fwp%2Fv2%2Fcategories&post=740"},{"taxonomy":"post_tag","embeddable":true,"href":"https:\/\/www.ssvoonkbih.ba\/index.php?rest_route=%2Fwp%2Fv2%2Ftags&post=740"}],"curies":[{"name":"wp","href":"https:\/\/api.w.org\/{rel}","templated":true}]}}