{"id":852,"date":"2020-03-06T10:36:55","date_gmt":"2020-03-06T10:36:55","guid":{"rendered":"https:\/\/www.ssvoonkbih.ba\/?p=852"},"modified":"2020-03-06T10:37:01","modified_gmt":"2020-03-06T10:37:01","slug":"8-mart-dan-zena","status":"publish","type":"post","link":"https:\/\/www.ssvoonkbih.ba\/?p=852","title":{"rendered":"8. mart \u2013 Dan \u017eena"},"content":{"rendered":"\n<div class=\"wp-block-image\"><figure class=\"aligncenter size-large\"><img loading=\"lazy\" decoding=\"async\" width=\"277\" height=\"181\" src=\"https:\/\/www.ssvoonkbih.ba\/wp-content\/uploads\/2019\/04\/Dan-zena-2015.jpg\" alt=\"\" class=\"wp-image-415\"\/><figcaption>Sretan Dan \u017eena 8. mart!<\/figcaption><\/figure><\/div>\n\n\n\n<p>Svim kolegicama, \u010dlanicama na\u0161eg sindikata, kao i svim \u017eenama Bosne i Hercegovine, \u010destitamo 08. mart \u2013 Dan \u017eena!<\/p>\n\n\n\n<p>Predsjednik SSVOONKBiH-a<\/p>\n\n\n\n<p>Dr. Admir Terzi\u0107<\/p>\n","protected":false},"excerpt":{"rendered":"<p>Svim kolegicama, \u010dlanicama na\u0161eg sindikata, kao i svim \u017eenama Bosne i Hercegovine, \u010destitamo 08. mart \u2013 Dan \u017eena!<\/p>\n","protected":false},"author":1,"featured_media":309,"comment_status":"closed","ping_status":"closed","sticky":false,"template":"","format":"standard","meta":{"jetpack_post_was_ever_published":false,"_jetpack_newsletter_access":"","_jetpack_dont_email_post_to_subs":false,"_jetpack_newsletter_tier_id":0,"_jetpack_memberships_contains_paywalled_content":false,"_jetpack_memberships_contains_paid_content":false,"footnotes":"","jetpack_publicize_message":"","jetpack_publicize_feature_enabled":true,"jetpack_social_post_already_shared":true,"jetpack_social_options":{"image_generator_settings":{"template":"highway","default_image_id":0,"font":"","enabled":false},"version":2}},"categories":[1,24,18],"tags":[115,33],"class_list":["post-852","post","type-post","status-publish","format-standard","has-post-thumbnail","hentry","category-aktualnosti","category-cestitke","category-dogadjaji","tag-8-mart","tag-dan-zena"],"jetpack_publicize_connections":[],"jetpack_featured_media_url":"https:\/\/www.ssvoonkbih.ba\/wp-content\/uploads\/2019\/04\/dan-zena-8.mart_.jpg","jetpack_sharing_enabled":true,"jetpack_shortlink":"https:\/\/wp.me\/paRAHh-dK","_links":{"self":[{"href":"https:\/\/www.ssvoonkbih.ba\/index.php?rest_route=\/wp\/v2\/posts\/852","targetHints":{"allow":["GET"]}}],"collection":[{"href":"https:\/\/www.ssvoonkbih.ba\/index.php?rest_route=\/wp\/v2\/posts"}],"about":[{"href":"https:\/\/www.ssvoonkbih.ba\/index.php?rest_route=\/wp\/v2\/types\/post"}],"author":[{"embeddable":true,"href":"https:\/\/www.ssvoonkbih.ba\/index.php?rest_route=\/wp\/v2\/users\/1"}],"replies":[{"embeddable":true,"href":"https:\/\/www.ssvoonkbih.ba\/index.php?rest_route=%2Fwp%2Fv2%2Fcomments&post=852"}],"version-history":[{"count":1,"href":"https:\/\/www.ssvoonkbih.ba\/index.php?rest_route=\/wp\/v2\/posts\/852\/revisions"}],"predecessor-version":[{"id":853,"href":"https:\/\/www.ssvoonkbih.ba\/index.php?rest_route=\/wp\/v2\/posts\/852\/revisions\/853"}],"wp:featuredmedia":[{"embeddable":true,"href":"https:\/\/www.ssvoonkbih.ba\/index.php?rest_route=\/wp\/v2\/media\/309"}],"wp:attachment":[{"href":"https:\/\/www.ssvoonkbih.ba\/index.php?rest_route=%2Fwp%2Fv2%2Fmedia&parent=852"}],"wp:term":[{"taxonomy":"category","embeddable":true,"href":"https:\/\/www.ssvoonkbih.ba\/index.php?rest_route=%2Fwp%2Fv2%2Fcategories&post=852"},{"taxonomy":"post_tag","embeddable":true,"href":"https:\/\/www.ssvoonkbih.ba\/index.php?rest_route=%2Fwp%2Fv2%2Ftags&post=852"}],"curies":[{"name":"wp","href":"https:\/\/api.w.org\/{rel}","templated":true}]}}