{"id":910,"date":"2020-04-30T08:57:00","date_gmt":"2020-04-30T08:57:00","guid":{"rendered":"https:\/\/www.ssvoonkbih.ba\/?p=910"},"modified":"2020-04-30T12:05:42","modified_gmt":"2020-04-30T12:05:42","slug":"prvi-maj-praznik-rada-2020-godine","status":"publish","type":"post","link":"https:\/\/www.ssvoonkbih.ba\/?p=910","title":{"rendered":"Prvi maj \u2013 praznik rada 2020. godine"},"content":{"rendered":"\n<div class=\"wp-block-image\"><figure class=\"aligncenter size-large\"><img loading=\"lazy\" decoding=\"async\" width=\"1020\" height=\"426\" src=\"https:\/\/www.ssvoonkbih.ba\/wp-content\/uploads\/2019\/04\/prvi-maj-praznik-rada2.jpg\" alt=\"\" class=\"wp-image-587\" srcset=\"https:\/\/www.ssvoonkbih.ba\/wp-content\/uploads\/2019\/04\/prvi-maj-praznik-rada2.jpg 1020w, https:\/\/www.ssvoonkbih.ba\/wp-content\/uploads\/2019\/04\/prvi-maj-praznik-rada2-300x125.jpg 300w, https:\/\/www.ssvoonkbih.ba\/wp-content\/uploads\/2019\/04\/prvi-maj-praznik-rada2-768x321.jpg 768w\" sizes=\"auto, (max-width: 1020px) 100vw, 1020px\" \/><figcaption>Prvi maj &#8211; Praznik rada<\/figcaption><\/figure><\/div>\n\n\n\n<p><strong>U ime Sindikata srednjeg i visokog obrazovanja, odgoja, nauke i kulture Bosne i Hercegovine,<\/strong><strong><\/strong><\/p>\n\n\n\n<p><strong>&nbsp;i u svoje li\u010dno ime \u017eelim <\/strong><strong><\/strong><\/p>\n\n\n\n<p><strong>vam sretan 1. maj &#8211; Me\u0111unarodni praznik rada<\/strong><strong><\/strong><\/p>\n\n\n\n<p><strong>dr.sc Admir Terzi\u0107, predsjednik<\/strong><\/p>\n\n\n\n<p><\/p>\n\n\n\n<p class=\"wp-block-gdm-google-drive-embedder-viewer\">[google-drive-embed url=&#8221;https:\/\/drive.google.com\/a\/ssskskola.edu.ba\/file\/d\/1OMHy_VHFZ3wbmOMCMCsYU-tetzG5iCv4\/preview?usp=drivesdk&#8221; title=&#8221;Prvi_maj_\u010destitka.pdf&#8221; icon=&#8221;https:\/\/drive-thirdparty.googleusercontent.com\/16\/type\/application\/pdf&#8221; width=&#8221;100%&#8221; height=&#8221;1000&#8243; style=&#8221;embed&#8221;]<\/p>\n","protected":false},"excerpt":{"rendered":"<p>Koristimo priliku da svim radnicima i radnicama, \u010dlanovima\/\u010dlanicama sindikata, kao i svim gra\u0111anima Bosne i Hercegovine \u010destitamo 1. maj Praznik rada.<\/p>\n","protected":false},"author":1,"featured_media":587,"comment_status":"closed","ping_status":"closed","sticky":false,"template":"","format":"standard","meta":{"jetpack_post_was_ever_published":false,"_jetpack_newsletter_access":"","_jetpack_dont_email_post_to_subs":false,"_jetpack_newsletter_tier_id":0,"_jetpack_memberships_contains_paywalled_content":false,"_jetpack_memberships_contains_paid_content":false,"footnotes":"","jetpack_publicize_message":"","jetpack_publicize_feature_enabled":true,"jetpack_social_post_already_shared":true,"jetpack_social_options":{"image_generator_settings":{"template":"highway","default_image_id":0,"font":"","enabled":false},"version":2}},"categories":[1,24],"tags":[],"class_list":["post-910","post","type-post","status-publish","format-standard","has-post-thumbnail","hentry","category-aktualnosti","category-cestitke"],"jetpack_publicize_connections":[],"jetpack_featured_media_url":"https:\/\/www.ssvoonkbih.ba\/wp-content\/uploads\/2019\/04\/prvi-maj-praznik-rada2.jpg","jetpack_sharing_enabled":true,"jetpack_shortlink":"https:\/\/wp.me\/paRAHh-eG","_links":{"self":[{"href":"https:\/\/www.ssvoonkbih.ba\/index.php?rest_route=\/wp\/v2\/posts\/910","targetHints":{"allow":["GET"]}}],"collection":[{"href":"https:\/\/www.ssvoonkbih.ba\/index.php?rest_route=\/wp\/v2\/posts"}],"about":[{"href":"https:\/\/www.ssvoonkbih.ba\/index.php?rest_route=\/wp\/v2\/types\/post"}],"author":[{"embeddable":true,"href":"https:\/\/www.ssvoonkbih.ba\/index.php?rest_route=\/wp\/v2\/users\/1"}],"replies":[{"embeddable":true,"href":"https:\/\/www.ssvoonkbih.ba\/index.php?rest_route=%2Fwp%2Fv2%2Fcomments&post=910"}],"version-history":[{"count":3,"href":"https:\/\/www.ssvoonkbih.ba\/index.php?rest_route=\/wp\/v2\/posts\/910\/revisions"}],"predecessor-version":[{"id":913,"href":"https:\/\/www.ssvoonkbih.ba\/index.php?rest_route=\/wp\/v2\/posts\/910\/revisions\/913"}],"wp:featuredmedia":[{"embeddable":true,"href":"https:\/\/www.ssvoonkbih.ba\/index.php?rest_route=\/wp\/v2\/media\/587"}],"wp:attachment":[{"href":"https:\/\/www.ssvoonkbih.ba\/index.php?rest_route=%2Fwp%2Fv2%2Fmedia&parent=910"}],"wp:term":[{"taxonomy":"category","embeddable":true,"href":"https:\/\/www.ssvoonkbih.ba\/index.php?rest_route=%2Fwp%2Fv2%2Fcategories&post=910"},{"taxonomy":"post_tag","embeddable":true,"href":"https:\/\/www.ssvoonkbih.ba\/index.php?rest_route=%2Fwp%2Fv2%2Ftags&post=910"}],"curies":[{"name":"wp","href":"https:\/\/api.w.org\/{rel}","templated":true}]}}